{"id":19841,"date":"2015-02-11T07:18:25","date_gmt":"2015-02-11T06:18:25","guid":{"rendered":"http:\/\/www.invarena.cz\/?p=19841"},"modified":"2015-02-11T07:18:25","modified_gmt":"2015-02-11T06:18:25","slug":"rumun-nevybiral-na-postizene-ale-pro-sebe","status":"publish","type":"post","link":"https:\/\/www.invarena.cz\/?p=19841","title":{"rendered":"Rumun nevyb\u00edral na posti\u017een\u00e9, ale pro sebe"},"content":{"rendered":"<p><strong>Sb\u00edrku pro nesly\u0161\u00edc\u00ed a t\u011blesn\u011b posti\u017een\u00e9 uspo\u0159\u00e1dal v p\u00e1tek odpoledne mladistv\u00fd Rumunv centru Plzn\u011b. <\/strong><strong>Samotn\u00e1 sb\u00edrka by byla pochvaln\u00fdm \u010dinem, to by v\u0161ak Rumun nesm\u011bl vyb\u00edrat pen\u00edze pro sebe.<\/strong> <!--more--><\/p>\n<p>Plze\u0148 \u2013 &#8222;Str\u00e1\u017en\u00edci dostali v p\u00e1tek odpoledne ozn\u00e1men\u00ed o tomto mladistv\u00e9m. Podle popisu ho rychle na\u0161li u obchodn\u00edho centra v Rad\u010dick\u00e9 ulici,&#8220; uvedla mluv\u010d\u00ed m\u011bstsk\u00e9 policie Jana Pu\u017emanov\u00e1. Rumun s sebou m\u011bl i pochybn\u00fd certifik\u00e1t, kter\u00fdm p\u0159edstavoval smy\u0161lenou sb\u00edrku lidem. &#8222;Ze sv\u00e9ho jedn\u00e1n\u00ed se bude zpov\u00eddat p\u0159estupkov\u00e9 komisi \u00daMO 3,&#8220; informovala mluv\u010d\u00ed.<\/p>\n<p>M\u011bstsk\u00e1 policie si v p\u00e1tek odpoledne do\u0161l\u00e1pla tak\u00e9 na dal\u0161\u00edho Rumuna. &#8222;Mu\u017e se vyd\u00e1val za sluchov\u011b posti\u017een\u00e9ho a nab\u00edzel \u0159idi\u010d\u016fm v\u016fn\u011b do auta, p\u0159i\u010dem\u017e dod\u00e1val, \u017ee nen\u00ed \u017eebr\u00e1kem,&#8220; \u0159ekla mluv\u010d\u00ed. Stejnou fintu zkou\u0161el 34let\u00fd mu\u017e na \u0159idi\u010de ji\u017e v pond\u011bl\u00ed odpoledne. &#8222;Ji\u017e v pond\u011bl\u00ed byla cel\u00e1 z\u00e1le\u017eitost p\u0159ed\u00e1na Policii \u010cesk\u00e9 republiky,&#8220; dodala mluv\u010d\u00ed.<\/p>\n<p>Tentokr\u00e1t si v\u0161ak pro mu\u017ee st\u00e1tn\u00ed policie rovnou p\u0159ijela.<\/p>\n<p>Plze\u0148sk\u00fd den\u00edk<\/p>\n","protected":false},"excerpt":{"rendered":"<div class=\"mh-excerpt\"><p>Sb\u00edrku pro nesly\u0161\u00edc\u00ed a t\u011blesn\u011b posti\u017een\u00e9 uspo\u0159\u00e1dal v p\u00e1tek odpoledne mladistv\u00fd Rumunv centru Plzn\u011b. Samotn\u00e1 sb\u00edrka by byla pochvaln\u00fdm \u010dinem, to by v\u0161ak Rumun nesm\u011bl <a class=\"mh-excerpt-more\" href=\"https:\/\/www.invarena.cz\/?p=19841\" title=\"Rumun nevyb\u00edral na posti\u017een\u00e9, ale pro sebe\">[&#8230;]<\/a><\/p>\n<\/div>","protected":false},"author":1,"featured_media":7832,"comment_status":"open","ping_status":"closed","sticky":false,"template":"","format":"standard","meta":{"footnotes":""},"categories":[9],"tags":[],"class_list":["post-19841","post","type-post","status-publish","format-standard","has-post-thumbnail","hentry","category-zpravy"],"_links":{"self":[{"href":"https:\/\/www.invarena.cz\/index.php?rest_route=\/wp\/v2\/posts\/19841","targetHints":{"allow":["GET"]}}],"collection":[{"href":"https:\/\/www.invarena.cz\/index.php?rest_route=\/wp\/v2\/posts"}],"about":[{"href":"https:\/\/www.invarena.cz\/index.php?rest_route=\/wp\/v2\/types\/post"}],"author":[{"embeddable":true,"href":"https:\/\/www.invarena.cz\/index.php?rest_route=\/wp\/v2\/users\/1"}],"replies":[{"embeddable":true,"href":"https:\/\/www.invarena.cz\/index.php?rest_route=%2Fwp%2Fv2%2Fcomments&post=19841"}],"version-history":[{"count":0,"href":"https:\/\/www.invarena.cz\/index.php?rest_route=\/wp\/v2\/posts\/19841\/revisions"}],"wp:featuredmedia":[{"embeddable":true,"href":"https:\/\/www.invarena.cz\/index.php?rest_route=\/wp\/v2\/media\/7832"}],"wp:attachment":[{"href":"https:\/\/www.invarena.cz\/index.php?rest_route=%2Fwp%2Fv2%2Fmedia&parent=19841"}],"wp:term":[{"taxonomy":"category","embeddable":true,"href":"https:\/\/www.invarena.cz\/index.php?rest_route=%2Fwp%2Fv2%2Fcategories&post=19841"},{"taxonomy":"post_tag","embeddable":true,"href":"https:\/\/www.invarena.cz\/index.php?rest_route=%2Fwp%2Fv2%2Ftags&post=19841"}],"curies":[{"name":"wp","href":"https:\/\/api.w.org\/{rel}","templated":true}]}}