{"id":19842,"date":"2015-02-10T09:49:26","date_gmt":"2015-02-10T08:49:26","guid":{"rendered":"http:\/\/www.invarena.cz\/?p=19842"},"modified":"2015-02-10T09:49:26","modified_gmt":"2015-02-10T08:49:26","slug":"letosni-chripkova-epidemie-v-cr-se-zrejme-blizi-vrcholu","status":"publish","type":"post","link":"https:\/\/www.invarena.cz\/?p=19842","title":{"rendered":"Leto\u0161n\u00ed ch\u0159ipkov\u00e1 epidemie v \u010cR se z\u0159ejm\u011b bl\u00ed\u017e\u00ed vrcholu"},"content":{"rendered":"<p><strong>Leto\u0161n\u00ed epidemie ch\u0159ipkov\u00fdch onemocn\u011bn\u00ed v \u010cesku se z\u0159ejm\u011b bl\u00ed\u017e\u00ed vrcholu. Akutn\u00edch respira\u010dn\u00edch infekc\u00ed p\u0159ibylo v uplynul\u00e9m t\u00fddnu ve v\u0161ech kraj\u00edch s v\u00fdjimkou Libereck\u00e9ho, kde nemocnost klesla.<\/strong> <!--more--><\/p>\n<p>Na Liberecku byly minul\u00fd t\u00fdden jarn\u00ed pr\u00e1zdniny. P\u0159\u00edpad\u016f ch\u0159ipky p\u0159ibylo na Zl\u00ednsku o 100 procent, na Olomoucku o 98,5 procenta a na Plze\u0148sku o 80,1 procenta. Hl\u00e1\u0161eno je 52 pacient\u016f s v\u00e1\u017en\u00fdm pr\u016fb\u011bhem ch\u0159ipky, z nich \u0161est zem\u0159elo, \u0159ekla dnes \u010cTK vedouc\u00ed n\u00e1rodn\u00ed referen\u010dn\u00ed laborato\u0159e pro ch\u0159ipku Martina Havl\u00ed\u010dkov\u00e1.<\/p>\n<p>&#8222;Je celoplo\u0161n\u00e1 epidemie, v\u0161ude to stoup\u00e1, na Liberecku byl m\u00edrn\u00fd pokles, ale v podstat\u011b vzestup je skoro unifikovan\u00fd ve v\u0161ech kraj\u00edch. Mysl\u00edm si, \u017ee bychom te\u010f, nebo za\u010d\u00e1tkem p\u0159\u00ed\u0161t\u00edho t\u00fddne m\u011bli dos\u00e1hnout vrcholu,&#8220; uvedla.<\/p>\n<p>Celkov\u00e1 nemocnost na akutn\u00ed infekce d\u00fdchac\u00edch cest stoupla v \u0161est\u00e9m kalend\u00e1\u0159n\u00edm t\u00fddnu o dev\u011bt procent, dos\u00e1hla 2020 p\u0159\u00edpad\u016f na 100.000 obyvatel. Nemocnost na ch\u0159ipku stoupla ve stejn\u00e9m t\u00fddnu o 57,1 procenta.<\/p>\n<p>Onemocn\u011bn\u00ed zp\u016fsobuje p\u0159ev\u00e1\u017en\u011b virus ch\u0159ipky A\/H3N2, jen okrajov\u011b typy B a A\/H1N1, naz\u00fdvan\u00fd d\u0159\u00edv prase\u010d\u00ed. &#8222;Tzv. prase\u010d\u00ed ch\u0159ipka je ji\u017e n\u011bkolik let cirkuluj\u00edc\u00ed subtyp A\/H1N1pdm, kter\u00fd v pandemick\u00e9 sez\u00f3n\u011b 2009\/2010 vyt\u011bsnil p\u0159edchoz\u00ed subtyp A\/H1N1. Nejedn\u00e1 se tedy o mimo\u0159\u00e1dnou situaci. Term\u00edn prase\u010d\u00ed ch\u0159ipka nem\u00e1 opodstatn\u011bn\u00ed, nen\u00ed odborn\u011b spr\u00e1vn\u00fd a nem\u011bl by se pou\u017e\u00edvat,&#8220; zd\u016fraznila Havl\u00ed\u010dkov\u00e1.<\/p>\n","protected":false},"excerpt":{"rendered":"<div class=\"mh-excerpt\"><p>Leto\u0161n\u00ed epidemie ch\u0159ipkov\u00fdch onemocn\u011bn\u00ed v \u010cesku se z\u0159ejm\u011b bl\u00ed\u017e\u00ed vrcholu. Akutn\u00edch respira\u010dn\u00edch infekc\u00ed p\u0159ibylo v uplynul\u00e9m t\u00fddnu ve v\u0161ech kraj\u00edch s v\u00fdjimkou Libereck\u00e9ho, kde nemocnost <a class=\"mh-excerpt-more\" href=\"https:\/\/www.invarena.cz\/?p=19842\" title=\"Leto\u0161n\u00ed ch\u0159ipkov\u00e1 epidemie v \u010cR se z\u0159ejm\u011b bl\u00ed\u017e\u00ed vrcholu\">[&#8230;]<\/a><\/p>\n<\/div>","protected":false},"author":1,"featured_media":0,"comment_status":"open","ping_status":"closed","sticky":false,"template":"","format":"standard","meta":{"footnotes":""},"categories":[9],"tags":[],"class_list":["post-19842","post","type-post","status-publish","format-standard","hentry","category-zpravy"],"_links":{"self":[{"href":"https:\/\/www.invarena.cz\/index.php?rest_route=\/wp\/v2\/posts\/19842","targetHints":{"allow":["GET"]}}],"collection":[{"href":"https:\/\/www.invarena.cz\/index.php?rest_route=\/wp\/v2\/posts"}],"about":[{"href":"https:\/\/www.invarena.cz\/index.php?rest_route=\/wp\/v2\/types\/post"}],"author":[{"embeddable":true,"href":"https:\/\/www.invarena.cz\/index.php?rest_route=\/wp\/v2\/users\/1"}],"replies":[{"embeddable":true,"href":"https:\/\/www.invarena.cz\/index.php?rest_route=%2Fwp%2Fv2%2Fcomments&post=19842"}],"version-history":[{"count":0,"href":"https:\/\/www.invarena.cz\/index.php?rest_route=\/wp\/v2\/posts\/19842\/revisions"}],"wp:attachment":[{"href":"https:\/\/www.invarena.cz\/index.php?rest_route=%2Fwp%2Fv2%2Fmedia&parent=19842"}],"wp:term":[{"taxonomy":"category","embeddable":true,"href":"https:\/\/www.invarena.cz\/index.php?rest_route=%2Fwp%2Fv2%2Fcategories&post=19842"},{"taxonomy":"post_tag","embeddable":true,"href":"https:\/\/www.invarena.cz\/index.php?rest_route=%2Fwp%2Fv2%2Ftags&post=19842"}],"curies":[{"name":"wp","href":"https:\/\/api.w.org\/{rel}","templated":true}]}}