{"id":19847,"date":"2015-02-12T08:32:00","date_gmt":"2015-02-12T07:32:00","guid":{"rendered":"http:\/\/www.invarena.cz\/?p=19847"},"modified":"2015-02-12T08:32:00","modified_gmt":"2015-02-12T07:32:00","slug":"mpsv-reaguje-na-zpravu-deniku-mf-dnes-tykajici-se-stezejnich-it-zakazek","status":"publish","type":"post","link":"https:\/\/www.invarena.cz\/?p=19847","title":{"rendered":"MPSV reaguje na zpr\u00e1vu den\u00edku MF Dnes t\u00fdkaj\u00edc\u00ed se st\u011b\u017eejn\u00edch IT zak\u00e1zek"},"content":{"rendered":"<p><strong>Ministerstvo pr\u00e1ce a soci\u00e1ln\u00edch v\u011bc\u00ed reaguje na \u010dl\u00e1nek MfD z 6. \u00fanora, kter\u00fd uvedl informace o st\u011b\u017eejn\u00edch IT zak\u00e1zk\u00e1ch v otev\u0159en\u00fdch sout\u011b\u017e\u00edch. Zad\u00e1n\u00ed obou zak\u00e1zek bylo podle n\u011bj v po\u0159\u00e1dku. <\/strong><br \/>\n<!--more--><\/p>\n<p>ilustra\u010dn\u00ed foto: PhotoRack.net<\/p>\n<p>Informa\u010dn\u00ed syst\u00e9my IS ZAM\u011aSTNANOST a IS SOCI\u00c1LN\u00cd D\u00c1VKY popt\u00e1van\u00e9 na z\u00e1klad\u011b dvou samostatn\u00fdch ve\u0159ejn\u00fdch zak\u00e1zek budou spole\u010dn\u011b s dal\u0161\u00edmi zak\u00e1zkami tvo\u0159it komplex ozna\u010dovan\u00fd jako \u201eJednotn\u00fd informa\u010dn\u00ed syst\u00e9m pr\u00e1ce a soci\u00e1ln\u00edch v\u011bc\u00ed (JISPSV)\u201c.<\/p>\n<p>JISPSV bude zalo\u017een na modern\u00edch principech IT architektury, e-governmentu a umo\u017e\u0148uj\u00edc\u00ed mj. pru\u017en\u00e9 a efektivn\u00ed reakce na velice \u010dast\u00e9 zm\u011bny legislativn\u00ed \u00fapravy, a to na rozd\u00edl od st\u00e1vaj\u00edc\u00edch syst\u00e9m\u016f, kter\u00e9 jsou s ohledem na pokro\u010dil\u00fd v\u011bk i v tomto ohledu ne zcela vyhovuj\u00edc\u00ed.<\/p>\n<p>Ministerstvo od nov\u00fdch syst\u00e9m\u016f JISPSV o\u010dek\u00e1v\u00e1 v\u00fdrazn\u00e9 provozn\u00ed \u00faspory a celkov\u011b v\u011bt\u0161\u00ed efektivitu \u010dinnosti \u00da\u0159adu pr\u00e1ce. V\u0161echny ve\u0159ejn\u00e9 zak\u00e1zky jsou na rozd\u00edl od minulosti sout\u011b\u017een\u00e9 v otev\u0159en\u00e9m zad\u00e1vac\u00edm \u0159\u00edzen\u00ed, p\u0159i\u010dem\u017e zad\u00e1vac\u00ed podm\u00ednky byly nastaveny tak, aby Ministerstvo z\u00edskalo co nejv\u00edce mo\u017en\u00fdch n\u00e1vrh\u016f \u0159e\u0161en\u00ed, z nich\u017e bude mo\u017en\u00e9 vybrat ty pro Ministerstvo nejv\u00fdhodn\u011bj\u0161\u00ed.<\/p>\n<p>P\u00e1te\u010dn\u00ed otev\u00edr\u00e1n\u00ed ob\u00e1lek s nab\u00eddkami na ve\u0159ejnou zak\u00e1zku \u201eJednotn\u00fd informa\u010dn\u00ed syst\u00e9m pr\u00e1ce a soci\u00e1ln\u00edch v\u011bc\u00ed \u2013 IS ZAM\u011aSTNANOST\u201c, do n\u00ed\u017e bylo pod\u00e1no celkem 6 nab\u00eddek, uk\u00e1zalo, \u017ee tato o\u010dek\u00e1v\u00e1n\u00ed v\u00fdrazn\u00fdch \u00faspor jsou re\u00e1ln\u00e1, kdy\u017e nejlevn\u011bj\u0161\u00ed nab\u00eddka obsahuje nab\u00eddkovou cenu odpov\u00eddaj\u00edc\u00ed cca 60 % ceny st\u00e1vaj\u00edc\u00edho poskytovatele, jeho\u017e nab\u00eddkov\u00e1 cena je naopak nejvy\u0161\u0161\u00ed. Potvrzuje se tak, \u017ee Ministerstvo nastavilo zad\u00e1vac\u00ed podm\u00ednky spr\u00e1vn\u011b a nediskrimina\u010dn\u011b.<\/p>\n<p>Co se t\u00fdk\u00e1 informa\u010dn\u00edch syst\u00e9m\u016f, \u010dl\u00e1nek MF Dnes navozuje dojem, \u017ee pokra\u010dujeme v praktik\u00e1ch minul\u00e9 vl\u00e1dy. V\u016f\u010di tomu se ale chce d\u016frazn\u011b ohradit. Zad\u00e1vac\u00ed podm\u00ednky jsou nestrann\u00e9 a umo\u017e\u0148uj\u00ed pou\u017eit\u00ed jak\u00e9hokoliv \u0159e\u0161en\u00ed, kdy\u017e po\u017eadov\u00e1na (zcela opr\u00e1vn\u011bn\u011b) je pouze kompatibilita s virtualiza\u010dn\u00ed platformou Microsoft Hyper-V, kterou Ministerstvo disponuje. Vyu\u017eit\u00ed ji\u017e existuj\u00edc\u00edch a vyu\u017eiteln\u00fdch technologick\u00fdch prost\u0159edk\u016f pova\u017euje Ministerstvo naopak za spr\u00e1vn\u00fd a hospod\u00e1rn\u00fd p\u0159\u00edstup. Ned\u016fvodnost v \u010dl\u00e1nku obsa\u017een\u00fdch obav a konstrukc\u00ed se uk\u00e1zala ji\u017e v p\u00e1tek (6. \u00fanora 2015) p\u0159i v\u00fd\u0161e zm\u00edn\u011bn\u00e9m otev\u00edr\u00e1n\u00ed ob\u00e1lek, kdy\u017e jak vypl\u00fdv\u00e1 ze zve\u0159ejn\u011bn\u00e9ho protokolu o otev\u00edr\u00e1n\u00ed ob\u00e1lek a v n\u011bm uveden\u00fdch nab\u00eddkov\u00fdch cen, jsou cenov\u00e9 parametry nab\u00eddek obou v \u010dl\u00e1nku zm\u00edn\u011bn\u00fdch spole\u010dnost\u00ed, tedy spole\u010dnosti OKsystem a.s. a V\u00cdTKOVICE IT SOLUTIONS a.s. t\u00e9m\u011b\u0159 shodn\u00e9. Tato skute\u010dnost je v p\u0159\u00edm\u00e9m kontrastu s nepodlo\u017een\u00fdmi konstrukcemi uveden\u00fdmi v \u010dl\u00e1nku, dle nich\u017e m\u011bla b\u00fdt nap\u0159\u00edklad spole\u010dnost V\u00cdTKOVICE IT SOLUTIONS a.s. nastaven\u00edm zad\u00e1vac\u00edch podm\u00ednek zv\u00fdhodn\u011bna a spole\u010dnost OKsystem a.s. naopak znev\u00fdhodn\u011bna. Ob\u011b nab\u00eddky pak obsahuj\u00ed vy\u0161\u0161\u00ed cenu ne\u017e je cenov\u00e1 nab\u00eddka jin\u00fdch uchaze\u010d\u016f.<\/p>\n<p>Bohu\u017eel zcela nep\u0159esn\u00e1 je i informace o \u00fadajn\u011b zakoupen\u00e9 serverov\u00e9 licenci na produkty spole\u010dnosti Microsoft, kter\u00e9 maj\u00ed st\u00e1t ladem. Ministerstvo \u017e\u00e1dn\u00fd takov\u00fd n\u00e1kup v lo\u0148sk\u00e9m roce neprovedlo, p\u0159i\u010dem\u017e \u201edokup\u201c (tzv. trueup) 1500 licenc\u00ed pro koncov\u00e9 u\u017eivatele na z\u00e1klad\u011b r\u00e1mcov\u00e9 smlouvy s Ministerstvem vnitra byl proveden na produkty MS Windows a Office pro koncov\u00e9 u\u017eivatele vyu\u017e\u00edvan\u00e9 v ka\u017edodenn\u00edm provozu Ministerstva. \u00da\u010del jejich po\u0159\u00edzen\u00ed tedy nem\u00e1 s ve\u0159ejn\u00fdmi zak\u00e1zkami na nov\u00e9 syst\u00e9my nic spole\u010dn\u00e9ho. Vyjedn\u00e1v\u00e1n\u00edm ze strany nov\u00e9ho veden\u00ed Ministerstva nav\u00edc do\u0161lo k prokazateln\u011b vyjednan\u00e9 \u00faspo\u0159e 20 % oproti cen\u00e1m, za kter\u00e9 cht\u011blo tento \u201edokup\u201c licenc\u00ed prov\u00e9st p\u0159edchoz\u00ed veden\u00ed.<\/p>\n<p>Nelze proto \u010dinnost sou\u010dasn\u00e9ho veden\u00ed Ministerstva srovn\u00e1vat s praktikami p\u0159edch\u016fdc\u016f, kdy\u017e se sou\u010dasn\u00e9 veden\u00ed MPSV vydalo striktn\u011b cestou z\u00e1kona, maxim\u00e1ln\u00ed transparentnosti a ukon\u010den\u00ed nesout\u011b\u017en\u00edho prost\u0159ed\u00ed v oblasti IT dod\u00e1vek a IT slu\u017eeb pro ministerstvo. Vyj\u00e1d\u0159en\u00ed b\u00fdval\u00e9ho n\u00e1m\u011bstka pro IT, pana Olega Bla\u0161ka, jeho\u017e p\u016fsoben\u00ed na Ministerstvu (zejm\u00e9na pak proveden\u00ed jednac\u00edho \u0159\u00edzen\u00ed bez uve\u0159ejn\u011bn\u00ed se spole\u010dnost\u00ed GORDIC spol. s r.o. a obejit\u00ed legislativn\u00edch pravidel je p\u0159edm\u011btem \u0161et\u0159en\u00ed \u00da\u0159adu pro ochranu hospod\u00e1\u0159sk\u00e9 sout\u011b\u017ee a org\u00e1n\u016f \u010dinn\u00fdch v trestn\u00edm \u0159\u00edzen\u00ed) pova\u017eujeme za zcela absurdn\u00ed.<\/p>\n<p>Cht\u011bli bychom informovat ve\u0159ejnost, \u017ee autorka \u010dl\u00e1nku \u0161\u00ed\u0159\u00ed \u010d\u00e1sti zad\u00e1vac\u00ed dokumentace chr\u00e1n\u011bn\u00e9 Dohodami o ochran\u011b d\u016fv\u011brn\u00fdch informac\u00ed a obsahuj\u00edc\u00ed informace, jejich\u017e uve\u0159ejn\u011bn\u00ed by mohlo zp\u016fsobit v\u00e1\u017en\u00e9 bezpe\u010dnostn\u00ed probl\u00e9my pro IT Ministerstva a \u00da\u0159adu pr\u00e1ce. Ministerstvo v t\u00e9to chv\u00edli zva\u017euje v souvislosti s v\u00fd\u0161e uveden\u00fdm mo\u017en\u00e9 pr\u00e1vn\u00ed kroky, mj. pod\u00e1n\u00ed trestn\u00edho ozn\u00e1men\u00ed.<\/p>\n<p>tiskov\u00e9 odd\u011blen\u00ed MPSV<\/p>\n","protected":false},"excerpt":{"rendered":"<div class=\"mh-excerpt\"><p>Ministerstvo pr\u00e1ce a soci\u00e1ln\u00edch v\u011bc\u00ed reaguje na \u010dl\u00e1nek MfD z 6. \u00fanora, kter\u00fd uvedl informace o st\u011b\u017eejn\u00edch IT zak\u00e1zk\u00e1ch v otev\u0159en\u00fdch sout\u011b\u017e\u00edch. Zad\u00e1n\u00ed obou zak\u00e1zek <a class=\"mh-excerpt-more\" href=\"https:\/\/www.invarena.cz\/?p=19847\" title=\"MPSV reaguje na zpr\u00e1vu den\u00edku MF Dnes t\u00fdkaj\u00edc\u00ed se st\u011b\u017eejn\u00edch IT zak\u00e1zek\">[&#8230;]<\/a><\/p>\n<\/div>","protected":false},"author":1,"featured_media":17230,"comment_status":"open","ping_status":"closed","sticky":false,"template":"","format":"standard","meta":{"footnotes":""},"categories":[7],"tags":[],"class_list":["post-19847","post","type-post","status-publish","format-standard","has-post-thumbnail","hentry","category-spolecnost"],"_links":{"self":[{"href":"https:\/\/www.invarena.cz\/index.php?rest_route=\/wp\/v2\/posts\/19847","targetHints":{"allow":["GET"]}}],"collection":[{"href":"https:\/\/www.invarena.cz\/index.php?rest_route=\/wp\/v2\/posts"}],"about":[{"href":"https:\/\/www.invarena.cz\/index.php?rest_route=\/wp\/v2\/types\/post"}],"author":[{"embeddable":true,"href":"https:\/\/www.invarena.cz\/index.php?rest_route=\/wp\/v2\/users\/1"}],"replies":[{"embeddable":true,"href":"https:\/\/www.invarena.cz\/index.php?rest_route=%2Fwp%2Fv2%2Fcomments&post=19847"}],"version-history":[{"count":0,"href":"https:\/\/www.invarena.cz\/index.php?rest_route=\/wp\/v2\/posts\/19847\/revisions"}],"wp:featuredmedia":[{"embeddable":true,"href":"https:\/\/www.invarena.cz\/index.php?rest_route=\/wp\/v2\/media\/17230"}],"wp:attachment":[{"href":"https:\/\/www.invarena.cz\/index.php?rest_route=%2Fwp%2Fv2%2Fmedia&parent=19847"}],"wp:term":[{"taxonomy":"category","embeddable":true,"href":"https:\/\/www.invarena.cz\/index.php?rest_route=%2Fwp%2Fv2%2Fcategories&post=19847"},{"taxonomy":"post_tag","embeddable":true,"href":"https:\/\/www.invarena.cz\/index.php?rest_route=%2Fwp%2Fv2%2Ftags&post=19847"}],"curies":[{"name":"wp","href":"https:\/\/api.w.org\/{rel}","templated":true}]}}