{"id":19856,"date":"2015-02-11T07:03:48","date_gmt":"2015-02-11T06:03:48","guid":{"rendered":"http:\/\/www.invarena.cz\/?p=19856"},"modified":"2015-02-11T07:03:48","modified_gmt":"2015-02-11T06:03:48","slug":"odstavka-elektriny-omezi-v-sobotu-provoz-pardubicke-nemocnice","status":"publish","type":"post","link":"https:\/\/www.invarena.cz\/?p=19856","title":{"rendered":"Odst\u00e1vka elekt\u0159iny omez\u00ed v sobotu provoz pardubick\u00e9 nemocnice"},"content":{"rendered":"<p><strong>Kv\u016fli p\u0159ipojov\u00e1n\u00ed nov\u00e9ho multioborov\u00e9ho pavilonu je na sobotu od 8:00 do 16:00 v cel\u00e9m are\u00e1lu krajsk\u00e9 nemocnice v Pardubic\u00edch napl\u00e1nov\u00e1na odst\u00e1vka elektrick\u00e9 energie. <\/strong><!--more--><\/p>\n<p>Dod\u00e1vku elekt\u0159iny zajist\u00ed n\u00e1hradn\u00ed diesel agreg\u00e1ty, p\u0159esto bude provoz zdravotnick\u00e9ho za\u0159\u00edzen\u00ed z\u010d\u00e1sti omezen.<\/p>\n<p>    Po dobu odst\u00e1vky budou zastaveny p\u0159\u00edjmy nemocn\u00fdch do superspecializovan\u00e9 p\u00e9\u010de iktov\u00e9 centra a kardiocentra. Z\u00e1chrann\u00e1 slu\u017eba bude pacienty vozit do jin\u00fdch zdravotnick\u00fdch za\u0159\u00edzen\u00ed. Nebudou fungovat pracovi\u0161t\u011b onkologick\u00e9ho centra Multiscan, dialyza\u010dn\u00ed pracovi\u0161t\u011b FreseniusMedical Care a centrum hyperbarick\u00e9 medic\u00edny. Nebude tak\u00e9 mo\u017en\u00e9 d\u011blat n\u011bkter\u00e1 vy\u0161et\u0159en\u00ed, nap\u0159\u00edklad po\u010d\u00edta\u010dovou tomografii, angiografii, skiagrafii a skiaskopii a magnetickou rezonanci. Opera\u010dn\u00ed s\u00e1ly a interven\u010dn\u00ed pracovi\u0161t\u011b budou v dob\u011b odst\u00e1vky vyu\u017eity pouze v akutn\u00edch, \u017eivot ohro\u017euj\u00edc\u00edch stavech.<\/p>\n<p>    Do\u010dasn\u011b se zm\u011bn\u00ed i um\u00edst\u011bn\u00ed \u010d\u00e1sti ambulantn\u00edch pracovi\u0161\u0165. Jinde bude v dob\u011b odst\u00e1vky l\u00e9ka\u0159sk\u00e1 pohotovost pro d\u011bti a dorost, zubn\u00ed pohotovost, ambulance odd\u011blen\u00ed plicn\u00edch nemoc\u00ed a tuberkul\u00f3zy a p\u0159\u00edjmov\u00e1 ambulance psychiatrick\u00e9ho odd\u011blen\u00ed. P\u0159esn\u00fd rozpis zm\u011bn je zve\u0159ejn\u011bn na webu nemocnice.<br \/>\n    &#8222;Pros\u00edme ve\u0159ejnost, aby v dob\u011b odst\u00e1vky elektrick\u00e9 energie omezila cestu do Pardubick\u00e9 nemocnice a l\u00e9ka\u0159skou p\u00e9\u010di vyhledala jen v nejnutn\u011bj\u0161\u00edch p\u0159\u00edpadech,&#8220; uvedl  mluv\u010d\u00ed spole\u010dnosti Nemocnice Pardubick\u00e9ho kraje Du\u0161an Korel. <\/p>\n","protected":false},"excerpt":{"rendered":"<div class=\"mh-excerpt\"><p>Kv\u016fli p\u0159ipojov\u00e1n\u00ed nov\u00e9ho multioborov\u00e9ho pavilonu je na sobotu od 8:00 do 16:00 v cel\u00e9m are\u00e1lu krajsk\u00e9 nemocnice v Pardubic\u00edch napl\u00e1nov\u00e1na odst\u00e1vka elektrick\u00e9 energie.<\/p>\n<\/div>","protected":false},"author":1,"featured_media":0,"comment_status":"open","ping_status":"closed","sticky":false,"template":"","format":"standard","meta":{"footnotes":""},"categories":[9],"tags":[],"class_list":["post-19856","post","type-post","status-publish","format-standard","hentry","category-zpravy"],"_links":{"self":[{"href":"https:\/\/www.invarena.cz\/index.php?rest_route=\/wp\/v2\/posts\/19856","targetHints":{"allow":["GET"]}}],"collection":[{"href":"https:\/\/www.invarena.cz\/index.php?rest_route=\/wp\/v2\/posts"}],"about":[{"href":"https:\/\/www.invarena.cz\/index.php?rest_route=\/wp\/v2\/types\/post"}],"author":[{"embeddable":true,"href":"https:\/\/www.invarena.cz\/index.php?rest_route=\/wp\/v2\/users\/1"}],"replies":[{"embeddable":true,"href":"https:\/\/www.invarena.cz\/index.php?rest_route=%2Fwp%2Fv2%2Fcomments&post=19856"}],"version-history":[{"count":0,"href":"https:\/\/www.invarena.cz\/index.php?rest_route=\/wp\/v2\/posts\/19856\/revisions"}],"wp:attachment":[{"href":"https:\/\/www.invarena.cz\/index.php?rest_route=%2Fwp%2Fv2%2Fmedia&parent=19856"}],"wp:term":[{"taxonomy":"category","embeddable":true,"href":"https:\/\/www.invarena.cz\/index.php?rest_route=%2Fwp%2Fv2%2Fcategories&post=19856"},{"taxonomy":"post_tag","embeddable":true,"href":"https:\/\/www.invarena.cz\/index.php?rest_route=%2Fwp%2Fv2%2Ftags&post=19856"}],"curies":[{"name":"wp","href":"https:\/\/api.w.org\/{rel}","templated":true}]}}