{"id":19863,"date":"2015-02-14T08:14:57","date_gmt":"2015-02-14T07:14:57","guid":{"rendered":"http:\/\/www.invarena.cz\/?p=19863"},"modified":"2015-02-14T08:14:57","modified_gmt":"2015-02-14T07:14:57","slug":"dreveny-orel-nemocnym-detem-prinesl-v-aukci-200-tisic-korun","status":"publish","type":"post","link":"https:\/\/www.invarena.cz\/?p=19863","title":{"rendered":"D\u0159ev\u011bn\u00fd orel nemocn\u00fdm d\u011btem p\u0159inesl v aukci 200 tis\u00edc korun"},"content":{"rendered":"<p><strong>Rekordn\u00ed \u010d\u00e1stku vydra\u017eili organiz\u00e1to\u0159i lednov\u00e9ho Plesu jako Brno na aukci, kter\u00e1 byla jeho sou\u010d\u00e1st\u00ed. Nada\u010dn\u00ed fond pro d\u011btsk\u00fd \u00fasm\u011bv od nich z\u00edskal 430 tis\u00edc korun. &#8222;To je o 150 tis\u00edc v\u00edc, ne\u017e loni. P\u0159ekvapilo n\u00e1s to,&#8220; informovala v\u010dera \u0159editelka fondu Alice Tobi\u00e1\u0161ov\u00e1.<\/strong><!--more--><\/p>\n<p>Pen\u00edze z aukce si rozd\u011bl\u00ed p\u011bt posti\u017een\u00fdch d\u011bt\u00ed, kter\u00e9 u\u017e p\u0159ed plesem vybrali organiz\u00e1to\u0159i.<\/p>\n<p>\u0160ek na 86 200 korun dostal od patronky nada\u010dn\u00edho fondu modelky Jitky V\u00e1lkov\u00e9 i desetilet\u00fd Mat\u011bj Hejduk. Kv\u016fli d\u011btsk\u00e9 obrn\u011b se pohybuje jen na voz\u00edku. &#8222;Moc se t\u011b\u0161\u00edm na nov\u00fd mechanick\u00fd voz\u00edk. Mamka se o m\u011b alespo\u0148 nebude muset tak starat,&#8220; uvedl chlapec.<\/p>\n<p>Rodi\u010d\u016fm pen\u00edze pomohou i s rekonstrukc\u00ed v rodinn\u00e9m dom\u011b. &#8222;Pokryje to \u010d\u00e1st n\u00e1klad\u016f na schodi\u0161\u0165ovou plo\u0161inu. Ta je velmi drah\u00e1,&#8220; vysv\u011btlila Mat\u011bjova matka Dagmar.<\/p>\n<p>Nejv\u00edce pen\u011bz pro fond p\u0159inesla v aukci dra\u017eba d\u0159ev\u011bn\u00e9 sochy orla. Vytvo\u0159il ji dvojn\u00e1sobn\u00fd mistr sv\u011bta ve sportovn\u00edm d\u0159evorubectv\u00ed Martin Kom\u00e1rek. &#8222;Jsem r\u00e1d, \u017ee po takov\u00e9 dob\u011b kdy se \u017eiv\u00edm d\u0159evorubectv\u00edm, m\u00e1 pr\u00e1ce i pom\u00e1h\u00e1,&#8220; byl spokojen\u00fd Kom\u00e1rek.<\/p>\n<p>Dv\u011b st\u011b tis\u00edc korun za orla utratil Julius Pr\u00fcger. &#8222;M\u00e1m od Kom\u00e1rka doma u\u017e n\u011bkolik soch. Dozajista by mi orla vytvo\u0159il na objedn\u00e1vku. Takhle jsem m\u011bl ale mo\u017enost pomoci nemocn\u00fdm d\u011btem a jsem za to r\u00e1d,&#8220; tvrd\u00ed Pr\u00fcger.<\/p>\n<p>Organiz\u00e1tor Plesu jako Brno Bed\u0159ich Sn\u00e1\u0161el douf\u00e1 v je\u0161t\u011b v\u011bt\u0161\u00ed v\u00fdt\u011b\u017eky v aukc\u00edch v dal\u0161\u00edch ro\u010dn\u00edc\u00edch plesu. &#8222;\u010c\u00e1stky jsou rok od roku vy\u0161\u0161\u00ed. Do budoucna zv\u00e1\u017e\u00edme spolupr\u00e1ci s n\u011bjak\u00fdm auk\u010dn\u00edm domem,&#8220; nast\u00ednil.<\/p>\n<p>http:\/\/blanensky.denik.cz\/<\/p>\n","protected":false},"excerpt":{"rendered":"<div class=\"mh-excerpt\"><p>Rekordn\u00ed \u010d\u00e1stku vydra\u017eili organiz\u00e1to\u0159i lednov\u00e9ho Plesu jako Brno na aukci, kter\u00e1 byla jeho sou\u010d\u00e1st\u00ed. Nada\u010dn\u00ed fond pro d\u011btsk\u00fd \u00fasm\u011bv od nich z\u00edskal 430 tis\u00edc korun. <a class=\"mh-excerpt-more\" href=\"https:\/\/www.invarena.cz\/?p=19863\" title=\"D\u0159ev\u011bn\u00fd orel nemocn\u00fdm d\u011btem p\u0159inesl v aukci 200 tis\u00edc korun\">[&#8230;]<\/a><\/p>\n<\/div>","protected":false},"author":1,"featured_media":0,"comment_status":"open","ping_status":"closed","sticky":false,"template":"","format":"standard","meta":{"footnotes":""},"categories":[9],"tags":[],"class_list":["post-19863","post","type-post","status-publish","format-standard","hentry","category-zpravy"],"_links":{"self":[{"href":"https:\/\/www.invarena.cz\/index.php?rest_route=\/wp\/v2\/posts\/19863","targetHints":{"allow":["GET"]}}],"collection":[{"href":"https:\/\/www.invarena.cz\/index.php?rest_route=\/wp\/v2\/posts"}],"about":[{"href":"https:\/\/www.invarena.cz\/index.php?rest_route=\/wp\/v2\/types\/post"}],"author":[{"embeddable":true,"href":"https:\/\/www.invarena.cz\/index.php?rest_route=\/wp\/v2\/users\/1"}],"replies":[{"embeddable":true,"href":"https:\/\/www.invarena.cz\/index.php?rest_route=%2Fwp%2Fv2%2Fcomments&post=19863"}],"version-history":[{"count":0,"href":"https:\/\/www.invarena.cz\/index.php?rest_route=\/wp\/v2\/posts\/19863\/revisions"}],"wp:attachment":[{"href":"https:\/\/www.invarena.cz\/index.php?rest_route=%2Fwp%2Fv2%2Fmedia&parent=19863"}],"wp:term":[{"taxonomy":"category","embeddable":true,"href":"https:\/\/www.invarena.cz\/index.php?rest_route=%2Fwp%2Fv2%2Fcategories&post=19863"},{"taxonomy":"post_tag","embeddable":true,"href":"https:\/\/www.invarena.cz\/index.php?rest_route=%2Fwp%2Fv2%2Ftags&post=19863"}],"curies":[{"name":"wp","href":"https:\/\/api.w.org\/{rel}","templated":true}]}}