{"id":19872,"date":"2015-02-11T23:26:51","date_gmt":"2015-02-11T22:26:51","guid":{"rendered":"http:\/\/www.invarena.cz\/?p=19872"},"modified":"2015-02-12T15:21:49","modified_gmt":"2015-02-12T14:21:49","slug":"zivnostniku-v-insolvenci-stale-pribyva","status":"publish","type":"post","link":"https:\/\/www.invarena.cz\/?p=19872","title":{"rendered":"\u017divnostn\u00edk\u016f v insolvenci st\u00e1le p\u0159ib\u00fdv\u00e1"},"content":{"rendered":"<p><strong>Obchodn\u00ed spole\u010dnosti bankrotuj\u00ed m\u00e9n\u011b. \u017divnostn\u00edk\u016f v\u00a0insolvenci v\u0161ak st\u00e1le p\u0159ib\u00fdv\u00e1. \u200bV lednu tohoto roku vyhl\u00e1silo bankrot 696 \u017eivnostn\u00edk\u016f. To je o 75 bankrot\u016f v\u00edce ne\u017e v\u00a0prosinci lo\u0148sk\u00e9ho roku. <\/strong><!--more--><\/p>\n<p>ilustra\u010dn\u00ed foto: PhotoRack<\/p>\n<p>Po\u010dty zbankrotovan\u00fdch obchodn\u00edch spole\u010dnost\u00ed za\u010d\u00e1tkem roku 2015 nevzrostly. Vyhl\u00e1silo je 87 spole\u010dnost\u00ed, co\u017e je srovnateln\u00fd po\u010det s\u00a0prosincem 2014. Po\u010det osobn\u00edch bankrot\u016f meziro\u010dn\u011b klesl o dv\u011b procenta.<\/p>\n<p>B\u011bhem roku 2014 klesl po\u010det insolven\u010dn\u00edch n\u00e1vrh\u016f. Naopak ale vzrostl po\u010det skute\u010dn\u011b vyhl\u00e1\u0161en\u00fdch konkurz\u016f, p\u0159ibylo zejm\u00e9na \u017eivnostn\u00edk\u016f. V roce 2013 bylo vyhl\u00e1\u0161eno celkem 2224 konkurz\u016f, z toho 849 se t\u00fdkalo \u017eivnostn\u00edk\u016f. V\u00a0lo\u0148sk\u00e9m roce v\u00a0\u010cesku upadlo do konkurzu 2403 podnikatel\u016f, \u017eivnostn\u00edk\u016f bylo 1110. \u201eV oblasti po\u010dtu n\u00e1vrh\u016f na vyhl\u00e1\u0161en\u00ed bankrotu u fyzick\u00fdch osob podnikatel\u016f st\u00e1le zaznamen\u00e1v\u00e1me r\u016fst. Za posledn\u00edch 12 m\u011bs\u00edc\u016f podalo n\u00e1vrh na bankrot 10\u00a0845 \u017eivnostn\u00edk\u016f. To je o 3916 n\u00e1vrh\u016f v\u00edce ne\u017e v p\u0159edch\u00e1zej\u00edc\u00edm obdob\u00ed. Meziro\u010dn\u011b se po\u010det t\u011bchto n\u00e1vrh\u016f zv\u00fd\u0161il o 57 procent,\u201c popsal Jan Mal\u00fd, ohl\u00e1\u0161en\u00fd spole\u010dn\u00edk spole\u010dnosti VPI CZ, v.o.s.<\/p>\n<p>Podnikatel\u016fm \u0161kod\u00ed velk\u00e9 \u0159et\u011bzce. \u017divnostn\u00edci v\u00a0podstat\u011b nejsou schopni konkurovat cenou ani mno\u017estv\u00edm nab\u00edzen\u00e9ho zbo\u017e\u00ed. \u201eDle m\u00e9ho n\u00e1zoru se bankroty t\u00fdkaj\u00ed zejm\u00e9na drobn\u00fdch \u017eivnostn\u00edk\u016f. Na jejich podnik\u00e1n\u00ed m\u00e1 vliv neust\u00e1l\u00e9 posilov\u00e1n\u00ed pozic velk\u00fdch \u0159et\u011bzc\u016f na \u010desk\u00e9m trhu. Ty se objevuj\u00ed v podstat\u011b ve v\u0161ech sf\u00e9r\u00e1ch podnik\u00e1n\u00ed, a\u0165 u\u017e se jedn\u00e1 o n\u00e1bytk\u00e1\u0159sk\u00e9, potravin\u00e1\u0159sk\u00e9 \u010di od\u011bvn\u00ed \u0159et\u011bzce, kter\u00e9 drobn\u00e9 podnikatele prakticky vytla\u010duj\u00ed. Dlouhodob\u011b se tak\u00e9 na \u00fapadku drobn\u00fdch podnikatel\u016f pod\u00edl\u00ed \u0161patn\u00e1 platebn\u00ed mor\u00e1lka v\u011bt\u0161\u00edch firem. A\u017e t\u0159etina z nich plat\u00ed faktury po splatnosti. Sejde-li se takov\u00fdch nezaplacen\u00fdch faktur v\u011bt\u0161\u00ed mno\u017estv\u00ed, m\u016f\u017ee to b\u00fdt pro \u017eivnostn\u00edka likvida\u010dn\u00ed,\u201c vysv\u011btlil Jan Mal\u00fd.<\/p>\n<p>Da\u0159\u00ed se zem\u011bd\u011blc\u016fm, zato stavba\u0159i a restaurat\u00e9\u0159i bankrotuj\u00ed. Nejv\u00edce bankrot\u016f vyhla\u0161uj\u00ed spole\u010dnosti v\u00a0Praze, Jihomoravsk\u00e9m a Kr\u00e1lov\u00e9hradeck\u00e9m kraji. \u201ePodle insolven\u010dn\u00edho rejst\u0159\u00edku vyhl\u00e1sily b\u011bhem ledna nejv\u00edce bankrot\u016f obchodn\u00ed spole\u010dnosti ve stavebnictv\u00ed, obchod\u011b a pohostinstv\u00ed. Naopak zem\u011bd\u011blc\u016fm se na po\u010d\u00e1tku roku da\u0159ilo. V\u00a0t\u00e9to oblasti prozat\u00edm nebyl vyhl\u00e1\u0161en bankrot \u017e\u00e1dn\u00fd. Co do po\u010dtu vyhl\u00e1\u0161en\u00fdch bankrot\u016f obchodn\u00edch spole\u010dnost\u00ed si nejh\u016f\u0159e stoj\u00ed Praha. Tady bylo v\u00a0lednu vyhl\u00e1\u0161eno 37 bankrot\u016f, co\u017e je 40 procent z\u00a0celkov\u00e9ho po\u010dtu. Po osmi bankrotech hl\u00e1s\u00ed spole\u010dnosti z\u00a0Jihomoravsk\u00e9ho a Kr\u00e1lov\u00e9hradeck\u00e9ho kraje,\u201c popsal Jan Mal\u00fd.<\/p>\n<p>Navzdory tomu, \u017ee po\u010det osobn\u00edch bankrot\u016f meziro\u010dn\u011b klesl o dv\u011b procenta, v\u00a0lednu vyhl\u00e1silo osobn\u00ed bankrot 1531 lid\u00ed, co\u017e je o 261 v\u00edce ne\u017e v\u00a0prosinci 2014. Naopak klesl po\u010det n\u00e1vrh\u016f na vyhl\u00e1\u0161en\u00ed osobn\u00edho bankrotu. Ten podalo v\u00a0lednu 1439 lid\u00ed \u2013 o 355 m\u00e9n\u011b ne\u017e v\u00a0posledn\u00edm m\u011bs\u00edci roku 2014. \u201eObecn\u011b v\u00edce insolven\u010dn\u00edch n\u00e1vrh\u016f je pod\u00e1v\u00e1no na ja\u0159e jako v\u00fdsledek v\u00e1no\u010dn\u00edch p\u016fj\u010dek a pak obvykle na podzim po letn\u00edch pr\u00e1zdnin\u00e1ch. Osobn\u00ed bankroty jdou ruku v ruce s\u00a0nezam\u011bstnanost\u00ed, a proto v\u00edce insolven\u010dn\u00edch n\u00e1vrh\u016f je nap\u0159\u00edklad v kraj\u00edch \u00dasteck\u00e9m \u010di Moravskoslezsk\u00e9m, nejm\u00e9n\u011b n\u00e1vrh\u016f pak m\u00e1 region hlavn\u00edho m\u011bsta Prahy,\u201c uvedl Jan Mal\u00fd.<\/p>\n<p>www.vpi.hjf.cz<br \/>\nVe\u0159ejn\u00e1 obchodn\u00ed spole\u010dnost VPI CZ (V\u0161e pro insolvenci) V\u00a0jej\u00edm \u010dele stoj\u00ed pr\u00e1vn\u00edk Jan Mal\u00fd, kter\u00fd je opr\u00e1vn\u011bn k\u00a0v\u00fdkonu funkce insolven\u010dn\u00edho spr\u00e1vce se zvl\u00e1\u0161tn\u00edm povolen\u00edm. Specifick\u00e1 specializace insolven\u010dn\u00edho spr\u00e1vce se zvl\u00e1\u0161tn\u00edm povolen\u00edm p\u0159edur\u010duje spole\u010dnost pro v\u00fdkon ve velk\u00fdch a zvl\u00e1\u0161t\u011b slo\u017eit\u00fdch insolven\u010dn\u00edch \u0159\u00edzen\u00edch. D\u016fraz je kladen na bankovn\u00ed a finan\u010dn\u00ed sf\u00e9ru. <\/p>\n","protected":false},"excerpt":{"rendered":"<div class=\"mh-excerpt\"><p>Obchodn\u00ed spole\u010dnosti bankrotuj\u00ed m\u00e9n\u011b. \u017divnostn\u00edk\u016f v\u00a0insolvenci v\u0161ak st\u00e1le p\u0159ib\u00fdv\u00e1. \u200bV lednu tohoto roku vyhl\u00e1silo bankrot 696 \u017eivnostn\u00edk\u016f. To je o 75 bankrot\u016f v\u00edce ne\u017e v\u00a0prosinci <a class=\"mh-excerpt-more\" href=\"https:\/\/www.invarena.cz\/?p=19872\" title=\"\u017divnostn\u00edk\u016f v insolvenci st\u00e1le p\u0159ib\u00fdv\u00e1\">[&#8230;]<\/a><\/p>\n<\/div>","protected":false},"author":1,"featured_media":14066,"comment_status":"open","ping_status":"closed","sticky":false,"template":"","format":"standard","meta":{"footnotes":""},"categories":[7],"tags":[],"class_list":["post-19872","post","type-post","status-publish","format-standard","has-post-thumbnail","hentry","category-spolecnost"],"_links":{"self":[{"href":"https:\/\/www.invarena.cz\/index.php?rest_route=\/wp\/v2\/posts\/19872","targetHints":{"allow":["GET"]}}],"collection":[{"href":"https:\/\/www.invarena.cz\/index.php?rest_route=\/wp\/v2\/posts"}],"about":[{"href":"https:\/\/www.invarena.cz\/index.php?rest_route=\/wp\/v2\/types\/post"}],"author":[{"embeddable":true,"href":"https:\/\/www.invarena.cz\/index.php?rest_route=\/wp\/v2\/users\/1"}],"replies":[{"embeddable":true,"href":"https:\/\/www.invarena.cz\/index.php?rest_route=%2Fwp%2Fv2%2Fcomments&post=19872"}],"version-history":[{"count":0,"href":"https:\/\/www.invarena.cz\/index.php?rest_route=\/wp\/v2\/posts\/19872\/revisions"}],"wp:featuredmedia":[{"embeddable":true,"href":"https:\/\/www.invarena.cz\/index.php?rest_route=\/wp\/v2\/media\/14066"}],"wp:attachment":[{"href":"https:\/\/www.invarena.cz\/index.php?rest_route=%2Fwp%2Fv2%2Fmedia&parent=19872"}],"wp:term":[{"taxonomy":"category","embeddable":true,"href":"https:\/\/www.invarena.cz\/index.php?rest_route=%2Fwp%2Fv2%2Fcategories&post=19872"},{"taxonomy":"post_tag","embeddable":true,"href":"https:\/\/www.invarena.cz\/index.php?rest_route=%2Fwp%2Fv2%2Ftags&post=19872"}],"curies":[{"name":"wp","href":"https:\/\/api.w.org\/{rel}","templated":true}]}}