{"id":19895,"date":"2015-02-13T09:07:25","date_gmt":"2015-02-13T08:07:25","guid":{"rendered":"http:\/\/www.invarena.cz\/?p=19895"},"modified":"2015-02-13T22:36:53","modified_gmt":"2015-02-13T21:36:53","slug":"dve-socialni-centra-v-jedne-ulici-bude-muset-vracet-dotaci","status":"publish","type":"post","link":"https:\/\/www.invarena.cz\/?p=19895","title":{"rendered":"Dv\u011b soci\u00e1ln\u00ed centra v jedn\u00e9 ulici. Bude muset vracet dotaci?"},"content":{"rendered":"<p><strong>\u0160estitis\u00edcov\u00e1 Lede\u010d nad S\u00e1zavou m\u00e1 ode v\u010derej\u0161ka dv\u011b velk\u00e1 centra poskytuj\u00edc\u00ed soci\u00e1ln\u00ed slu\u017eby pro ment\u00e1ln\u011b a t\u011blesn\u011b posti\u017een\u00e9. Paradoxn\u011b jsou v jedin\u00e9 ulici a hned naproti sob\u011b. I proto hroz\u00ed, \u017ee nov\u011b otev\u0159en\u00e9 za\u0159\u00edzen\u00ed bude muset kv\u016fli mal\u00e9mu z\u00e1jmu vracet dotace.<\/strong><!--more--><\/p>\n<p><em>ilustra\u010dn\u00ed foto: edu1971 \/ photoXpress<\/em><\/p>\n<p><strong>\u010cesk\u00e1 televize<br \/>\n<\/strong><em><br \/>\nNejmodern\u011bj\u0161\u00ed technikou vybaven\u00e9 terapeutick\u00e9 m\u00edstnosti, vodn\u00ed l\u016f\u017eka, rehabilita\u010dn\u00ed centrum i s v\u00ed\u0159ivou vanou. Nov\u00e9 prostory centra denn\u00edch slu\u017eeb Petrkl\u00ed\u010d vy\u0161ly na bezm\u00e1la 20 milion\u016f korun. Provozovatel\u00e9 z havl\u00ed\u010dkobrodsk\u00e9 charity se te\u010f boj\u00ed, aby nemuseli vracet dotace kv\u016fli mal\u00e9mu vyu\u017eit\u00ed.<\/p>\n<p>Anna BLA\u017dKOV\u00c1, \u0159editelka Oblastn\u00ed charity Havl\u00ed\u010dk\u016fv Brod: V tuhle chv\u00edli m\u00e1me 9 klient\u016f a 6 zam\u011bstnanc\u016f. Samoz\u0159ejm\u011b \u017ee se boj\u00edme, proto\u017ee je to velkej objekt, je to, jsou to samoz\u0159ejm\u011b velk\u00fd provozn\u00ed n\u00e1klady.<\/p>\n<p>Hned naproti nov\u011b otev\u0159en\u00e9mu Petrkl\u00ed\u010di funguje Centrum denn\u00edch slu\u017eeb Barborka. Moment\u00e1ln\u011b m\u00e1 16 klient\u016f.<\/p>\n<p>Eva URBANOV\u00c1, vedouc\u00ed, Centrum denn\u00edch slu\u017eeb Barborka:  V\u0161ichni jsou b\u00fdval\u00fdmi klienty Petrkl\u00ed\u010de, 4 zam\u011bstnance, kte\u0159\u00ed jsou tak\u00e9 b\u00fdval\u00fdmi zam\u011bstnanci Petrkl\u00ed\u010de.<\/p>\n<p>Kv\u016fli neshod\u00e1m s veden\u00edm charity opustila loni Petrkl\u00ed\u010d v\u011bt\u0161ina klient\u016f a nav\u0161t\u011bvuj\u00ed pr\u00e1v\u011b sousedn\u00ed Barborku. P\u0159itom novou budovu stav\u011bli na m\u00edru pr\u00e1v\u011b jim.<\/p>\n<p>BLA\u017dKOV\u00c1: Samoz\u0159ejm\u011b my bysme byli r\u00e1di, kdyby p\u0159i\u0161li. Nev\u00edm, co \u00fapln\u011b v\u0161echno m\u016f\u017eem pro to ud\u011blat. Mysl\u00edm si, \u017ee se ty v\u011bci daj\u00ed \u0159e\u0161it a je mi to l\u00edto, \u017ee jsou naproti.<\/p>\n<p>Charita se pokus\u00ed budovu naplnit, ale p\u0159edb\u011b\u017en\u011b u\u017e jedn\u00e1 i o zm\u011bn\u011b vyu\u017eit\u00ed. Nov\u00e9 centrum by mohlo slou\u017eit nap\u0159\u00edklad senior\u016fm s demenc\u00ed. <\/p>\n","protected":false},"excerpt":{"rendered":"<div class=\"mh-excerpt\"><p>\u0160estitis\u00edcov\u00e1 Lede\u010d nad S\u00e1zavou m\u00e1 ode v\u010derej\u0161ka dv\u011b velk\u00e1 centra poskytuj\u00edc\u00ed soci\u00e1ln\u00ed slu\u017eby pro ment\u00e1ln\u011b a t\u011blesn\u011b posti\u017een\u00e9. Paradoxn\u011b jsou v jedin\u00e9 ulici a hned <a class=\"mh-excerpt-more\" href=\"https:\/\/www.invarena.cz\/?p=19895\" title=\"Dv\u011b soci\u00e1ln\u00ed centra v jedn\u00e9 ulici. Bude muset vracet dotaci?\">[&#8230;]<\/a><\/p>\n<\/div>","protected":false},"author":1,"featured_media":19892,"comment_status":"open","ping_status":"closed","sticky":false,"template":"","format":"standard","meta":{"footnotes":""},"categories":[9],"tags":[],"class_list":["post-19895","post","type-post","status-publish","format-standard","has-post-thumbnail","hentry","category-zpravy"],"_links":{"self":[{"href":"https:\/\/www.invarena.cz\/index.php?rest_route=\/wp\/v2\/posts\/19895","targetHints":{"allow":["GET"]}}],"collection":[{"href":"https:\/\/www.invarena.cz\/index.php?rest_route=\/wp\/v2\/posts"}],"about":[{"href":"https:\/\/www.invarena.cz\/index.php?rest_route=\/wp\/v2\/types\/post"}],"author":[{"embeddable":true,"href":"https:\/\/www.invarena.cz\/index.php?rest_route=\/wp\/v2\/users\/1"}],"replies":[{"embeddable":true,"href":"https:\/\/www.invarena.cz\/index.php?rest_route=%2Fwp%2Fv2%2Fcomments&post=19895"}],"version-history":[{"count":0,"href":"https:\/\/www.invarena.cz\/index.php?rest_route=\/wp\/v2\/posts\/19895\/revisions"}],"wp:featuredmedia":[{"embeddable":true,"href":"https:\/\/www.invarena.cz\/index.php?rest_route=\/wp\/v2\/media\/19892"}],"wp:attachment":[{"href":"https:\/\/www.invarena.cz\/index.php?rest_route=%2Fwp%2Fv2%2Fmedia&parent=19895"}],"wp:term":[{"taxonomy":"category","embeddable":true,"href":"https:\/\/www.invarena.cz\/index.php?rest_route=%2Fwp%2Fv2%2Fcategories&post=19895"},{"taxonomy":"post_tag","embeddable":true,"href":"https:\/\/www.invarena.cz\/index.php?rest_route=%2Fwp%2Fv2%2Ftags&post=19895"}],"curies":[{"name":"wp","href":"https:\/\/api.w.org\/{rel}","templated":true}]}}