{"id":19915,"date":"2015-02-13T12:25:40","date_gmt":"2015-02-13T11:25:40","guid":{"rendered":"http:\/\/www.invarena.cz\/?p=19915"},"modified":"2015-02-13T12:25:40","modified_gmt":"2015-02-13T11:25:40","slug":"mentalne-postizeny-kuba-probira-jinou-latku-ale-je-porad-s-nami-lici-inkluzi-pedagozka","status":"publish","type":"post","link":"https:\/\/www.invarena.cz\/?p=19915","title":{"rendered":"Ment\u00e1ln\u011b posti\u017een\u00fd Kuba prob\u00edr\u00e1 jinou l\u00e1tku, ale je po\u0159\u00e1d s n\u00e1mi, l\u00ed\u010d\u00ed inkluzi pedago\u017eka"},"content":{"rendered":"<p><strong>Osmilet\u00fd Kuba trp\u00ed svalovou ochablost\u00ed a je lehce ment\u00e1ln\u011b posti\u017een\u00fd, p\u0159esto je st\u00e1lou sou\u010d\u00e1st\u00ed t\u0159\u00eddn\u00edho kolektivu ve venkovsk\u00e9 z\u00e1kladn\u00ed \u0161kole ve V\u00edru na Vyso\u010din\u011b. D\u00edky sv\u00e9 asistence zvl\u00e1d\u00e1 b\u00fdt se spolu\u017e\u00e1ky i na hodin\u00e1ch t\u011blocviku.<\/strong><!--more--><\/p>\n<p>Cel\u00fd \u010dl\u00e1nek <a href=\"http:\/\/www.lidovky.cz\/mentalne-postizeny-kuba-probira-jinou-latku-ale-je-s-nami-lici-inkluzi-pedagozka-gfl-\/zpravy-domov.aspx?c=A150130_102943_ln_domov_sk\">ZDE<\/a><\/p>\n","protected":false},"excerpt":{"rendered":"<div class=\"mh-excerpt\"><p>Osmilet\u00fd Kuba trp\u00ed svalovou ochablost\u00ed a je lehce ment\u00e1ln\u011b posti\u017een\u00fd, p\u0159esto je st\u00e1lou sou\u010d\u00e1st\u00ed t\u0159\u00eddn\u00edho kolektivu ve venkovsk\u00e9 z\u00e1kladn\u00ed \u0161kole ve V\u00edru na Vyso\u010din\u011b. D\u00edky <a class=\"mh-excerpt-more\" href=\"https:\/\/www.invarena.cz\/?p=19915\" title=\"Ment\u00e1ln\u011b posti\u017een\u00fd Kuba prob\u00edr\u00e1 jinou l\u00e1tku, ale je po\u0159\u00e1d s n\u00e1mi, l\u00ed\u010d\u00ed inkluzi pedago\u017eka\">[&#8230;]<\/a><\/p>\n<\/div>","protected":false},"author":1,"featured_media":13870,"comment_status":"open","ping_status":"closed","sticky":false,"template":"","format":"standard","meta":{"footnotes":""},"categories":[9],"tags":[],"class_list":["post-19915","post","type-post","status-publish","format-standard","has-post-thumbnail","hentry","category-zpravy"],"_links":{"self":[{"href":"https:\/\/www.invarena.cz\/index.php?rest_route=\/wp\/v2\/posts\/19915","targetHints":{"allow":["GET"]}}],"collection":[{"href":"https:\/\/www.invarena.cz\/index.php?rest_route=\/wp\/v2\/posts"}],"about":[{"href":"https:\/\/www.invarena.cz\/index.php?rest_route=\/wp\/v2\/types\/post"}],"author":[{"embeddable":true,"href":"https:\/\/www.invarena.cz\/index.php?rest_route=\/wp\/v2\/users\/1"}],"replies":[{"embeddable":true,"href":"https:\/\/www.invarena.cz\/index.php?rest_route=%2Fwp%2Fv2%2Fcomments&post=19915"}],"version-history":[{"count":0,"href":"https:\/\/www.invarena.cz\/index.php?rest_route=\/wp\/v2\/posts\/19915\/revisions"}],"wp:featuredmedia":[{"embeddable":true,"href":"https:\/\/www.invarena.cz\/index.php?rest_route=\/wp\/v2\/media\/13870"}],"wp:attachment":[{"href":"https:\/\/www.invarena.cz\/index.php?rest_route=%2Fwp%2Fv2%2Fmedia&parent=19915"}],"wp:term":[{"taxonomy":"category","embeddable":true,"href":"https:\/\/www.invarena.cz\/index.php?rest_route=%2Fwp%2Fv2%2Fcategories&post=19915"},{"taxonomy":"post_tag","embeddable":true,"href":"https:\/\/www.invarena.cz\/index.php?rest_route=%2Fwp%2Fv2%2Ftags&post=19915"}],"curies":[{"name":"wp","href":"https:\/\/api.w.org\/{rel}","templated":true}]}}