{"id":19918,"date":"2015-02-13T22:56:44","date_gmt":"2015-02-13T21:56:44","guid":{"rendered":"http:\/\/www.invarena.cz\/?p=19918"},"modified":"2015-02-13T22:59:52","modified_gmt":"2015-02-13T21:59:52","slug":"projekce-priblizi-vnitrni-svet-divky-nemocne-rakovinou","status":"publish","type":"post","link":"https:\/\/www.invarena.cz\/?p=19918","title":{"rendered":"Projekce p\u0159ibl\u00ed\u017e\u00ed vnit\u0159n\u00ed sv\u011bt d\u00edvky nemocn\u00e9 rakovinou"},"content":{"rendered":"<p><strong>Na Rudolfinum se bude v ned\u011bli prom\u00edtat videomappingov\u00e1 show, um\u011bleck\u00e1 projekce s tematikou fantazijn\u00edho sv\u011bta mal\u00e9ho d\u011bv\u010d\u00e1tka, kter\u00e9 proch\u00e1z\u00ed onkologickou l\u00e9\u010dbou.<\/strong><!--more--><\/p>\n<p>ilustra\u010dn\u00ed foto: Flickr.com<\/p>\n<p>Tento um\u011bleck\u00fd program z d\u00edlny skupiny 3dsense bude sou\u010d\u00e1st\u00ed z\u00e1bavn\u011b-nau\u010dn\u00e9ho happeningu u p\u0159\u00edle\u017eitosti prvn\u00edho ro\u010dn\u00edku Dne d\u011btsk\u00e9 onkologie v \u010cesk\u00e9 republice, kter\u00fd se uskute\u010dn\u00ed na pra\u017esk\u00e9m n\u00e1m\u011bst\u00ed Jana Palacha, v tiskov\u00e9 zpr\u00e1v\u011b informovali organiz\u00e1to\u0159i akce, sdru\u017een\u00ed Haima.<\/p>\n<p>Videomappingov\u00e9 p\u0159edstaven\u00ed se bude konat t\u0159ikr\u00e1t, ka\u017edou hodinu od 18:00 do 20:00. Vznikalo od za\u010d\u00e1tku \u0159\u00edjna. Um\u011blci se nech\u00e1vali inspirovat mimo jin\u00e9 kresbami onkologicky nemocn\u00fdch d\u011bt\u00ed.<\/p>\n<p>&#8222;Fakt, \u017ee jsme na podob\u011b p\u0159edstaven\u00ed \u00fazce spolupracovali se samotn\u00fdmi pacienty a jejich rodinami, je nejv\u011bt\u0161\u00ed z\u00e1rukou toho, \u017ee k problematice p\u0159istupujeme maxim\u00e1ln\u011b zodpov\u011bdn\u011b a citliv\u011b a z\u00e1rove\u0148 tvo\u0159\u00edme p\u0159edstaven\u00ed, kter\u00e9 m\u00e1 obrovsk\u00fd potenci\u00e1l oslovit ve\u0159ejnost,&#8220; uvedl jeden z autor\u016f Jan Hrdli\u010dka.<\/p>\n<p>V r\u00e1mci programu, kter\u00fd za\u010dne ve 14:00, se d\u00e1le uskute\u010dn\u00ed mimo jin\u00e9 tane\u010dn\u00ed vystoupen\u00ed, tvo\u0159iv\u00e9 d\u00edlny nebo interaktivn\u00ed d\u00edlny. V r\u00e1mci nau\u010dn\u00e9 \u010d\u00e1sti bude odborn\u00e1 beseda na t\u00e9ma d\u011btsk\u00e9 onkologie s l\u00e9ka\u0159i z motolsk\u00e9 nemocnice a b\u00fdval\u00fdmi pacienty.<\/p>\n<p>L\u00e9ka\u0159ka Kliniky d\u011btsk\u00e9 hematologie a onkologie FN Motol Lucie Cingro\u0161ov\u00e1, kter\u00e1 je z\u00e1rove\u0148 \u010dlenkou sdru\u017een\u00ed Haima, si uv\u011bdomuje, \u017ee pojet\u00ed citliv\u00e9ho t\u00e9matu p\u0159i t\u00e9to akci m\u016f\u017ee n\u011bkdo vn\u00edmat se sm\u00ed\u0161en\u00fdmi pocity. Pr\u00e1v\u011b s p\u0159edsudky toti\u017e cht\u011bj\u00ed organiz\u00e1to\u0159i bojovat.<\/p>\n<p>&#8222;Na\u0161\u00ed snahou je p\u0159ibl\u00ed\u017eit ve\u0159ejnosti na\u0161e pacienty takov\u00e9, jac\u00ed skute\u010dn\u011b jsou. Jako state\u010dn\u00e9 d\u011bti, kter\u00e9 sice maj\u00ed jednu velkou \u017eivotn\u00ed starost nav\u00edc, ale p\u0159esto se st\u00e1le raduj\u00ed, hraj\u00ed, maj\u00ed sv\u00e9 sny a p\u0159edstavy a do budoucna hled\u00ed s neuv\u011b\u0159itelnou nad\u011bj\u00ed,&#8220; \u0159ekla.<\/p>\n<p>Ob\u010dansk\u00e9 sdru\u017een\u00ed Haima vzniklo v roce 1991 a sdru\u017euje rodi\u010de i dal\u0161\u00ed lidi, kte\u0159\u00ed aktivn\u011b pom\u00e1haj\u00ed d\u011btem s onkologick\u00fdm onemocn\u011bn\u00edm a onemocn\u011bn\u00edm krvetvorby. S\u00eddl\u00ed v motolsk\u00e9 klinice a aktu\u00e1ln\u011b m\u00e1 samostatn\u00e9 skupiny tak\u00e9 v Brn\u011b, Olomouci, Ostrav\u011b, Plzni a \u010cesk\u00fdch Bud\u011bjovic\u00edch.<\/p>\n","protected":false},"excerpt":{"rendered":"<div class=\"mh-excerpt\"><p>Na Rudolfinum se bude v ned\u011bli prom\u00edtat videomappingov\u00e1 show, um\u011bleck\u00e1 projekce s tematikou fantazijn\u00edho sv\u011bta mal\u00e9ho d\u011bv\u010d\u00e1tka, kter\u00e9 proch\u00e1z\u00ed onkologickou l\u00e9\u010dbou.<\/p>\n<\/div>","protected":false},"author":1,"featured_media":8726,"comment_status":"open","ping_status":"closed","sticky":false,"template":"","format":"standard","meta":{"footnotes":""},"categories":[17],"tags":[],"class_list":["post-19918","post","type-post","status-publish","format-standard","has-post-thumbnail","hentry","category-kultura"],"_links":{"self":[{"href":"https:\/\/www.invarena.cz\/index.php?rest_route=\/wp\/v2\/posts\/19918","targetHints":{"allow":["GET"]}}],"collection":[{"href":"https:\/\/www.invarena.cz\/index.php?rest_route=\/wp\/v2\/posts"}],"about":[{"href":"https:\/\/www.invarena.cz\/index.php?rest_route=\/wp\/v2\/types\/post"}],"author":[{"embeddable":true,"href":"https:\/\/www.invarena.cz\/index.php?rest_route=\/wp\/v2\/users\/1"}],"replies":[{"embeddable":true,"href":"https:\/\/www.invarena.cz\/index.php?rest_route=%2Fwp%2Fv2%2Fcomments&post=19918"}],"version-history":[{"count":0,"href":"https:\/\/www.invarena.cz\/index.php?rest_route=\/wp\/v2\/posts\/19918\/revisions"}],"wp:featuredmedia":[{"embeddable":true,"href":"https:\/\/www.invarena.cz\/index.php?rest_route=\/wp\/v2\/media\/8726"}],"wp:attachment":[{"href":"https:\/\/www.invarena.cz\/index.php?rest_route=%2Fwp%2Fv2%2Fmedia&parent=19918"}],"wp:term":[{"taxonomy":"category","embeddable":true,"href":"https:\/\/www.invarena.cz\/index.php?rest_route=%2Fwp%2Fv2%2Fcategories&post=19918"},{"taxonomy":"post_tag","embeddable":true,"href":"https:\/\/www.invarena.cz\/index.php?rest_route=%2Fwp%2Fv2%2Ftags&post=19918"}],"curies":[{"name":"wp","href":"https:\/\/api.w.org\/{rel}","templated":true}]}}