{"id":19933,"date":"2015-02-21T11:48:22","date_gmt":"2015-02-21T10:48:22","guid":{"rendered":"http:\/\/www.invarena.cz\/?p=19933"},"modified":"2015-02-21T11:48:28","modified_gmt":"2015-02-21T10:48:28","slug":"rodina-vozickare-vysoudila-miliony","status":"publish","type":"post","link":"https:\/\/www.invarena.cz\/?p=19933","title":{"rendered":"Rodina voz\u00ed\u010dk\u00e1\u0159e vysoudila miliony"},"content":{"rendered":"<p><strong>Rodi\u010de hocha, kter\u00e9ho na \u0161koln\u00ed exkurzi zavalil n\u00e1hrobek, vysoudili prvn\u00ed pen\u00edze. Soud bude rozhodovat je\u0161t\u011b o jedn\u00e9 \u017ealob\u011b.<\/strong><!--more--><\/p>\n<p>Trag\u00e9die, kter\u00e1 se odehr\u00e1la v roce 2011 p\u0159i exkurzi t\u0159\u00eddy rous\u00ednovsk\u00e9 z\u00e1kladn\u00ed \u0161koly na m\u011bstsk\u00e9m \u017eidovsk\u00e9m h\u0159bitov\u011b, m\u00e1 dal\u0161\u00ed soudn\u00ed pokra\u010dov\u00e1n\u00ed. B\u00fdval\u00fd u\u010ditel d\u011bjepisu, kter\u00fd \u017e\u00e1ky na h\u0159bitov p\u0159es z\u00e1kaz vzal, dostal od soudu podm\u00ednku u\u017e skoro p\u0159ed t\u0159emi lety. Pozd\u011bji, jak u\u017e Vy\u0161kovsk\u00fd den\u00edk Rovnost informoval, \u017ealovali rodi\u010de chlapce \u0161kolu pro n\u00e1hradu spole\u010densk\u00e9ho uplatn\u011bn\u00ed.<br \/>\nSoudn\u00ed \u0159\u00edzen\u00ed je\u0161t\u011b neskon\u010dilo. Nicm\u00e9n\u011b koncem lo\u0148sk\u00e9ho roku podali podle zji\u0161t\u011bn\u00ed redakce dal\u0161\u00ed \u017ealobu, tentokr\u00e1t za nemajetkovou \u00fajmu. A v t\u00e9 u\u017e Okresn\u00ed soud ve Vy\u0161kov\u011b rozhodl v jejich prosp\u011bch. M\u011bsto, kter\u00e9 mus\u00ed jako z\u0159izovatel \u0161koly \u017ealovanou \u010d\u00e1stku zaplatit, se bude dom\u00e1hat jej\u00edho sn\u00ed\u017een\u00ed.<br \/>\nZ\u00e1le\u017eitost na posledn\u00edm zased\u00e1n\u00ed rous\u00ednovsk\u00e9ho zastupitelstva p\u0159ednesl \u0159editel \u0161koly a zastupitel Ji\u0159\u00ed Kyjovsk\u00fd. &#8222;Druh\u00e1 takzvan\u00e1 osobnostn\u00ed \u017ealoba spo\u010d\u00edv\u00e1 v tom, \u017ee rodi\u010de \u017e\u00e1ka u\u017e nem\u016f\u017eou \u017e\u00edt takov\u00fd \u017eivot jako p\u0159edt\u00edm. Prvn\u00ed \u017ealoba je na \u010dtrn\u00e1ct milion\u016f korun, druh\u00e1 po\u017eaduje ni\u017e\u0161\u00ed \u010d\u00e1stku. Ta p\u0159ipadne rodi\u010d\u016fm, ne chlapci. Na m\u011bstu nyn\u00ed je, jestli \u0161kodu uznat, nebo podat opravn\u00fd prost\u0159edek,&#8220; prohl\u00e1sil Kyjovsk\u00fd.<br \/>\nZastupitelstvo rozhodlo v\u011bt\u0161inou hlas\u016f o druh\u00e9 mo\u017enosti. Veden\u00ed m\u011bsta se o n\u00e1roku rodiny na kompenzaci nep\u0159e. &#8222;Rada m\u011bsta se nicm\u00e9n\u011b rozhodla doporu\u010dit zastupitelstvu podat odvol\u00e1n\u00ed a pokusit se \u010d\u00e1stku n\u011bjak sn\u00ed\u017eit. Je to o kompromisu obou stran. U\u017e n\u011bkolikr\u00e1t zazn\u011blo, \u017ee vinu \u00fapln\u011b nec\u00edt\u00edme, ale n\u00e1sledky poneseme,&#8220; komentoval starosta Rous\u00ednova Ji\u0159\u00ed Luk\u00e1\u0161ek.<br \/>\nJak na zased\u00e1n\u00ed \u0159ekl \u0159editel Kyjovsk\u00fd, vy\u0161et\u0159ov\u00e1n\u00ed policie a \u010cesk\u00e9 \u0161koln\u00ed inspekce nezjistilo \u017e\u00e1dn\u00e9 pochyben\u00ed \u0161koly jako instituce. &#8222;Nicm\u00e9n\u011b z principu objektivn\u00ed viny, o kter\u00e9 hovo\u0159\u00ed ob\u010dansk\u00fd z\u00e1kon\u00edk, \u0161kola vinna je,&#8220; dodal.<br \/>\nPodle otce po\u0161kozen\u00e9ho je pro rodinu d\u016fle\u017eit\u00e9, aby byl od\u0161kodn\u011bn\u00fd p\u0159edev\u0161\u00edm syn, kter\u00fd skon\u010dil na <span class=\"highlight\">invalidn\u00edm<\/span> voz\u00edku, co\u017e je p\u0159edm\u011btem dosud nerozhodnut\u00e9 \u017ealoby. &#8222;\u010c\u00e1stka, kterou \u017e\u00e1d\u00e1me, je standardn\u00ed. Od pr\u00e1vn\u00edk\u016f jsme se dozv\u011bd\u011bli, \u017ee v porovn\u00e1n\u00ed s jin\u00fdmi podobn\u00fdmi p\u0159\u00edpady je vlastn\u011b i podpr\u016fm\u011brn\u00e1,&#8220; pouk\u00e1zal otec, jeho\u017e jm\u00e9no redakce z pochopiteln\u00fdch d\u016fvod\u016f neuv\u00e1d\u00ed.<\/p>\n<p>Dodal, \u017ee ne\u0161t\u011bst\u00ed cel\u00e9 rodin\u011b \u00fapln\u011b zm\u011bnilo \u017eivot. &#8222;Nem\u016f\u017eeme uk\u00e1zat na n\u011bkoho konkr\u00e9tn\u00edho, koho bychom ozna\u010dili jako vin\u00edka. Faktem ale je, \u017ee odpov\u011bdnost nese \u0161kola. U\u017e d\u0159\u00edv z jej\u00ed strany zazn\u011blo, \u017ee \u017e\u00e1ci chodili na exkurze na h\u0159bitov zcela b\u011b\u017en\u011b, a to i p\u0159es z\u00e1kaz a zam\u010denou br\u00e1nu. To se jednodu\u0161e d\u00edt nem\u011blo, to bylo \u0161patn\u011b,&#8220; zd\u016fraznil mu\u017e.<br \/>\nRozhodnut\u00ed zastupitelstva o pod\u00e1n\u00ed opravn\u00e9ho prost\u0159edku proti rozsudku jedn\u00e9 \u017ealoby m\u016f\u017ee m\u00edt vliv na rozhodov\u00e1n\u00ed soudu v p\u0159\u00edpad\u011b \u017ealoby druh\u00e9. Ot\u00e1zkou ov\u0161em je, jak\u00fd. &#8222;Ka\u017edou ze \u017ealob \u0159e\u0161\u00ed jin\u00fd soudce,&#8220; pouk\u00e1zal Kyjovsk\u00fd s t\u00edm, \u017ee pod\u00e1n\u00ed p\u0159esto m\u016f\u017ee hr\u00e1t p\u0159i rozhodov\u00e1n\u00ed u druh\u00e9 \u017ealoby pro m\u011bsto roli ur\u010dit\u00e9 poleh\u010duj\u00edc\u00ed okolnosti, ale i naopak. Pen\u00edze ov\u0161em bude muset radnice n\u011bkde sehnat. &#8222;M\u011bsto a \u0161kola se pokus\u00ed oslovit n\u011bjak\u00e9 st\u00e1tn\u00ed instituce, kter\u00e9 by poskytly pen\u00edze na pokryt\u00ed \u010d\u00e1sti n\u00e1klad\u016f,&#8220; dodal Kyjovsk\u00fd.<br \/>\nTense u\u017e d\u0159\u00edv vyj\u00e1d\u0159il v tom smyslu, \u017ee policie neposkytla o vy\u0161et\u0159ov\u00e1n\u00ed p\u0159\u00edpadu \u017e\u00e1dn\u00e9 v\u00fdsledky. Okolnosti, za jak\u00fdch n\u00e1hrobek na hocha spadl, tedy nejsou vyjasn\u011bn\u00e9. Podle n\u011bkter\u00fdch informac\u00ed ho rozhoupali dva jin\u00ed chlapci. \u017de n\u00e1hrobku musel n\u011bkdo pomoci, u\u017e d\u0159\u00edv pro Vy\u0161kovsk\u00fd den\u00edk Rovnost uvedl Jaroslav Klenovsk\u00fd z Federace \u017eidovsk\u00fdch obc\u00ed \u010cesk\u00e9 republiky. &#8222;Je n\u00e1m samoz\u0159ejm\u011b l\u00edto, co se stalo. Jsem nicm\u00e9n\u011b p\u0159esv\u011bd\u010den\u00fd, \u017ee n\u00e1hrobek s\u00e1m spadnout nemohl,&#8220; vzk\u00e1zal.<\/p>\n<p>&#8212;<\/p>\n<table class=\"docHdrTable\">\n<tbody>\n<tr>\n<td class=\"docHdrNavesti\"><\/td>\n<td><a href=\"http:\/\/www.vlp.cz\/cz\/vydavane-tituly\/regionalni-deniky\/denik-jizni-morava\/vyskovsky-denik.html\" target=\"_blank\">http:\/\/www.vlp.cz\/ cz\/ vydavane-tituly\/ regionalni-deniky\/ denik-jizni-morava\/ vyskovsky-denik.html<\/a> <a title=\"Zobrazit origin\u00e1ln\u00ed www str\u00e1nku se zv\u00fdrazn\u011bn\u00fdmi kl\u00ed\u010dov\u00fdmi slovy\" href=\"http:\/\/muj.anopress.cz\/Search\/PagesFree\/GetPageWithKeywords.aspx?page=http:\/\/www.vlp.cz\/cz\/vydavane-tituly\/regionalni-deniky\/denik-jizni-morava\/vyskovsky-denik.html\" target=\"_blank\"><img decoding=\"async\" src=\"http:\/\/muj.anopress.cz\/Search\/img\/misc\/hyperkeyw.gif\" alt=\"Zobrazit origin\u00e1ln\u00ed www str\u00e1nku se zv\u00fdrazn\u011bn\u00fdmi kl\u00ed\u010dov\u00fdmi slovy\" border=\"0\" \/><\/a><\/td>\n<\/tr>\n<\/tbody>\n<\/table>\n<p>co se tehdy stalo<\/p>\n<p>Nehoda, p\u0159i kter\u00e9 \u017e\u00e1ka sedm\u00e9 t\u0159\u00eddy zavalil n\u00e1hrobek na \u017eidovsk\u00e9m h\u0159bitov\u011b, se nemusela st\u00e1t. H\u0159bitov je trvale zam\u010den\u00fd a nep\u0159\u00edstupn\u00fd, u\u010ditel s \u017e\u00e1ky na n\u011bj vyrazil na vlastn\u00ed p\u011bst. U skupinky, kde se ne\u0161t\u011bst\u00ed stalo, nebyl. Chlapce po nehod\u011b transportoval vrtuln\u00edk do brn\u011bnsk\u00e9 fakultn\u00ed nemocnice. B\u00fdval\u00e9mu u\u010diteli d\u011bjepisu Janu V\u00e1gnerovi hrozil a\u017e dvoulet\u00fd trest pro t\u011b\u017ek\u00e9 ubl\u00ed\u017een\u00ed na zdrav\u00ed z nedbalosti. Dostal podm\u00ednku. Dnes je u\u017e v d\u016fchodu.<\/p>\n","protected":false},"excerpt":{"rendered":"<div class=\"mh-excerpt\"><p>Rodi\u010de hocha, kter\u00e9ho na \u0161koln\u00ed exkurzi zavalil n\u00e1hrobek, vysoudili prvn\u00ed pen\u00edze. Soud bude rozhodovat je\u0161t\u011b o jedn\u00e9 \u017ealob\u011b.<\/p>\n<\/div>","protected":false},"author":1,"featured_media":600,"comment_status":"open","ping_status":"closed","sticky":false,"template":"","format":"standard","meta":{"footnotes":""},"categories":[9],"tags":[],"class_list":["post-19933","post","type-post","status-publish","format-standard","has-post-thumbnail","hentry","category-zpravy"],"_links":{"self":[{"href":"https:\/\/www.invarena.cz\/index.php?rest_route=\/wp\/v2\/posts\/19933","targetHints":{"allow":["GET"]}}],"collection":[{"href":"https:\/\/www.invarena.cz\/index.php?rest_route=\/wp\/v2\/posts"}],"about":[{"href":"https:\/\/www.invarena.cz\/index.php?rest_route=\/wp\/v2\/types\/post"}],"author":[{"embeddable":true,"href":"https:\/\/www.invarena.cz\/index.php?rest_route=\/wp\/v2\/users\/1"}],"replies":[{"embeddable":true,"href":"https:\/\/www.invarena.cz\/index.php?rest_route=%2Fwp%2Fv2%2Fcomments&post=19933"}],"version-history":[{"count":0,"href":"https:\/\/www.invarena.cz\/index.php?rest_route=\/wp\/v2\/posts\/19933\/revisions"}],"wp:featuredmedia":[{"embeddable":true,"href":"https:\/\/www.invarena.cz\/index.php?rest_route=\/wp\/v2\/media\/600"}],"wp:attachment":[{"href":"https:\/\/www.invarena.cz\/index.php?rest_route=%2Fwp%2Fv2%2Fmedia&parent=19933"}],"wp:term":[{"taxonomy":"category","embeddable":true,"href":"https:\/\/www.invarena.cz\/index.php?rest_route=%2Fwp%2Fv2%2Fcategories&post=19933"},{"taxonomy":"post_tag","embeddable":true,"href":"https:\/\/www.invarena.cz\/index.php?rest_route=%2Fwp%2Fv2%2Ftags&post=19933"}],"curies":[{"name":"wp","href":"https:\/\/api.w.org\/{rel}","templated":true}]}}