{"id":19937,"date":"2015-02-16T14:11:10","date_gmt":"2015-02-16T13:11:10","guid":{"rendered":"http:\/\/www.invarena.cz\/?p=19937"},"modified":"2015-02-16T14:11:10","modified_gmt":"2015-02-16T13:11:10","slug":"vstupenky-na-ples-ceskeho-rozhlasu-uz-jsou-v-prodeji","status":"publish","type":"post","link":"https:\/\/www.invarena.cz\/?p=19937","title":{"rendered":"Vstupenky na ples \u010cesk\u00e9ho rozhlasu u\u017e jsou v prodeji"},"content":{"rendered":"<p><strong>Vstupenky na ples \u010cesk\u00e9ho rozhlasu u\u017e jsou v prodeji. Ples bude v sobotu sedm\u00e9ho b\u0159ezna v pal\u00e1ci \u017dof\u00edn. Cel\u00fd v\u00fdt\u011b\u017eek p\u016fjde na projekt Sv\u011btlu\u0161ka, kter\u00fd pom\u00e1h\u00e1 nevidom\u00fdm. Slavnostn\u00ed ve\u010der moderuje Jitka Novotn\u00e1 a V\u00e1clav \u017dmol\u00edk.<\/strong><!--more--><\/p>\n<p>\tRadio\u017eurn\u00e1l<\/p>\n<p>V hlavn\u00edm s\u00e1le bude vystupovat Rozhlasov\u00fd Big Band Gustava Broma, no a ten vlastn\u011b doprovod\u00ed v\u0161echny s\u00f3listy. Asi hlavn\u00ed hv\u011bzdou bude Ewa Farna, jedna z na\u0161ich nejpopul\u00e1rn\u011bj\u0161\u00edch zp\u011bva\u010dek v tomto okam\u017eiku a zazp\u00edv\u00e1 tam tak\u00e9 Ond\u0159ej Ruml a tak\u00e9 Dasha, jako dal\u0161\u00ed \u00fa\u010dinkuj\u00edc\u00ed.<\/p>\n<p>\tVstupenky si m\u016f\u017eete koupit v reprezenta\u010dn\u00ed prodejn\u011b \u010cesk\u00e9ho rozhlasu v Praze na Vinohradsk\u00e9. <\/p>\n","protected":false},"excerpt":{"rendered":"<div class=\"mh-excerpt\"><p>Vstupenky na ples \u010cesk\u00e9ho rozhlasu u\u017e jsou v prodeji. Ples bude v sobotu sedm\u00e9ho b\u0159ezna v pal\u00e1ci \u017dof\u00edn. Cel\u00fd v\u00fdt\u011b\u017eek p\u016fjde na projekt Sv\u011btlu\u0161ka, kter\u00fd <a class=\"mh-excerpt-more\" href=\"https:\/\/www.invarena.cz\/?p=19937\" title=\"Vstupenky na ples \u010cesk\u00e9ho rozhlasu u\u017e jsou v prodeji\">[&#8230;]<\/a><\/p>\n<\/div>","protected":false},"author":1,"featured_media":0,"comment_status":"open","ping_status":"closed","sticky":false,"template":"","format":"standard","meta":{"footnotes":""},"categories":[9],"tags":[],"class_list":["post-19937","post","type-post","status-publish","format-standard","hentry","category-zpravy"],"_links":{"self":[{"href":"https:\/\/www.invarena.cz\/index.php?rest_route=\/wp\/v2\/posts\/19937","targetHints":{"allow":["GET"]}}],"collection":[{"href":"https:\/\/www.invarena.cz\/index.php?rest_route=\/wp\/v2\/posts"}],"about":[{"href":"https:\/\/www.invarena.cz\/index.php?rest_route=\/wp\/v2\/types\/post"}],"author":[{"embeddable":true,"href":"https:\/\/www.invarena.cz\/index.php?rest_route=\/wp\/v2\/users\/1"}],"replies":[{"embeddable":true,"href":"https:\/\/www.invarena.cz\/index.php?rest_route=%2Fwp%2Fv2%2Fcomments&post=19937"}],"version-history":[{"count":0,"href":"https:\/\/www.invarena.cz\/index.php?rest_route=\/wp\/v2\/posts\/19937\/revisions"}],"wp:attachment":[{"href":"https:\/\/www.invarena.cz\/index.php?rest_route=%2Fwp%2Fv2%2Fmedia&parent=19937"}],"wp:term":[{"taxonomy":"category","embeddable":true,"href":"https:\/\/www.invarena.cz\/index.php?rest_route=%2Fwp%2Fv2%2Fcategories&post=19937"},{"taxonomy":"post_tag","embeddable":true,"href":"https:\/\/www.invarena.cz\/index.php?rest_route=%2Fwp%2Fv2%2Ftags&post=19937"}],"curies":[{"name":"wp","href":"https:\/\/api.w.org\/{rel}","templated":true}]}}