{"id":19938,"date":"2015-02-16T14:13:59","date_gmt":"2015-02-16T13:13:59","guid":{"rendered":"http:\/\/www.invarena.cz\/?p=19938"},"modified":"2015-02-16T14:13:59","modified_gmt":"2015-02-16T13:13:59","slug":"pracovni-prilezitosti-pro-handicapovane-pribyvaji","status":"publish","type":"post","link":"https:\/\/www.invarena.cz\/?p=19938","title":{"rendered":"Pracovn\u00ed p\u0159\u00edle\u017eitosti pro handicapovan\u00e9 p\u0159ib\u00fdvaj\u00ed"},"content":{"rendered":"<p><strong>St\u00e1le roste po\u010det projekt\u016f, kter\u00e9 d\u00e1vaj\u00ed pr\u00e1ci lidem s handicapem. \u010casto jsou placeny z dota\u010dn\u00edch pen\u011bz. I kdy\u017e lidi pob\u00edraj\u00ed v\u011bt\u0161inou minim\u00e1ln\u00ed mzdu nebo maj\u00ed zkr\u00e1cen\u00e9 \u00favazky, o pr\u00e1ci z\u00e1jem maj\u00ed. Sn\u00e1ze pak hledaj\u00ed trval\u00e9 zam\u011bstn\u00e1n\u00ed.<\/strong><!--more--><\/p>\n<p>ilustra\u010dn\u00ed foto: Jon-Sullivan-public-domain-photos<\/p>\n<p><strong>\u010cesk\u00e1 televize<\/strong><em><\/p>\n<p>Obchod s v\u00fdrobky z chr\u00e1n\u011bn\u00fdch d\u00edlen pr\u00e1v\u011b otev\u00edr\u00e1 ve Strakonic\u00edch. Za pultem se st\u0159\u00eddaj\u00ed lid\u00e9 s r\u016fzn\u00fdmi druhy zdravotn\u00edho posti\u017een\u00ed. Pro Martina Kvasni\u010dku je to v 38 letech prvn\u00ed pracovn\u00ed zku\u0161enost. Z\u00e1kazn\u00edk\u016fm nab\u00edz\u00ed k\u00e1vu, sirupy, su\u0161enky nebo keramiku. Martin i jeho kolegov\u00e9 absolvovali kurz pomocn\u00fd prodava\u010d. Te\u010f si pod odborn\u00fdm dohledem v praxi procvi\u010duj\u00ed dopl\u0148ov\u00e1n\u00ed zbo\u017e\u00ed nebo komunikaci se z\u00e1kazn\u00edky.<\/p>\n<p>Vladim\u00edr BRABEC, z\u00e1stupce \u0159editele:  Tak jak se n\u00e1m postupn\u011b rozj\u00ed\u017ed\u011bly aktivity nap\u0159\u00edklad v r\u00e1mci tr\u00e9ninkov\u00fdch kav\u00e1ren nebo pr\u00e1v\u011b t\u00e9 keramick\u00e9 d\u00edlny nebo pra\u017e\u00edrny k\u00e1vy, tak zat\u00edm se n\u00e1m pom\u011brn\u011b \u00fasp\u011b\u0161n\u011b da\u0159\u00ed ty aktivity provozovat d\u00e1l i po ukon\u010den\u00ed t\u00e9 podpory dota\u010dn\u00ed.<\/p>\n<p>Obchod bude otev\u0159en\u00fd ka\u017ed\u00fd v\u0161edn\u00ed den od osmi r\u00e1no do p\u011bti hodin odpoledne. Na sm\u011bny se tu budou st\u0159\u00eddat \u010dty\u0159i zam\u011bstnanci se zdravotn\u00edm posti\u017een\u00edm. Jen v Jiho\u010desk\u00e9m kraji je jich je te\u010f bez pr\u00e1ce 3700, to je asi 12 % ze v\u0161ech nezam\u011bstnan\u00fdch. Ti, kte\u0159\u00ed u\u017e pracovn\u00edm tr\u00e9ninkem pro\u0161li, nach\u00e1zej\u00ed pr\u00e1ci sn\u00e1ze. \u00da\u0159ady pro n\u011b maj\u00ed p\u0159es 4 tis\u00edce voln\u00fdch m\u00edst.<\/p>\n<p>invalidn\u00ed zam\u011bstnanec V\u00e1clav PROKOP: Jsou to p\u0159edev\u0161\u00edm pozice jako jsou ukl\u00edze\u010dky, vr\u00e1tn\u00ed, str\u00e1\u017en\u00ed a r\u016fzn\u00e9 drobn\u00e9 manipula\u010dn\u00ed pr\u00e1ce.<\/p>\n<p>\u00da\u0159ad pr\u00e1ce tato pracovn\u00ed m\u00edsta \u010dasto i dotuje. Jen loni vyplatil na podporu zam\u011bstn\u00e1v\u00e1n\u00ed lid\u00ed s handicapem p\u0159es 4 miliardy. <\/p>\n","protected":false},"excerpt":{"rendered":"<div class=\"mh-excerpt\"><p>St\u00e1le roste po\u010det projekt\u016f, kter\u00e9 d\u00e1vaj\u00ed pr\u00e1ci lidem s handicapem. \u010casto jsou placeny z dota\u010dn\u00edch pen\u011bz. I kdy\u017e lidi pob\u00edraj\u00ed v\u011bt\u0161inou minim\u00e1ln\u00ed mzdu nebo maj\u00ed <a class=\"mh-excerpt-more\" href=\"https:\/\/www.invarena.cz\/?p=19938\" title=\"Pracovn\u00ed p\u0159\u00edle\u017eitosti pro handicapovan\u00e9 p\u0159ib\u00fdvaj\u00ed\">[&#8230;]<\/a><\/p>\n<\/div>","protected":false},"author":1,"featured_media":14147,"comment_status":"open","ping_status":"closed","sticky":false,"template":"","format":"standard","meta":{"footnotes":""},"categories":[7],"tags":[],"class_list":["post-19938","post","type-post","status-publish","format-standard","has-post-thumbnail","hentry","category-spolecnost"],"_links":{"self":[{"href":"https:\/\/www.invarena.cz\/index.php?rest_route=\/wp\/v2\/posts\/19938","targetHints":{"allow":["GET"]}}],"collection":[{"href":"https:\/\/www.invarena.cz\/index.php?rest_route=\/wp\/v2\/posts"}],"about":[{"href":"https:\/\/www.invarena.cz\/index.php?rest_route=\/wp\/v2\/types\/post"}],"author":[{"embeddable":true,"href":"https:\/\/www.invarena.cz\/index.php?rest_route=\/wp\/v2\/users\/1"}],"replies":[{"embeddable":true,"href":"https:\/\/www.invarena.cz\/index.php?rest_route=%2Fwp%2Fv2%2Fcomments&post=19938"}],"version-history":[{"count":0,"href":"https:\/\/www.invarena.cz\/index.php?rest_route=\/wp\/v2\/posts\/19938\/revisions"}],"wp:featuredmedia":[{"embeddable":true,"href":"https:\/\/www.invarena.cz\/index.php?rest_route=\/wp\/v2\/media\/14147"}],"wp:attachment":[{"href":"https:\/\/www.invarena.cz\/index.php?rest_route=%2Fwp%2Fv2%2Fmedia&parent=19938"}],"wp:term":[{"taxonomy":"category","embeddable":true,"href":"https:\/\/www.invarena.cz\/index.php?rest_route=%2Fwp%2Fv2%2Fcategories&post=19938"},{"taxonomy":"post_tag","embeddable":true,"href":"https:\/\/www.invarena.cz\/index.php?rest_route=%2Fwp%2Fv2%2Ftags&post=19938"}],"curies":[{"name":"wp","href":"https:\/\/api.w.org\/{rel}","templated":true}]}}