{"id":19939,"date":"2015-02-16T14:17:16","date_gmt":"2015-02-16T13:17:16","guid":{"rendered":"http:\/\/www.invarena.cz\/?p=19939"},"modified":"2015-02-16T15:09:29","modified_gmt":"2015-02-16T14:09:29","slug":"muz-musi-zaplatit-uradu-za-ukradene-auto","status":"publish","type":"post","link":"https:\/\/www.invarena.cz\/?p=19939","title":{"rendered":"Mus\u00ed zaplatit \u00fa\u0159adu za ukraden\u00e9 auto"},"content":{"rendered":"<p><strong>Do t\u011b\u017ek\u00e9 \u017eivotn\u00ed situace se dostal Emil Novotn\u00fd. Jeho zdravotn\u00ed stav je natolik \u0161patn\u00fd, \u017ee p\u0159ed rokem a p\u016fl dostal od st\u00e1tu maxim\u00e1ln\u00ed p\u0159\u00edsp\u011bvek na auto dv\u011b st\u011b tis\u00edc korun.<\/strong><!--more--><br \/>\n<strong><\/p>\n<p>Prima FTV<\/strong><em><\/p>\n<p>Emil Novotn\u00fd skon\u010dil na invalidn\u00edm voz\u00edku a je pln\u011b odk\u00e1zan\u00fd na pomoc sv\u00e9 \u017eeny. Proto\u017ee je imobiln\u00ed, po\u017e\u00e1dal na \u00fa\u0159adu pr\u00e1ce o p\u0159\u00edsp\u011bvek na auto.<\/p>\n<p>P\u0159ed m\u011bs\u00edcem mu ale v Praze auto ukradli a \u00fa\u0159ad pr\u00e1ce te\u010f p\u0159i\u0161el s t\u00edm, \u017ee m\u00e1 pen\u00edze vr\u00e1tit. Pan Emil ale \u017eije z \u017eivotn\u00edho minima, a tak nev\u00ed, kde m\u00e1 pen\u00edze vz\u00edt.<\/p>\n<p>Auto panu Emilovi a jeho \u017een\u011b podstatn\u011b uleh\u010dovalo cestu k l\u00e9ka\u0159\u016fm. <\/p>\n<p>Emil NOVOTN\u00dd, :P\u0159ijela policie, ud\u011blali protokol a b\u011bhem m\u011bs\u00edce p\u0159i\u0161lo usnesen\u00ed, \u017ee pachatel je nezn\u00e1m\u00fd.<\/p>\n<p>Man\u017eel\u00e9 na \u00fa\u0159adu pr\u00e1ce nahl\u00e1sili, \u017ee jim auto bylo odcizeno a \u017ee by r\u00e1di za\u017e\u00e1dali o nov\u00fd p\u0159\u00edsp\u011bvek. Jen\u017ee dostali \u0161okuj\u00edc\u00ed zpr\u00e1vu.<\/p>\n<p>Kate\u0159ina BER\u00c1NKOV\u00c1, mluv\u010d\u00ed \u00da\u0159adu pr\u00e1ce \u010cR: V takov\u00e9m p\u0159\u00edpad\u011b mus\u00ed \u00da\u0159ad pr\u00e1ce \u010cesk\u00e9 republiky zah\u00e1jit spr\u00e1vn\u00ed \u0159\u00edzen\u00ed a po\u017eadovat vr\u00e1cen\u00ed pom\u011brn\u00e9 \u010d\u00e1sti toho p\u0159\u00edsp\u011bvku.<\/p>\n<p>Nam\u00edsto nov\u00e9ho auta tak mus\u00ed Emil Novotn\u00fd nejd\u0159\u00edve zaplatit to star\u00e9 ukraden\u00e9, na kter\u00e9 dostal od st\u00e1tu pen\u00edze. Emil Novotn\u00fd te\u010f \u010dek\u00e1 na dopis od \u00fa\u0159adu pr\u00e1ce, ve kter\u00e9m mu vy\u010d\u00edsl\u00ed, kolik pen\u011bz m\u00e1 za ukraden\u00e9 auto vr\u00e1tit. Podle v\u0161eho to ale nebude m\u00e1lo.<\/p>\n<p>Emil NOVOTN\u00dd:    \u00da\u0159ad n\u00e1m pr\u00e1ce ode\u010detl dvacet tis\u00edc za ten rok, no a sto osmdes\u00e1t chce nazp\u00e1tek.<\/p>\n<p>BER\u00c1NKOV\u00c1:  Pak je n\u011bkolik mo\u017enost\u00ed. V p\u0159\u00edpad\u011b, \u017ee klient p\u0159ijde o motorov\u00e9 vozidlo ne vlastn\u00ed vinou, m\u016f\u017ee bu\u010f po\u017e\u00e1dat o prominut\u00ed vr\u00e1cen\u00ed toho p\u0159eplatku, dal\u0161\u00ed mo\u017enost\u00ed je dohoda na spl\u00e1tkov\u00e9m kalend\u00e1\u0159i.<\/p>\n<p>A\u017e pan Emil Novotn\u00fd vr\u00e1t\u00ed \u00fa\u0159adu pr\u00e1ce pen\u00edze za ukraden\u00e9 auto, bude si moct za\u017e\u00e1dat o nov\u00fd p\u0159\u00edsp\u011bvek. Cel\u00e1 administrativa bude ale podle N\u00e1rodn\u00ed rady osob se zdravotn\u00edm posti\u017een\u00edm trvat minim\u00e1ln\u011b p\u016fl roku. To panu Emilovi dost zkomplikuje \u017eivot.  <\/p>\n","protected":false},"excerpt":{"rendered":"<div class=\"mh-excerpt\"><p>Do t\u011b\u017ek\u00e9 \u017eivotn\u00ed situace se dostal Emil Novotn\u00fd. Jeho zdravotn\u00ed stav je natolik \u0161patn\u00fd, \u017ee p\u0159ed rokem a p\u016fl dostal od st\u00e1tu maxim\u00e1ln\u00ed p\u0159\u00edsp\u011bvek na <a class=\"mh-excerpt-more\" href=\"https:\/\/www.invarena.cz\/?p=19939\" title=\"Mus\u00ed zaplatit \u00fa\u0159adu za ukraden\u00e9 auto\">[&#8230;]<\/a><\/p>\n<\/div>","protected":false},"author":1,"featured_media":0,"comment_status":"open","ping_status":"closed","sticky":false,"template":"","format":"standard","meta":{"footnotes":""},"categories":[9],"tags":[],"class_list":["post-19939","post","type-post","status-publish","format-standard","hentry","category-zpravy"],"_links":{"self":[{"href":"https:\/\/www.invarena.cz\/index.php?rest_route=\/wp\/v2\/posts\/19939","targetHints":{"allow":["GET"]}}],"collection":[{"href":"https:\/\/www.invarena.cz\/index.php?rest_route=\/wp\/v2\/posts"}],"about":[{"href":"https:\/\/www.invarena.cz\/index.php?rest_route=\/wp\/v2\/types\/post"}],"author":[{"embeddable":true,"href":"https:\/\/www.invarena.cz\/index.php?rest_route=\/wp\/v2\/users\/1"}],"replies":[{"embeddable":true,"href":"https:\/\/www.invarena.cz\/index.php?rest_route=%2Fwp%2Fv2%2Fcomments&post=19939"}],"version-history":[{"count":0,"href":"https:\/\/www.invarena.cz\/index.php?rest_route=\/wp\/v2\/posts\/19939\/revisions"}],"wp:attachment":[{"href":"https:\/\/www.invarena.cz\/index.php?rest_route=%2Fwp%2Fv2%2Fmedia&parent=19939"}],"wp:term":[{"taxonomy":"category","embeddable":true,"href":"https:\/\/www.invarena.cz\/index.php?rest_route=%2Fwp%2Fv2%2Fcategories&post=19939"},{"taxonomy":"post_tag","embeddable":true,"href":"https:\/\/www.invarena.cz\/index.php?rest_route=%2Fwp%2Fv2%2Ftags&post=19939"}],"curies":[{"name":"wp","href":"https:\/\/api.w.org\/{rel}","templated":true}]}}