{"id":19949,"date":"2015-02-16T14:02:02","date_gmt":"2015-02-16T13:02:02","guid":{"rendered":"http:\/\/www.invarena.cz\/?p=19949"},"modified":"2015-02-16T15:08:03","modified_gmt":"2015-02-16T14:08:03","slug":"postizene-deti-nepatri-do-beznych-skol","status":"publish","type":"post","link":"https:\/\/www.invarena.cz\/?p=19949","title":{"rendered":"Posti\u017een\u00e9 d\u011bti nepat\u0159\u00ed do b\u011b\u017en\u00fdch \u0161kol!"},"content":{"rendered":"<p><strong>Prezident Milo\u0161 Zeman p\u0159ed \u010dasem ve spole\u010dnosti otev\u0159el zaj\u00edmav\u00e9 t\u00e9ma. Pat\u0159\u00ed du\u0161evn\u011b a t\u011blesn\u011b posti\u017een\u00e9 d\u011bti do b\u011b\u017en\u00fdch \u0161kol? U prvn\u011b jmenovan\u00fdch d\u011bt\u00ed, tedy t\u011bch du\u0161evn\u011b posti\u017een\u00fdch je odpov\u011b\u010f velmi jednoduch\u00e1. Rozhodn\u011b nepat\u0159\u00ed a jejich umis\u0165ov\u00e1n\u00ed do b\u011b\u017en\u00fdch z\u00e1kladn\u00edch \u0161kol je \u0161kodliv\u00e9 jak pro n\u011b samotn\u00e9 tak i pro zdrav\u00e9 d\u011bti.<\/strong><!--more--><\/p>\n<p><strong>cel\u00fd \u010dl\u00e1nek ZDE<\/strong><a href=\"http:\/\/ozuch.blog.idnes.cz\/c\/448744\/Postizene-deti-nepatri-do-beznych-skol.html\"><\/a><\/p>\n<p>ilustra\u010dn\u00ed foto: PhotoRack<\/p>\n","protected":false},"excerpt":{"rendered":"<div class=\"mh-excerpt\"><p>Prezident Milo\u0161 Zeman p\u0159ed \u010dasem ve spole\u010dnosti otev\u0159el zaj\u00edmav\u00e9 t\u00e9ma. Pat\u0159\u00ed du\u0161evn\u011b a t\u011blesn\u011b posti\u017een\u00e9 d\u011bti do b\u011b\u017en\u00fdch \u0161kol? U prvn\u011b jmenovan\u00fdch d\u011bt\u00ed, tedy t\u011bch <a class=\"mh-excerpt-more\" href=\"https:\/\/www.invarena.cz\/?p=19949\" title=\"Posti\u017een\u00e9 d\u011bti nepat\u0159\u00ed do b\u011b\u017en\u00fdch \u0161kol!\">[&#8230;]<\/a><\/p>\n<\/div>","protected":false},"author":1,"featured_media":14298,"comment_status":"open","ping_status":"closed","sticky":false,"template":"","format":"standard","meta":{"footnotes":""},"categories":[9],"tags":[],"class_list":["post-19949","post","type-post","status-publish","format-standard","has-post-thumbnail","hentry","category-zpravy"],"_links":{"self":[{"href":"https:\/\/www.invarena.cz\/index.php?rest_route=\/wp\/v2\/posts\/19949","targetHints":{"allow":["GET"]}}],"collection":[{"href":"https:\/\/www.invarena.cz\/index.php?rest_route=\/wp\/v2\/posts"}],"about":[{"href":"https:\/\/www.invarena.cz\/index.php?rest_route=\/wp\/v2\/types\/post"}],"author":[{"embeddable":true,"href":"https:\/\/www.invarena.cz\/index.php?rest_route=\/wp\/v2\/users\/1"}],"replies":[{"embeddable":true,"href":"https:\/\/www.invarena.cz\/index.php?rest_route=%2Fwp%2Fv2%2Fcomments&post=19949"}],"version-history":[{"count":0,"href":"https:\/\/www.invarena.cz\/index.php?rest_route=\/wp\/v2\/posts\/19949\/revisions"}],"wp:featuredmedia":[{"embeddable":true,"href":"https:\/\/www.invarena.cz\/index.php?rest_route=\/wp\/v2\/media\/14298"}],"wp:attachment":[{"href":"https:\/\/www.invarena.cz\/index.php?rest_route=%2Fwp%2Fv2%2Fmedia&parent=19949"}],"wp:term":[{"taxonomy":"category","embeddable":true,"href":"https:\/\/www.invarena.cz\/index.php?rest_route=%2Fwp%2Fv2%2Fcategories&post=19949"},{"taxonomy":"post_tag","embeddable":true,"href":"https:\/\/www.invarena.cz\/index.php?rest_route=%2Fwp%2Fv2%2Ftags&post=19949"}],"curies":[{"name":"wp","href":"https:\/\/api.w.org\/{rel}","templated":true}]}}