{"id":19953,"date":"2015-02-17T08:20:25","date_gmt":"2015-02-17T07:20:25","guid":{"rendered":"http:\/\/www.invarena.cz\/?p=19953"},"modified":"2015-02-17T08:20:25","modified_gmt":"2015-02-17T07:20:25","slug":"mpsv-dnes-predstavi-chystane-zmeny-zakona-o-socialnich-sluzbach","status":"publish","type":"post","link":"https:\/\/www.invarena.cz\/?p=19953","title":{"rendered":"MPSV dnes p\u0159edstav\u00ed chystan\u00e9 zm\u011bny z\u00e1kona o soci\u00e1ln\u00edch slu\u017eb\u00e1ch"},"content":{"rendered":"<p><strong>Ministerstvo pr\u00e1ce se chyst\u00e1 dnes p\u0159edstavit zm\u011bny, kter\u00e9 p\u0159ipravuje v z\u00e1kon\u011b o soci\u00e1ln\u00edch slu\u017eb\u00e1ch. Dotknout se maj\u00ed mimo jin\u00e9 \u017eivota t\u011bch, kte\u0159\u00ed \u017eij\u00ed v \u00fastavech. <\/strong><!--more--><\/p>\n<p>Podle veden\u00ed resortu by dr\u017een\u00ed lid\u00ed v za\u0159\u00edzen\u00edch soci\u00e1ln\u00edch slu\u017eeb m\u011blo b\u00fdt nep\u0159\u00edpustn\u00e9. Z\u00e1kon o soci\u00e1ln\u00edch slu\u017eb\u00e1ch plat\u00ed v \u010cesku od roku 2007. Zavedl mimo jin\u00e9 p\u0159\u00edsp\u011bvky na p\u00e9\u010di. Lid\u00e9 si za n\u011b maj\u00ed zaplatit opatrov\u00e1n\u00ed doma \u010di v r\u016fzn\u00fdch za\u0159\u00edzen\u00edch. Nap\u0159\u00edklad dosp\u011bl\u00fd m\u016f\u017ee dostat 800, 4000, 8000 a 12.000 korun.<\/p>\n<p>D\u0159\u00edv\u011bj\u0161\u00ed anal\u00fdza uk\u00e1zala, \u017ee zhruba dv\u011b t\u0159etiny p\u0159\u00edjemc\u016f si za pen\u00edze od st\u00e1tu slu\u017eby a p\u00e9\u010di od registrovan\u00fdch poskytovatel\u016f nekupuj\u00ed. V\u00fdzkumn\u00fd \u00fastav pr\u00e1ce proto doporu\u010doval p\u0159\u00edsp\u011bvky zm\u011bnit. <\/p>\n<p>N\u00e1rodn\u00ed rada osob se zdravotn\u00edm posti\u017een\u00edm zas volala po tom, aby se \u010d\u00e1stky zv\u00fd\u0161ily. Od jejich zaveden\u00ed se toti\u017e nevalorizovaly. Loni st\u00e1t na p\u0159\u00edsp\u011bvc\u00edch vyplatil 20,4 miliardy korun.<\/p>\n<p>\tradio.cz<\/p>\n","protected":false},"excerpt":{"rendered":"<div class=\"mh-excerpt\"><p>Ministerstvo pr\u00e1ce se chyst\u00e1 dnes p\u0159edstavit zm\u011bny, kter\u00e9 p\u0159ipravuje v z\u00e1kon\u011b o soci\u00e1ln\u00edch slu\u017eb\u00e1ch. Dotknout se maj\u00ed mimo jin\u00e9 \u017eivota t\u011bch, kte\u0159\u00ed \u017eij\u00ed v \u00fastavech.<\/p>\n<\/div>","protected":false},"author":1,"featured_media":1226,"comment_status":"open","ping_status":"closed","sticky":false,"template":"","format":"standard","meta":{"footnotes":""},"categories":[6],"tags":[],"class_list":["post-19953","post","type-post","status-publish","format-standard","has-post-thumbnail","hentry","category-politika"],"_links":{"self":[{"href":"https:\/\/www.invarena.cz\/index.php?rest_route=\/wp\/v2\/posts\/19953","targetHints":{"allow":["GET"]}}],"collection":[{"href":"https:\/\/www.invarena.cz\/index.php?rest_route=\/wp\/v2\/posts"}],"about":[{"href":"https:\/\/www.invarena.cz\/index.php?rest_route=\/wp\/v2\/types\/post"}],"author":[{"embeddable":true,"href":"https:\/\/www.invarena.cz\/index.php?rest_route=\/wp\/v2\/users\/1"}],"replies":[{"embeddable":true,"href":"https:\/\/www.invarena.cz\/index.php?rest_route=%2Fwp%2Fv2%2Fcomments&post=19953"}],"version-history":[{"count":0,"href":"https:\/\/www.invarena.cz\/index.php?rest_route=\/wp\/v2\/posts\/19953\/revisions"}],"wp:featuredmedia":[{"embeddable":true,"href":"https:\/\/www.invarena.cz\/index.php?rest_route=\/wp\/v2\/media\/1226"}],"wp:attachment":[{"href":"https:\/\/www.invarena.cz\/index.php?rest_route=%2Fwp%2Fv2%2Fmedia&parent=19953"}],"wp:term":[{"taxonomy":"category","embeddable":true,"href":"https:\/\/www.invarena.cz\/index.php?rest_route=%2Fwp%2Fv2%2Fcategories&post=19953"},{"taxonomy":"post_tag","embeddable":true,"href":"https:\/\/www.invarena.cz\/index.php?rest_route=%2Fwp%2Fv2%2Ftags&post=19953"}],"curies":[{"name":"wp","href":"https:\/\/api.w.org\/{rel}","templated":true}]}}