{"id":19956,"date":"2015-02-17T01:11:46","date_gmt":"2015-02-17T00:11:46","guid":{"rendered":"http:\/\/www.invarena.cz\/?p=19956"},"modified":"2015-02-17T12:40:04","modified_gmt":"2015-02-17T11:40:04","slug":"canisterapie-je-pro-deti-odmenou-rika-ucitelka-z-detskeho-centra","status":"publish","type":"post","link":"https:\/\/www.invarena.cz\/?p=19956","title":{"rendered":"Canisterapie je pro d\u011bti odm\u011bnou, \u0159\u00edk\u00e1 u\u010ditelka z D\u011btsk\u00e9ho centra"},"content":{"rendered":"<p><strong>Ka\u017ed\u00e9 d\u00edt\u011b ze Z\u00e1kladn\u00ed a mate\u0159sk\u00e9 \u0161koly D\u011btsk\u00e9 centrum Hranice v\u00ed, co to znamen\u00e1, \u017ee p\u0159ijedou pejsci. Mohou se toti\u017e jednou za \u010dtrn\u00e1ct dn\u00ed t\u011b\u0161it z n\u00e1v\u0161t\u011bvy canisterapeuta se sv\u00fdmi t\u0159emi psy. Canisterapie je l\u00e9\u010debn\u00fd kontakt psa a \u010dlov\u011bka. Pes u\u017e svou p\u0159\u00edtomnost\u00ed dok\u00e1\u017ee vyvolat dobrou n\u00e1ladu v\u0161ude tam, kde je j\u00ed nedostatek.<\/strong><!--more--><\/p>\n<p>Hranice \u2013 D\u011bti, kter\u00e9 doch\u00e1zej\u00ed do \u0161koly D\u011btsk\u00e9 centrum, trp\u00ed r\u016fzn\u00fdmi ment\u00e1ln\u00edmi a t\u011blesn\u00fdmi posti\u017een\u00edmi. N\u011bkter\u00e9 nemluv\u00ed, ale komunikovat se sv\u00fdmi u\u010diteli a asistenty um\u011bj\u00ed. N\u011bkdy a\u017e na hranici telepatie, jak potvrzuj\u00ed i sami asistenti. &#8222;Ka\u017ed\u00e9 d\u00edt\u011b p\u0159imkne k jin\u00e9mu u\u010diteli. Je neuv\u011b\u0159iteln\u00e9, \u017ee dok\u00e1\u017eou poznat, kdo p\u0159ich\u00e1z\u00ed, ani\u017e by n\u00e1s vid\u011bli. To n\u00e1s pak v\u00edtaj\u00ed u\u017e zd\u00e1lky,&#8220; popisuje u\u010ditelka Sv\u011btlana Luka\u010dkov\u00e1.<\/p>\n<p>P\u0159ed dev\u00e1tou hodinou zavedou u\u010ditel\u00e9 sv\u00e9 sv\u011b\u0159ence do mal\u00e9 t\u011blocvi\u010dny, kde d\u011bti netrp\u011bliv\u011b \u010dekaj\u00ed. V dev\u011bt hodin se hl\u00e1s\u00ed Vladim\u00edr Do\u0161ek se t\u0159emi fenkami n\u011bmeck\u00fdch ov\u010d\u00e1k\u016f \u2013 Brita, kter\u00e1 m\u00e1 deset let, p\u011btilet\u00e1 Nami, dle slov jej\u00edho p\u00e1na puber\u0165a\u010dka, a nejmlad\u0161\u00ed dvoulet\u00e1 Dina. Spolu se psy p\u0159ich\u00e1z\u00ed obrovsk\u00e9 nad\u0161en\u00ed a povyk.<\/p>\n<p>Nejd\u0159\u00edv pomohou kanto\u0159i mal\u00e9mu Tom\u00e1\u0161kovi, kter\u00fd je na speci\u00e1ln\u00edm voz\u00edku. Ulo\u017e\u00ed ho na zem, canisterapeut vyd\u00e1 t\u0159i povely a fenky doslova oblo\u017e\u00ed Tom\u00e1\u0161ka sv\u00fdmi t\u011bly. Tom se za\u010d\u00edn\u00e1 uvol\u0148ovat, usm\u00edvat a k\u0159e\u010dovit\u011b sev\u0159en\u00e9 p\u011bsti se za\u010d\u00ednaj\u00ed pomalu uvol\u0148ovat. Psi zah\u0159\u00edvaj\u00ed a p\u0159in\u00e1\u0161ej\u00ed klid.<\/p>\n<p>Pozorovatel pak m\u016f\u017ee vid\u011bt, jak se hoch m\u011bn\u00ed p\u0159ed o\u010dima. Po deseti minut\u00e1ch se psy je z n\u011bj jin\u00fd \u010dlov\u011bk. &#8222;M\u016f\u017eeme v\u0161ichni shodn\u011b potvrdit, \u017ee canisterapie opravdu pom\u00e1h\u00e1. T\u00edm, \u017ee d\u011bti le\u017e\u00ed, se zklidn\u00ed a uvoln\u00ed se. Pro n\u011b jsou psi odm\u011bnou,&#8220; uv\u00e1d\u00ed dal\u0161\u00ed u\u010ditelka Eli\u0161ka Camfrlov\u00e1. V pr\u016fb\u011bhu dvou hodin se tak vyst\u0159\u00eddaj\u00ed v\u0161echny d\u011bti ve \u0161kole. Od nejmen\u0161\u00edch po nejstar\u0161\u00ed.<\/p>\n<p>Zdravotn\u011b znev\u00fdhodn\u011bn\u00e9 d\u011bti m\u00e1 canisterapeut rad\u0161i. Tvrd\u00ed, \u017ee si jeho pr\u00e1ce v\u00e1\u017e\u00ed daleko v\u00edc a jde vid\u011bt, \u017ee se poka\u017ed\u00e9 t\u011b\u0161\u00ed a nikdy se jim neomrz\u00ed. &#8222;Doch\u00e1zel jsem i do d\u011btsk\u00fdch domov\u016f, ale po dvou t\u0159ech n\u00e1v\u0161t\u011bv\u00e1ch u\u017e to nem\u011blo takov\u00fd p\u0159\u00ednos jako t\u0159eba tady,&#8220; vysv\u011btluje Vladim\u00edr Do\u0161ek. Fenk\u00e1m v\u016fbec nevad\u00ed, \u017ee si na n\u011b d\u011bti lehnou, trochu je zatahaj\u00ed a hlad\u00ed. Nap\u0159\u00edklad devaten\u00e1ctilet\u00e1 nemluvn\u00e1 Lucie se ze za\u010d\u00e1tku terapie ps\u016f velmi b\u00e1la. &#8222;Lucka hystericky \u0159vala a ne\u0161la ke psovi bl\u00ed\u017e jak 40 metr\u016f, te\u010f si k nim s nad\u0161en\u00edm lehne a nech\u00e1 se olizovat s \u00fasm\u011bvem na rtech,&#8220; vzpom\u00edn\u00e1 Sv\u011btlana Luka\u010dkov\u00e1.<\/p>\n<p>Pro\u010d pracuje ve speci\u00e1ln\u00ed \u0161kole, vysv\u011btluje jedin\u00fd mu\u017esk\u00fd z\u00e1stupce (mimo pana \u0159editele) asistent Petr \u0160krob\u00e1nek. &#8222;Nastoupil jsem sem na civiln\u00ed slu\u017ebu a u\u017e tu z\u016fstal. Jsou to hodn\u00e9 d\u011bti. Nikdy neubl\u00ed\u017e\u00ed naschv\u00e1l. \u010c\u00edm je stupe\u0148 posti\u017een\u00ed vy\u0161\u0161\u00ed, t\u00edm m\u00e9n\u011b jsou z\u00e1ke\u0159n\u00e9,&#8220; popisuje sv\u00e9 sv\u011b\u0159ence s \u00fasm\u011bvem.<\/p>\n<p>&#8222;Kdy\u017e maj\u00ed na\u0161i \u017e\u00e1ci radost, m\u00e1me radost i my. Navz\u00e1jem si ji tu tak p\u0159ed\u00e1v\u00e1me a jsme tu \u0161\u0165astn\u00ed. Na z\u00e1kladn\u00ed \u0161kole bychom u\u010dit nemohli,&#8220; shoduj\u00ed se v\u0161ichni u\u010ditel\u00e9.<\/p>\n<p>P\u0159erovsk\u00fd den\u00edk<br \/>\n<a href=\"http:\/\/www.prerovsky.denik.cz\/\">http:\/\/www.prerovsky.denik.cz\/<\/a><\/p>\n","protected":false},"excerpt":{"rendered":"<div class=\"mh-excerpt\"><p>Ka\u017ed\u00e9 d\u00edt\u011b ze Z\u00e1kladn\u00ed a mate\u0159sk\u00e9 \u0161koly D\u011btsk\u00e9 centrum Hranice v\u00ed, co to znamen\u00e1, \u017ee p\u0159ijedou pejsci. Mohou se toti\u017e jednou za \u010dtrn\u00e1ct dn\u00ed t\u011b\u0161it <a class=\"mh-excerpt-more\" href=\"https:\/\/www.invarena.cz\/?p=19956\" title=\"Canisterapie je pro d\u011bti odm\u011bnou, \u0159\u00edk\u00e1 u\u010ditelka z D\u011btsk\u00e9ho centra\">[&#8230;]<\/a><\/p>\n<\/div>","protected":false},"author":1,"featured_media":4079,"comment_status":"open","ping_status":"closed","sticky":false,"template":"","format":"standard","meta":{"footnotes":""},"categories":[9],"tags":[],"class_list":["post-19956","post","type-post","status-publish","format-standard","has-post-thumbnail","hentry","category-zpravy"],"_links":{"self":[{"href":"https:\/\/www.invarena.cz\/index.php?rest_route=\/wp\/v2\/posts\/19956","targetHints":{"allow":["GET"]}}],"collection":[{"href":"https:\/\/www.invarena.cz\/index.php?rest_route=\/wp\/v2\/posts"}],"about":[{"href":"https:\/\/www.invarena.cz\/index.php?rest_route=\/wp\/v2\/types\/post"}],"author":[{"embeddable":true,"href":"https:\/\/www.invarena.cz\/index.php?rest_route=\/wp\/v2\/users\/1"}],"replies":[{"embeddable":true,"href":"https:\/\/www.invarena.cz\/index.php?rest_route=%2Fwp%2Fv2%2Fcomments&post=19956"}],"version-history":[{"count":0,"href":"https:\/\/www.invarena.cz\/index.php?rest_route=\/wp\/v2\/posts\/19956\/revisions"}],"wp:featuredmedia":[{"embeddable":true,"href":"https:\/\/www.invarena.cz\/index.php?rest_route=\/wp\/v2\/media\/4079"}],"wp:attachment":[{"href":"https:\/\/www.invarena.cz\/index.php?rest_route=%2Fwp%2Fv2%2Fmedia&parent=19956"}],"wp:term":[{"taxonomy":"category","embeddable":true,"href":"https:\/\/www.invarena.cz\/index.php?rest_route=%2Fwp%2Fv2%2Fcategories&post=19956"},{"taxonomy":"post_tag","embeddable":true,"href":"https:\/\/www.invarena.cz\/index.php?rest_route=%2Fwp%2Fv2%2Ftags&post=19956"}],"curies":[{"name":"wp","href":"https:\/\/api.w.org\/{rel}","templated":true}]}}