{"id":19963,"date":"2015-02-17T10:42:16","date_gmt":"2015-02-17T09:42:16","guid":{"rendered":"http:\/\/www.invarena.cz\/?p=19963"},"modified":"2015-02-17T10:42:16","modified_gmt":"2015-02-17T09:42:16","slug":"vozickari-maji-v-hokejovych-halach-prostoru-dost-horsi-je-pristup-personalu","status":"publish","type":"post","link":"https:\/\/www.invarena.cz\/?p=19963","title":{"rendered":"Voz\u00ed\u010dk\u00e1\u0159i maj\u00ed v hokejov\u00fdch hal\u00e1ch prostoru dost, hor\u0161\u00ed je p\u0159\u00edstup person\u00e1lu"},"content":{"rendered":"<p><strong>Podm\u00ednky na \u010desk\u00fdch hokejov\u00fdch stadionech jsou r\u016fzn\u00e9 a mnohem v\u00edce si toho musej\u00ed v\u0161\u00edmat hendikepovan\u00ed fanou\u0161ci. Voz\u00ed\u010dek m\u016f\u017ee b\u00fdt toti\u017e v n\u011bkter\u00fdch hal\u00e1ch velk\u00fdm probl\u00e9mem. V\u011bt\u0161\u00ed roli ale v\u011bt\u0161inou hraje n\u011bco jin\u00e9ho.<\/strong><!--more--><\/p>\n<p>&#8222;Nejv\u011bt\u0161\u00edm probl\u00e9mem rozhodn\u011b nen\u00ed technick\u00fd stav stadionu, ale sp\u00ed\u0161e p\u0159\u00edstup person\u00e1lu,&#8220; \u0159\u00edk\u00e1 na pardubick\u00e9m stadionu t\u0159ineck\u00e1 fanynka, kter\u00e1 m\u00e1 nap\u0159\u00ed\u010d extraligou s \u010d\u00edm srovn\u00e1vat. &#8222;A jsou t\u0159eba star\u00fd stadiony \u201aplechovky\u2018 jako v Bolce, ale tam p\u0159ed t\u011bmi po\u0159adateli smek\u00e1m, proto\u017ee maj\u00ed super lidsk\u00fd p\u0159\u00edstup.&#8220;<\/p>\n<p>V Pardubic\u00edch probl\u00e9m nem\u011bla, vyjeli jsme v\u00fdtahem a pak u\u017e j\u00ed kolega z fanclubu pomohl na m\u00edsto v hale. I kdy\u017e je rad\u011bji jinde ne\u017e na m\u00edstech vyhrazen\u00fdch pro voz\u00ed\u010dk\u00e1\u0159e. &#8222;Kdy\u017e to jde, tak se sna\u017e\u00edm b\u00fdt v kotli. V\u011bt\u0161inou m\u011b tam kolegov\u00e9 doprav\u00ed. N\u011bkde to po\u0159adatel\u00e9 toleruj\u00ed, n\u011bkde m\u00e9n\u011b. Probl\u00e9m je t\u0159eba na Slavii, ale d\u00e1 se.&#8220;Pak jsou ale m\u00edsta, kde se to opravdu moc ned\u00e1. A tak nab\u00edz\u00ed dlouholet\u00e1 fanynka t\u0159ineck\u00fdch Ocel\u00e1\u0159\u016f i jinou osobn\u00ed zku\u0161enost.&#8220;Nejhor\u0161\u00ed to je v Hradci, proto\u017ee tam nejsou v\u00fdtahy a po\u0159adatel\u00e9 maj\u00ed za povinnost vyn\u00e9st voz\u00ed\u010dk\u00e1\u0159e na tribunu. A to je \u0161\u00edlen\u00fd pocit, to se voz\u00ed\u010dk\u00e1\u0159 c\u00edt\u00ed fakt blb\u011b.&#8220;<\/p>\n<p>Na z\u00e1pasech jej\u00ed voz\u00ed\u010dek nep\u0159ehl\u00e9dnete, m\u00e1 na n\u011bm toti\u017e na obou stran\u00e1ch logo Ocel\u00e1\u0159\u016f, se kter\u00fdm se p\u0159ed pardubickou halou nechala ochotn\u011b vyfotit.<\/p>\n<p>&#8222;Vzniklo to tak spont\u00e1nn\u011b, \u017ee p\u0159i\u0161el Je\u017e\u00ed\u0161ek a p\u0159inesl to. Jsem dlouholet\u00e1 fanynka T\u0159ince, ale tuhle kr\u00e1su m\u00e1m teprve t\u0159i roky. Bylo to i na podporu moj\u00ed psychiky.&#8220;<\/p>\n<p>Modern\u00ed hala v Liberci voz\u00ed\u010dk\u00e1\u0159\u016fm p\u0159i sledov\u00e1n\u00ed hokeje nevyhovuje. Vydejme se ale p\u0159es celou republiku z T\u0159ince do Plzn\u011b, kam \u010dasto zav\u00edt\u00e1 fanou\u0161ek dom\u00e1c\u00edch Petr a jeho m\u00edsto v hale mu vyhovuje.<\/p>\n<p>&#8222;Tady je to dobr\u00fd. Je tady asi t\u0159in\u00e1ct m\u00edst, ale n\u011bkdy je z\u00e1jem v\u011bt\u0161\u00ed. Jsou to hezk\u00fd m\u00edsta u ledu. T\u0159eba na Slavii je to lep\u0161\u00ed, tam jsou vyhrazen\u00e1 m\u00edsta v polovin\u011b haly, ale je to nov\u00e1 hala, tak\u017ee to ch\u00e1pu,&#8220; \u0159\u00edk\u00e1 fanou\u0161ek Petr z Plzn\u011b.<\/p>\n<p>Franti\u0161ek Kuna, Vojt\u011bch Bure\u0161<\/p>\n<p>rozhlas.cz<\/p>\n","protected":false},"excerpt":{"rendered":"<div class=\"mh-excerpt\"><p>Podm\u00ednky na \u010desk\u00fdch hokejov\u00fdch stadionech jsou r\u016fzn\u00e9 a mnohem v\u00edce si toho musej\u00ed v\u0161\u00edmat hendikepovan\u00ed fanou\u0161ci. Voz\u00ed\u010dek m\u016f\u017ee b\u00fdt toti\u017e v n\u011bkter\u00fdch hal\u00e1ch velk\u00fdm probl\u00e9mem. <a class=\"mh-excerpt-more\" href=\"https:\/\/www.invarena.cz\/?p=19963\" title=\"Voz\u00ed\u010dk\u00e1\u0159i maj\u00ed v hokejov\u00fdch hal\u00e1ch prostoru dost, hor\u0161\u00ed je p\u0159\u00edstup person\u00e1lu\">[&#8230;]<\/a><\/p>\n<\/div>","protected":false},"author":1,"featured_media":12371,"comment_status":"open","ping_status":"closed","sticky":false,"template":"","format":"standard","meta":{"footnotes":""},"categories":[9],"tags":[],"class_list":["post-19963","post","type-post","status-publish","format-standard","has-post-thumbnail","hentry","category-zpravy"],"_links":{"self":[{"href":"https:\/\/www.invarena.cz\/index.php?rest_route=\/wp\/v2\/posts\/19963","targetHints":{"allow":["GET"]}}],"collection":[{"href":"https:\/\/www.invarena.cz\/index.php?rest_route=\/wp\/v2\/posts"}],"about":[{"href":"https:\/\/www.invarena.cz\/index.php?rest_route=\/wp\/v2\/types\/post"}],"author":[{"embeddable":true,"href":"https:\/\/www.invarena.cz\/index.php?rest_route=\/wp\/v2\/users\/1"}],"replies":[{"embeddable":true,"href":"https:\/\/www.invarena.cz\/index.php?rest_route=%2Fwp%2Fv2%2Fcomments&post=19963"}],"version-history":[{"count":0,"href":"https:\/\/www.invarena.cz\/index.php?rest_route=\/wp\/v2\/posts\/19963\/revisions"}],"wp:featuredmedia":[{"embeddable":true,"href":"https:\/\/www.invarena.cz\/index.php?rest_route=\/wp\/v2\/media\/12371"}],"wp:attachment":[{"href":"https:\/\/www.invarena.cz\/index.php?rest_route=%2Fwp%2Fv2%2Fmedia&parent=19963"}],"wp:term":[{"taxonomy":"category","embeddable":true,"href":"https:\/\/www.invarena.cz\/index.php?rest_route=%2Fwp%2Fv2%2Fcategories&post=19963"},{"taxonomy":"post_tag","embeddable":true,"href":"https:\/\/www.invarena.cz\/index.php?rest_route=%2Fwp%2Fv2%2Ftags&post=19963"}],"curies":[{"name":"wp","href":"https:\/\/api.w.org\/{rel}","templated":true}]}}