{"id":19966,"date":"2015-02-17T12:22:16","date_gmt":"2015-02-17T11:22:16","guid":{"rendered":"http:\/\/www.invarena.cz\/?p=19966"},"modified":"2015-02-17T12:22:16","modified_gmt":"2015-02-17T11:22:16","slug":"v-breclavi-bude-zrizen-babybox","status":"publish","type":"post","link":"https:\/\/www.invarena.cz\/?p=19966","title":{"rendered":"V B\u0159eclavi bude z\u0159\u00edzen babybox"},"content":{"rendered":"<p><strong>Zakladatel babybox\u016f Ludv\u00edk Hess chce z\u0159\u00eddit schr\u00e1nku pro odlo\u017een\u00e9 d\u011bti v B\u0159eclavi, \u0159ekl v souvislosti s n\u00e1lezem mrtv\u00fdch novoroze\u0148at v Doln\u00edch Dunajovic\u00edch na B\u0159eclavsku. Podle \u0159editelky b\u0159eclavsk\u00e9 nemocnice Janky Bambasov\u00e9 nen\u00ed jeho instalace mo\u017en\u00e1 kv\u016fli stavebn\u00edmu uspo\u0159\u00e1d\u00e1n\u00ed nemocnice. <\/strong><!--more--><\/p>\n<p>Starosta Pavel Dominik (Pro Region) v\u0161ak \u010cTK \u0159ekl, \u017ee se radnice bude sna\u017eit naj\u00edt takov\u00e9 \u0159e\u0161en\u00ed, kter\u00e9 by vedlo ke z\u0159\u00edzen\u00ed schr\u00e1nky. Podporuje ji i kraj, kter\u00fd je z\u0159izovatelem nemocnice.<\/p>\n<p>Hess se o babybox v B\u0159eclavi pokou\u0161el u\u017e v minulosti, ale ne\u00fasp\u011b\u0161n\u011b. &#8222;Zkou\u0161el jsem to v roce 2013 po n\u00e1lezu mrtv\u00fdch novoroze\u0148at ve Vlasatic\u00edch a \u0159editelce nemocnice jsem odeslal dopis i nyn\u00ed po p\u0159\u00edpadu v Doln\u00edch Dunajovic\u00edch,&#8220; uvedl Hess. Zat\u00edm na odpov\u011b\u010f \u0159editelky \u010dek\u00e1.<br \/>\nBambasov\u00e1 zat\u00edm o z\u0159\u00edzen\u00ed schr\u00e1nky pro necht\u011bn\u00e9 d\u011bti neuva\u017euje. &#8222;Nejsme proti babyboxu, a kdyby m\u011bl zachr\u00e1nit jedin\u00fd \u017eivot, byla bych r\u00e1da. Ale nemocnice je technicky uspo\u0159\u00e1dan\u00e1 tak, \u017ee nev\u00edm, kam bychom ho dali,&#8220; \u0159ekla. Podle n\u00ed nelze babybox um\u00edstit zvenku na n\u011bkterou z budov nemocnice, jak to je ve v\u011bt\u0161in\u011b dal\u0161\u00edch za\u0159\u00edzen\u00ed. &#8222;Musel by b\u00fdt uvnit\u0159 are\u00e1lu, kam by musela matka i s d\u00edt\u011btem vstoupit. T\u00edm by se nezachovala anonymita \u010dlov\u011bka,&#8220; uvedla Bambasov\u00e1. Doplnila, \u017ee je tak\u00e9 diskutabiln\u00ed, zda by babybox v B\u0159eclavi mohl zachr\u00e1nit mrtv\u00e9 d\u011bti v Doln\u00edch Dunajovic\u00edch nebo Vlasatic\u00edch.<br \/>\nVe Vlasatic\u00edch matka zavra\u017edila t\u0159i novorozence, za co\u017e si odpyk\u00e1v\u00e1 22 let v\u011bzen\u00ed. Obdobn\u00fd p\u0159\u00edpad policist\u00e9 prov\u011b\u0159uj\u00ed nyn\u00ed v Doln\u00edch Dunajovic\u00edch, kde ze smrti t\u0159\u00ed novorozenc\u016f podez\u00edraj\u00ed jejich matku. &#8222;Nejsem si jist\u00fd, zda by zrovna tato necht\u011bn\u00e1 ml\u00e1\u010f\u00e1tka babybox zachr\u00e1nil, proto\u017ee se u jejich matek jednalo o psychotick\u00fd stav. I tak si ale mysl\u00edm, \u017ee by m\u011bl babybox v B\u0159eclavi b\u00fdt,&#8220; dodal Hess.<br \/>\nStarosta Dominik \u0159ekl, \u017ee z\u0159\u00edzen\u00ed babyboxu ve m\u011bst\u011b bylo v programov\u00e9m prohl\u00e1\u0161en\u00ed rady. &#8222;Usilujeme o to, aby vznikl. Celou situaci budeme s \u0159editelkou nemocnice \u0159e\u0161it, abychom do\u0161li do zd\u00e1rn\u00e9ho konce. Mus\u00edme se pod\u00edvat na technick\u00e9 mo\u017enosti nemocnice,&#8220; dodal. Radnice by podle n\u011bj vznik babyboxu i finan\u010dn\u011b podpo\u0159ila.<br \/>\nObdobn\u011b hovo\u0159\u00ed i jihomoravsk\u00fd hejtman Michal Ha\u0161ek (\u010cSSD). &#8222;Osobn\u011b babyboxy v krajsk\u00fdch nemocnic\u00edch dlouhodob\u011b podporuji. Nevid\u00edm \u017e\u00e1dn\u00fd probl\u00e9m ve z\u0159\u00edzen\u00ed v B\u0159eclavi. Je to na\u0161e nemocnice, tak\u017ee se na z\u0159\u00edzen\u00ed budeme pod\u00edlet,&#8220; doplnil Ha\u0161ek.<br \/>\nZ\u0159\u00edzen\u00ed schr\u00e1nky stoj\u00ed kolem \u010dtvrt milionu korun. Za v\u00edce ne\u017e deset let vzniklo v zemi 63 babybox\u016f. Lid\u00e9 do nich zat\u00edm um\u00edstili 114 d\u011bt\u00ed. Babybox je v podstat\u011b novorozeneck\u00fd inkub\u00e1tor. Ve chv\u00edli, kdy je do n\u011bj d\u00edt\u011b vlo\u017eeno, zapne se vyh\u0159\u00edv\u00e1n\u00ed a ventilace a s m\u00edrnou prodlevou i alarm, kter\u00fd upozorn\u00ed zdravotnick\u00fd person\u00e1l.<\/p>\n","protected":false},"excerpt":{"rendered":"<div class=\"mh-excerpt\"><p>Zakladatel babybox\u016f Ludv\u00edk Hess chce z\u0159\u00eddit schr\u00e1nku pro odlo\u017een\u00e9 d\u011bti v B\u0159eclavi, \u0159ekl v souvislosti s n\u00e1lezem mrtv\u00fdch novoroze\u0148at v Doln\u00edch Dunajovic\u00edch na B\u0159eclavsku. Podle <a class=\"mh-excerpt-more\" href=\"https:\/\/www.invarena.cz\/?p=19966\" title=\"V B\u0159eclavi bude z\u0159\u00edzen babybox\">[&#8230;]<\/a><\/p>\n<\/div>","protected":false},"author":1,"featured_media":0,"comment_status":"open","ping_status":"closed","sticky":false,"template":"","format":"standard","meta":{"footnotes":""},"categories":[9],"tags":[],"class_list":["post-19966","post","type-post","status-publish","format-standard","hentry","category-zpravy"],"_links":{"self":[{"href":"https:\/\/www.invarena.cz\/index.php?rest_route=\/wp\/v2\/posts\/19966","targetHints":{"allow":["GET"]}}],"collection":[{"href":"https:\/\/www.invarena.cz\/index.php?rest_route=\/wp\/v2\/posts"}],"about":[{"href":"https:\/\/www.invarena.cz\/index.php?rest_route=\/wp\/v2\/types\/post"}],"author":[{"embeddable":true,"href":"https:\/\/www.invarena.cz\/index.php?rest_route=\/wp\/v2\/users\/1"}],"replies":[{"embeddable":true,"href":"https:\/\/www.invarena.cz\/index.php?rest_route=%2Fwp%2Fv2%2Fcomments&post=19966"}],"version-history":[{"count":0,"href":"https:\/\/www.invarena.cz\/index.php?rest_route=\/wp\/v2\/posts\/19966\/revisions"}],"wp:attachment":[{"href":"https:\/\/www.invarena.cz\/index.php?rest_route=%2Fwp%2Fv2%2Fmedia&parent=19966"}],"wp:term":[{"taxonomy":"category","embeddable":true,"href":"https:\/\/www.invarena.cz\/index.php?rest_route=%2Fwp%2Fv2%2Fcategories&post=19966"},{"taxonomy":"post_tag","embeddable":true,"href":"https:\/\/www.invarena.cz\/index.php?rest_route=%2Fwp%2Fv2%2Ftags&post=19966"}],"curies":[{"name":"wp","href":"https:\/\/api.w.org\/{rel}","templated":true}]}}