{"id":19993,"date":"2015-02-19T10:45:50","date_gmt":"2015-02-19T09:45:50","guid":{"rendered":"http:\/\/www.invarena.cz\/?p=19993"},"modified":"2015-02-19T11:13:23","modified_gmt":"2015-02-19T10:13:23","slug":"prispevek-na-peci-se-ma-zvysit-narodni-rada-zp-chce-o-10-procent","status":"publish","type":"post","link":"https:\/\/www.invarena.cz\/?p=19993","title":{"rendered":"P\u0159\u00edsp\u011bvek na p\u00e9\u010di se m\u00e1 zv\u00fd\u0161it. N\u00e1rodn\u00ed rada chce o 10 procent"},"content":{"rendered":"<p><strong>Spravedliv\u011bj\u0161\u00ed posuzov\u00e1n\u00ed m\u00edry <span class=\"highlight\">posti\u017een\u00ed<\/span>, vy\u0161\u0161\u00ed p\u0159\u00edsp\u011bvek na p\u00e9\u010di a dorovn\u00e1n\u00ed minim\u00e1ln\u00ed mzdy pro handicapovan\u00e9 p\u0159isl\u00edbili z\u00e1stupc\u016fm N\u00e1rodn\u00ed rady osob se zdravotn\u00edm posti\u017een\u00edm premi\u00e9r a ministryn\u011b pr\u00e1ce a soci\u00e1ln\u00edch v\u011bc\u00ed. V\u00edc pen\u011bz by m\u011bli dostat u\u017e od p\u0159\u00ed\u0161t\u00edho roku.\u00a0 Na \u010cT 24 o tom hovo\u0159ili s p\u0159edsedou N\u00e1rodn\u00ed rady osob se zdravotn\u00edm posti\u017een\u00edm V\u00e1clavem Kr\u00e1sou.<\/strong><!--more--><\/p>\n<p>Ji\u0159\u00ed chodit p\u0159estal, kdy\u017e mu bylo 6. Kv\u016fli nemoci mu postupn\u011b ochabuj\u00ed svaly, postavit se dok\u00e1\u017ee jen s pomoc\u00ed p\u0159\u00edstroje. S v\u00fdjimkou dopoledne, kdy je ve \u0161kole, tr\u00e1v\u00ed 10let\u00fd Jirka ve\u0161ker\u00fd \u010das s matkou, kter\u00e1 o n\u011bj pe\u010duje. Za posledn\u00ed roky se jeho stav v\u00fdrazn\u011b zhor\u0161il a tak si krom\u011b Lega a televize r\u00e1d kr\u00e1t\u00ed \u010das t\u0159eba \u010dten\u00edm.<\/p>\n<p>Jen\u017ee pr\u00e1v\u011b jeho bystr\u00e1 hlava m\u016f\u017ee za to, \u017ee mu \u00fa\u0159ady sn\u00ed\u017eily stupe\u0148 z\u00e1vislosti a tedy i p\u0159\u00edsp\u011bvek na p\u00e9\u010di.<\/p>\n<p>Marta FERDANOV\u00c1, matka Ji\u0159\u00edho: Posuzov\u00e1n\u00ed bodu komunikace, orientace odd\u011blen\u011b od mobility a sebeobsluhy je nesmysl, proto\u017ee tyhle ty dv\u011b v\u011bci jsou propojen\u00e9.<\/p>\n<p>S t\u00edm souhlas\u00ed i N\u00e1rodn\u00ed rada osob se zdravotn\u00edm posti\u017een\u00edm. P\u0159\u00edpad Ferdanov\u00fdch toti\u017e nen\u00ed ojedin\u011bl\u00fd. Mnohem spravedliv\u011bj\u0161\u00ed je podle n\u00ed syst\u00e9m, kter\u00fd funguje v N\u011bmecku, anebo Rakousku. Tam m\u00edru z\u00e1vislosti ur\u010duj\u00ed podle \u010dasov\u00e9 n\u00e1ro\u010dnosti p\u00e9\u010de.<\/p>\n<p>V\u00e1clav KR\u00c1SA,: To je objektivn\u00ed hledisko a zohled\u0148uje t\u0159eba lidi s autismem, lidi s du\u0161evn\u00edm onemocn\u011bn\u00edm.<\/p>\n<p>Michaela MARKSOV\u00c1, ministryn\u011b pr\u00e1ce a soci\u00e1ln\u00edch v\u011bc\u00ed : My te\u010f novelizujeme z\u00e1kon o soci\u00e1ln\u00edch slu\u017eb\u00e1ch, kde ta novela by m\u011bla platit od 1. ledna 2017, ale rozhodn\u011b po\u010d\u00edt\u00e1me se zm\u011bnou toho posuzov\u00e1n\u00ed.<\/p>\n<p><strong>To ale nen\u00ed jedin\u00fd \u00fakol, kter\u00fd si ministryn\u011b z dne\u0161n\u00edho jedn\u00e1n\u00ed odnesla. Nejpozd\u011bji od p\u0159\u00ed\u0161t\u00edho roku by se m\u011bl tak\u00e9 valorizovat p\u0159\u00edsp\u011bvek na p\u00e9\u010di.<\/strong><\/p>\n<p>Michaela MARKSOV\u00c1: J\u00e1 jsem dostala za \u00fakol p\u0159edlo\u017eit r\u016fzn\u00e9 ty varianty nav\u00fd\u0161en\u00ed a kolik by to ud\u011blalo tu celkovou \u010d\u00e1stku.<\/p>\n<p>Rada <span class=\"highlight\">zdravotn\u011b<\/span> <span class=\"highlight\">posti\u017een\u00fdch<\/span> navrhuje jednor\u00e1zov\u00e9 nav\u00fd\u0161en\u00ed o 10 %, t\u0159eba Ferdanovi by si polep\u0161ili o dev\u011bt stovek m\u011bs\u00ed\u010dn\u011b. St\u00e1tn\u00ed kasu by to ale st\u00e1lo 2 miliardy ro\u010dn\u011b.<\/p>\n<p><em><strong>\u010cesk\u00e1 televize<\/strong><\/em><\/p>\n<p>moder\u00e1tor:<br \/>\n<strong>Pane p\u0159edsedo, vy, kdy\u017e to vezmeme postupn\u011b, na tom jedn\u00e1n\u00ed s p\u0159edsedou vl\u00e1dy a ministryn\u00ed jste po\u017eadovali nebo po\u017eadujete zm\u011bnu posuzov\u00e1n\u00ed m\u00edry nez\u00e1vislosti jednotliv\u00fdch <span class=\"highlight\">zdravotn\u011b<\/span> <span class=\"highlight\">posti\u017een\u00fdch<\/span>. V \u010dem je probl\u00e9m? Pro\u010d je ten syst\u00e9m st\u00e1vaj\u00edc\u00ed nedobr\u00fd?<\/strong><\/p>\n<p>V\u00e1clav KR\u00c1SA:<br \/>\nTen syst\u00e9m zavedl pan ministr Dr\u00e1bek a spo\u010d\u00edv\u00e1 vlastn\u011b v tom, \u017ee se hodnot\u00ed podle 10 z\u00e1kladn\u00edch \u017eivotn\u00edch pot\u0159eb, my jsme v\u017edycky proti tomuto syst\u00e9mu protestovali. On toti\u017e nezohled\u0148uje p\u0159edev\u0161\u00edm takov\u00e9 pot\u0159eby jako je hl\u00edd\u00e1n\u00ed nebo doprovod. T\u0159eba d\u00edt\u011b s autismem nem\u016f\u017ee samo jezdit ve\u0159ejn\u00fdmi hromadn\u00fdmi prost\u0159edky, pot\u0159ebuje n\u011bkoho s sebou, a to vlastn\u011b ten syst\u00e9m v\u016fbec neum\u00ed, neum\u00ed posoudit.<\/p>\n<p><strong>No a ty principy, kter\u00e9 jsou v n\u011bm zakotveny, nedok\u00e1\u017eou to nahradit, \u010d\u00edm dolo\u017eit to, \u017ee ten syst\u00e9m nen\u00ed nakonec spravedliv\u011bj\u0161\u00ed a \u017ee ty pen\u00edze jdou skute\u010dn\u011b jenom k t\u011bm, kte\u0159\u00ed je opravdu pot\u0159ebuj\u00ed, \u017ee nejdou taky n\u011bkam jinam?<\/strong><\/p>\n<p>KR\u00c1SA:<br \/>\nNe. J\u00e1 si mysl\u00edm, \u017ee ten syst\u00e9m opravdu by m\u011bl fungovat tak, \u017ee by to posouzen\u00ed za prv\u00e9 m\u011bl d\u011blat v\u011bt\u0161\u00ed t\u00fdm, nejenom posudkov\u00fd l\u00e9ka\u0159 &#8230;<\/p>\n<p><strong>U ka\u017ed\u00e9ho jednotliv\u00e9ho p\u0159\u00edpadu?<\/strong><\/p>\n<p>KR\u00c1SA:<br \/>\nAno, samoz\u0159ejm\u011b. Tak to jsou znalosti, kter\u00e9 m\u00e1me z Rakouska, N\u011bmecka, kdy to neposuzuje posudkov\u00fd l\u00e9ka\u0159 jako u n\u00e1s, a i kdy\u017e tam u toho posuzov\u00e1n\u00ed jsou i soci\u00e1ln\u00ed pracovn\u00edci, tak to rozhoduj\u00edc\u00ed hledisko je posudkov\u00e9ho l\u00e9ka\u0159e. A bohu\u017eel mus\u00edm \u0159\u00edci, \u017ee to posuzov\u00e1n\u00ed je v\u011bt\u0161inou za nep\u0159\u00edtomnosti toho klienta dokonce. Ono vlastn\u011b \u010dasto ani ten posudkov\u00fd l\u00e9ka\u0159 nevid\u00ed, to je prost\u011b syst\u00e9m, kter\u00fd je jenom administrativn\u00ed podle n\u011bjak\u00fdch l\u00e9ka\u0159sk\u00fdch zpr\u00e1v. A to si mysl\u00edm, \u017ee je \u0161patn\u011b.<\/p>\n<p><strong>:\u010cili bez p\u0159\u00edtomnosti to n\u011bkdo rozhoduje o n\u011bkom, ani\u017e by ho, ani\u017e by ho vid\u011bl? Ani\u017e by v\u011bd\u011bl, jak\u00e9 m\u00e1 skute\u010dn\u00e9 pot\u0159eby?<\/strong><\/p>\n<p>KR\u00c1SA\u00a0 Ano, tak to je.<\/p>\n<p><strong>:Vy prosazujete, \u0159ekn\u011bme, jak\u00e9si \u010dasov\u00e9 hledisko, kter\u00e9 by m\u011blo rozhodovat o tom, jak\u00e9 jsou pot\u0159eby jednotliv\u00fdch <span class=\"highlight\">zdravotn\u011b<\/span> <span class=\"highlight\">posti\u017een\u00fdch<\/span>. To spo\u010d\u00edv\u00e1 v \u010dem to \u010dasov\u00e9 hledisko?<\/strong><\/p>\n<p>KR\u00c1SA:<br \/>\nTo spo\u010d\u00edv\u00e1 v tom, \u017ee by se ka\u017ed\u00fd ten \u00fakon ocenil n\u011bjak\u00fdm \u010dasem a ty \u010dasy by se se\u010detly a pak by se, \u0159ekn\u011bme, na hodinu, minutu pot\u0159eby toho \u010dasu dala n\u011bjak\u00e1 cena, tak\u017ee by podle toho se dalo ur\u010dit podstatn\u011b spravedliv\u011bj\u0161\u00ed, nebo spravedliv\u011bj\u0161\u00ed pomoc, kterou ten klient pot\u0159ebuje.<\/p>\n<p><strong>:P\u0159izn\u00e1m se, \u017ee \u00fapln\u011b nevid\u00edm ten rozd\u00edl mezi t\u00edm, jestli se na n\u011bco mus\u00ed vy\u010dlenit n\u011bjak\u00fd \u010das, anebo se \u0159ekne, jestli ten doty\u010dn\u00fd <span class=\"highlight\">zdravotn\u011b<\/span> <span class=\"highlight\">posti\u017een\u00fd<\/span> je n\u011b\u010deho schopen nebo nen\u00ed n\u011b\u010deho schopen.To je to sou\u010dasn\u00e9 posuzov\u00e1n\u00ed.<\/strong><\/p>\n<p>KR\u00c1SA:<br \/>\nJestli\u017ee ten klient je t\u0159eba trvale upout\u00e1n na voz\u00edk a m\u00e1 d\u00fdchac\u00ed p\u0159\u00edstroj, tak mus\u00ed m\u00edt u sebe 24 hodin n\u011bkoho, proto\u017ee kdyby ten p\u0159\u00edstroj selhal, tak ten \u010dlov\u011bk je ohro\u017een na \u017eivot\u011b a takov\u00ed lid\u00e9 skute\u010dn\u011b jsou. A j\u00e1 jsem se tuhle bavil s n\u011bk\u00fdm, je jich asi 2 tis\u00edce v \u010cesk\u00e9 republice. Oni maj\u00ed dneska podporu v\u011bt\u0161inou t\u00e9, toho 3. stupn\u011b, proto\u017ee komunikuj\u00ed a proto\u017ee jsou schopni orientace, to znamen\u00e1, \u017ee v\u011bd\u00ed, \u017ee dneska je st\u0159eda, pokud se nem\u00fdl\u00edm, je\u0161t\u011b.<\/p>\n<p><strong>Dobr\u00e1. A to znamen\u00e1, \u017ee tato krit\u00e9ria nejsou dostate\u010dn\u00e1, kdy\u017e se \u010dlov\u011bk orientuje, je schopen komunikovat a&#8230;<\/strong><\/p>\n<p>KR\u00c1SA:\u00a0 A jsou nespravedliv\u00e1&#8230;<\/p>\n<p><strong>: Ale p\u0159esto mus\u00ed m\u00edt 24hodinov\u00fd dohled&#8230;Tak on nedos\u00e1hne na nejvy\u0161\u0161\u00ed mo\u017enou &#8230;D\u00e1vku, soci\u00e1ln\u00ed d\u00e1vku, kter\u00e1 je v tomto p\u0159id\u011blena?<\/strong><\/p>\n<p>KR\u00c1SA:Ano, ano.<\/p>\n<p><strong>:Co v\u00e1m v tomto smyslu premi\u00e9r a ministryn\u011b pr\u00e1ce p\u0159isl\u00edbili? My jsme ministryni sly\u0161eli, \u017ee z\u00e1kon p\u0159edlo\u017e\u00ed a m\u011blo by to b\u00fdt v roce 2017.<\/strong><\/p>\n<p>KR\u00c1SA:<br \/>\nTak j\u00e1 jsem hlavn\u011b pana p\u0159edsedu vl\u00e1dy upozornil na to, \u017ee si mysl\u00edm, \u017ee ten z\u00e1kon vznik\u00e1 velmi pomalu, \u017ee pokud by m\u011bl b\u00fdt \u00fa\u010dinn\u00fd od 1. ledna 2017, tak je tam pot\u0159eba minim\u00e1ln\u011b p\u016fl roku na n\u011bjak\u00fd zab\u011bhnut\u00ed toho syst\u00e9mu a jeho spu\u0161t\u011bn\u00ed. Tak\u017ee ten z\u00e1kon by se m\u011bl d\u011blat rychleji. Mus\u00edm \u0159\u00edct, \u017ee pan p\u0159edseda vl\u00e1dy tomudle rozum\u011bl tomu stanovisku a byl s t\u00edm jaksi svoln\u00fd. My jsme hlavn\u011b panu p\u0159edsedovi vl\u00e1dy \u0159ekli to, co mo\u017en\u00e1 nikdy nezazn\u011blo, j\u00e1 nev\u00edm, jestli to bude vid\u011bt na t\u00e9 kame\u0159e n\u011bkde, ale to je velmi d\u016fle\u017eit\u00fd \u00fadaj. Od roku 2007 kles\u00e1 podpora ve\u0159ejn\u00fdch rozpo\u010dt\u016f ob\u010dan\u016f se zdravotn\u00edm posti\u017een\u00edm v nomin\u00e1ln\u00ed hodnot\u011b na polovinu, ale ve srovn\u00e1n\u00ed ke srovn\u00e1n\u00ed k hrub\u00e9mu dom\u00e1c\u00edmu produktu dokonce o dv\u011b t\u0159etiny. A to je pro n\u00e1s alarmuj\u00edc\u00ed v\u011bc, kter\u00e1 n\u00e1m signalizuje, \u017ee vlastn\u011b \u0159ada t\u011bch \u00faspor se d\u011bje na \u00fakor t\u00e9to skupiny lid\u00ed.<\/p>\n<p><strong>:No a nem\u016f\u017ee to signalizovat to, \u017ee se p\u0159ed t\u00edm n\u011bkter\u00e9 pen\u00edze vypl\u00e1cely zbyte\u010dn\u011b?<\/strong><\/p>\n<p>KR\u00c1SA,<br \/>\nV\u00edte, j\u00e1 si mysl\u00edm, \u017ee ka\u017ed\u00fd, kdo toto \u0159ekne, by se m\u011bl pod\u00edvat do rodin, kde o n\u011bkoho pe\u010duj\u00ed, zvl\u00e1\u0161t\u011b, pokud jsou to t\u0159eba dvou\u010dlenn\u00e1 rodina, to znamen\u00e1, kde je matka samo\u017eivitelka a pe\u010duje o n\u011bjak\u00e9 d\u00edt\u011b, nebo i dosp\u011bl\u00e9ho, co\u017e je \u010dasto, my chlapi jsme trochu srabi a ut\u00edk\u00e1me \u010dasto od t\u011bchto probl\u00e9m\u016f a mysl\u00edm si, \u017ee by vid\u011bl, \u017ee to tak opravdu nen\u00ed.<\/p>\n<p>:<br \/>\n<strong>Pokud jde o v\u00fd\u0161i p\u0159\u00edsp\u011bvk\u016f v jednotliv\u00fdch kategori\u00edch, vy jste p\u0159ipravili materi\u00e1l, kter\u00fd dokl\u00e1d\u00e1, \u017ee a\u017e tak \u00fapln\u011b vysok\u00e9 ty p\u0159\u00edsp\u011bvky nejsou, \u017ee vlastn\u011b ani m\u011bs\u00ed\u010dn\u00ed pot\u0159ebu pot\u0159ebn\u00e9 p\u00e9\u010de nepokryje. Jak\u00e9 jsou va\u0161e po&#8230;, po\u017eadavky vzhledem k v\u00fd\u0161i p\u0159\u00edsp\u011bvku na p\u00e9\u010di?<\/strong><\/p>\n<p>KR\u00c1SA<br \/>\nJ\u00e1 \u0159eknu dv\u011b \u010d\u00edsla. V roce 2007 st\u00e1la hodina slu\u017eby 85 korun, dneska 130, p\u0159\u00edsp\u011bvek na p\u00e9\u010di z\u016fstal stejn\u00fd od roku 2007. To je z\u0159eteln\u00fd rozpor a my tud\u00ed\u017e jsme \u0159ekli, \u017ee bychom si p\u0159edstavovali 10% valorizaci a d\u00e1le do toho z\u00e1kona zapracovat pravideln\u00fd valoriza\u010dn\u00ed mechanismus.<\/p>\n<p><strong>Hm. Jak\u00fd?<\/strong><\/p>\n<p>KR\u00c1SA,:To asi je na diskusi. Ten jsme nem\u011bli p\u0159ipraven\u00fd, to je na diskusi, ale t\u011bch 10 % v\u00edm, \u017ee to &#8230;<\/p>\n<p><strong>:\u010cili jednor\u00e1zov\u011b 10 % a od 1. ledna&#8230;Tady m\u00e1te p\u0159\u00edslib?<\/strong><\/p>\n<p>KR\u00c1SA: No, mysl\u00edm si, \u017ee to bude je\u0161t\u011b bitva, samoz\u0159ejm\u011b. Rozpo\u010det je v\u017edycky probl\u00e9m, ale j\u00e1 v\u011b\u0159\u00edm, \u017ee se n\u00e1m to nakonec n\u011bjak poda\u0159\u00ed.<\/p>\n<p><strong>Setkal jsem se s n\u00e1zorem, ta valorizace je v podstat\u011b stejn\u011b jako jsou d\u016fchody, to je ta cesta, kterou by N\u00e1rodn\u00ed rada cht\u011bla j\u00edt?<\/strong><\/p>\n<p>KR\u00c1SA:\u00a0 Ano, ano. Mysl\u00edme si, \u017ee by to m\u011blo b\u00fdt tak asi jako jsou ty d\u016fchody. To znamen\u00e1 podle spot\u0159ebn\u00edho ko\u0161e.<\/p>\n<p><strong>Pane Kr\u00e1so, d\u011bkuju za rozhovor v Ud\u00e1lostech, koment\u00e1\u0159\u00edch. Na shledanou.<\/strong><\/p>\n<p>&nbsp;<\/p>\n","protected":false},"excerpt":{"rendered":"<div class=\"mh-excerpt\"><p>Spravedliv\u011bj\u0161\u00ed posuzov\u00e1n\u00ed m\u00edry posti\u017een\u00ed, vy\u0161\u0161\u00ed p\u0159\u00edsp\u011bvek na p\u00e9\u010di a dorovn\u00e1n\u00ed minim\u00e1ln\u00ed mzdy pro handicapovan\u00e9 p\u0159isl\u00edbili z\u00e1stupc\u016fm N\u00e1rodn\u00ed rady osob se zdravotn\u00edm posti\u017een\u00edm premi\u00e9r a ministryn\u011b <a class=\"mh-excerpt-more\" href=\"https:\/\/www.invarena.cz\/?p=19993\" title=\"P\u0159\u00edsp\u011bvek na p\u00e9\u010di se m\u00e1 zv\u00fd\u0161it. N\u00e1rodn\u00ed rada chce o 10 procent\">[&#8230;]<\/a><\/p>\n<\/div>","protected":false},"author":1,"featured_media":19997,"comment_status":"open","ping_status":"closed","sticky":false,"template":"","format":"standard","meta":{"footnotes":""},"categories":[1,6],"tags":[],"class_list":["post-19993","post","type-post","status-publish","format-standard","has-post-thumbnail","hentry","category-nezarazene","category-politika"],"_links":{"self":[{"href":"https:\/\/www.invarena.cz\/index.php?rest_route=\/wp\/v2\/posts\/19993","targetHints":{"allow":["GET"]}}],"collection":[{"href":"https:\/\/www.invarena.cz\/index.php?rest_route=\/wp\/v2\/posts"}],"about":[{"href":"https:\/\/www.invarena.cz\/index.php?rest_route=\/wp\/v2\/types\/post"}],"author":[{"embeddable":true,"href":"https:\/\/www.invarena.cz\/index.php?rest_route=\/wp\/v2\/users\/1"}],"replies":[{"embeddable":true,"href":"https:\/\/www.invarena.cz\/index.php?rest_route=%2Fwp%2Fv2%2Fcomments&post=19993"}],"version-history":[{"count":0,"href":"https:\/\/www.invarena.cz\/index.php?rest_route=\/wp\/v2\/posts\/19993\/revisions"}],"wp:featuredmedia":[{"embeddable":true,"href":"https:\/\/www.invarena.cz\/index.php?rest_route=\/wp\/v2\/media\/19997"}],"wp:attachment":[{"href":"https:\/\/www.invarena.cz\/index.php?rest_route=%2Fwp%2Fv2%2Fmedia&parent=19993"}],"wp:term":[{"taxonomy":"category","embeddable":true,"href":"https:\/\/www.invarena.cz\/index.php?rest_route=%2Fwp%2Fv2%2Fcategories&post=19993"},{"taxonomy":"post_tag","embeddable":true,"href":"https:\/\/www.invarena.cz\/index.php?rest_route=%2Fwp%2Fv2%2Ftags&post=19993"}],"curies":[{"name":"wp","href":"https:\/\/api.w.org\/{rel}","templated":true}]}}