{"id":19994,"date":"2015-02-19T10:49:23","date_gmt":"2015-02-19T09:49:23","guid":{"rendered":"http:\/\/www.invarena.cz\/?p=19994"},"modified":"2015-02-19T10:49:23","modified_gmt":"2015-02-19T09:49:23","slug":"poznate-aspergeruv-syndrom","status":"publish","type":"post","link":"https:\/\/www.invarena.cz\/?p=19994","title":{"rendered":"Pozn\u00e1te Asperger\u016fv syndrom?"},"content":{"rendered":"<p><strong>V\u010dera byl mezin\u00e1rodn\u00ed den Aspergerova syndromu, tedy varianty autismu, kter\u00e1 lidem br\u00e1n\u00ed v komunikaci a zvl\u00e1d\u00e1n\u00ed i zcela b\u011b\u017en\u00fdch situac\u00ed. Lid\u00ed <span class=\"highlight\">posti\u017een\u00fdch<\/span> t\u00edmto syndromem u n\u00e1s p\u0159ib\u00fdv\u00e1 a na\u0161e spole\u010dnost si s t\u00edm podle odborn\u00edk\u016f neum\u00ed poradit.<\/strong><!--more--><\/p>\n<p>ilustra\u010dn\u00ed foto: Lance Neilson \/ Flickr.com<\/p>\n<p><strong>Tv Barrandov<\/strong><em><\/p>\n<p>Na Asperger\u016fv syndrom za\u010d\u00e1tkem ledna upozornil p\u0159\u00edpad mlad\u00e9 Viki, kter\u00e1 boj s t\u00edmto posti\u017een\u00edm vzdala a dobrovoln\u011b ukon\u010dila sv\u016fj \u017eivot. V podobn\u00e9 situaci jako ona je dnes i Pavel Braun, kter\u00fd nav\u00edc vyr\u016fstal bez rodi\u010d\u016f a \u017eil v d\u011btsk\u00e9m domov\u011b.<\/p>\n<p>Sedmadvacetilet\u00fd Pavel dnes \u017eije v azylov\u00e9m dom\u011b v Kralupech nad Vltavou. Ten ale bude muset kv\u016fli v\u011bku zanedlouho opustit. V rodin\u011b bohu\u017eel z\u00e1zem\u00ed nenajde, v jeden\u00e1cti letech skon\u010dil v d\u011btsk\u00e9m domov\u011b.<\/p>\n<p>Pavel BRAUN, <span class=\"highlight\">posti\u017een\u00fd<\/span> Aspergerov\u00fdm syndromem:<br \/>\nTo pro m\u011b byl hroznej \u0161ok, probl\u00e9m a jakoby probl\u00e9m, s kter\u00fdm jsem se jakoby dodne\u0161ka n\u011bjak nevyrovnal, no, \u017ee jako bez toho z\u00e1zem\u00ed, \u017ee je to stra\u0161n\u011b t\u011b\u017ek\u00fd, k\u00f3r kdy\u017e jako je\u0161t\u011b m\u00e1m tenhle probl\u00e9m, kterej m\u011b jakoby \u00fapln\u011b zadupe a uzemn\u00ed.<\/p>\n<p>Pavel se dlouhodob\u011b nedok\u00e1\u017ee za\u010dlenit do spole\u010dnosti. Za\u017eil \u0161ikanu ve \u0161kole, vzdal se l\u00e1sky i vysn\u011bn\u00e9 pr\u00e1ce v oblasti programov\u00e1n\u00ed.<\/p>\n<p>Pavel BRAUN,<br \/>\nTr\u00e1p\u011bj m\u011b \u00fazkosti, \u017ee m\u011b to donut\u00ed prost\u011b ud\u011blat jakoby, d\u011blat jakoby v podstat\u011b nekvalifikovanou pr\u00e1ci za minim\u00e1ln\u00ed mzdu.<\/p>\n<p>To by mohl dorovn\u00e1vat <span class=\"highlight\">invalidn\u00ed<\/span> d\u016fchod, kter\u00fd mu ale posudkov\u00fd l\u00e9ka\u0159 zam\u00edtl s t\u00edm, \u017ee jsou pot\u0159ebn\u011bj\u0161\u00ed pacienti a tak se Pavel sna\u017e\u00ed t\u011b\u017ekou \u017eivotn\u00ed situaci p\u0159ekon\u00e1vat alespo\u0148 sv\u00fdm nad\u00e1n\u00edm.<\/p>\n<p>Michal RO\u0160KA\u0147UK, zakladatel sdru\u017een\u00ed Adventor:<br \/>\nP\u0159\u00edpad osob, jako je Pavel Braun je velice \u010dast\u00fd, proto\u017ee tyto osoby t\u00edm, \u017ee se nedok\u00e1\u017eou prosadit tak jako jin\u00ed, tak maj\u00ed probl\u00e9m se uplatnit na trhu pr\u00e1ce, maj\u00ed probl\u00e9my ve vzd\u011bl\u00e1vac\u00edm syst\u00e9mu.<\/p>\n<p>Martina BERDYCHOV\u00c1, poslankyn\u011b: Diagn\u00f3za poruchy autistick\u00e9ho spektra je v na\u0161\u00ed spole\u010dnosti velice roz\u0161\u00ed\u0159en\u00e1 a je to velk\u00fd probl\u00e9m, kter\u00fd by se m\u011bl kone\u010dn\u011b za\u010d\u00edt komplexn\u011b \u0159e\u0161it.<\/p>\n<p>Aspergerov\u00fdm syndromem je jen u n\u00e1s posti\u017eeno v\u00edc ne\u017e sto tis\u00edc lid\u00ed. Situaci by mohla \u0159e\u0161it nov\u011b vznikl\u00e1 odborn\u00e1 skupina pod z\u00e1\u0161titou vl\u00e1dy. Mezi prvn\u00edmi navr\u017een\u00fdmi kroky je nap\u0159\u00edklad z\u0159\u00edzen\u00ed instituce koordin\u00e1tora. Ten by m\u011bl nemocn\u00fdm pom\u00e1hat s komunikac\u00ed s odbornou ve\u0159ejnost\u00ed i ve sv\u011bt\u011b soci\u00e1ln\u00edch slu\u017eeb. <\/p>\n","protected":false},"excerpt":{"rendered":"<div class=\"mh-excerpt\"><p>V\u010dera byl mezin\u00e1rodn\u00ed den Aspergerova syndromu, tedy varianty autismu, kter\u00e1 lidem br\u00e1n\u00ed v komunikaci a zvl\u00e1d\u00e1n\u00ed i zcela b\u011b\u017en\u00fdch situac\u00ed. Lid\u00ed posti\u017een\u00fdch t\u00edmto syndromem u <a class=\"mh-excerpt-more\" href=\"https:\/\/www.invarena.cz\/?p=19994\" title=\"Pozn\u00e1te Asperger\u016fv syndrom?\">[&#8230;]<\/a><\/p>\n<\/div>","protected":false},"author":1,"featured_media":18794,"comment_status":"open","ping_status":"closed","sticky":false,"template":"","format":"standard","meta":{"footnotes":""},"categories":[11],"tags":[],"class_list":["post-19994","post","type-post","status-publish","format-standard","has-post-thumbnail","hentry","category-zdravi"],"_links":{"self":[{"href":"https:\/\/www.invarena.cz\/index.php?rest_route=\/wp\/v2\/posts\/19994","targetHints":{"allow":["GET"]}}],"collection":[{"href":"https:\/\/www.invarena.cz\/index.php?rest_route=\/wp\/v2\/posts"}],"about":[{"href":"https:\/\/www.invarena.cz\/index.php?rest_route=\/wp\/v2\/types\/post"}],"author":[{"embeddable":true,"href":"https:\/\/www.invarena.cz\/index.php?rest_route=\/wp\/v2\/users\/1"}],"replies":[{"embeddable":true,"href":"https:\/\/www.invarena.cz\/index.php?rest_route=%2Fwp%2Fv2%2Fcomments&post=19994"}],"version-history":[{"count":0,"href":"https:\/\/www.invarena.cz\/index.php?rest_route=\/wp\/v2\/posts\/19994\/revisions"}],"wp:featuredmedia":[{"embeddable":true,"href":"https:\/\/www.invarena.cz\/index.php?rest_route=\/wp\/v2\/media\/18794"}],"wp:attachment":[{"href":"https:\/\/www.invarena.cz\/index.php?rest_route=%2Fwp%2Fv2%2Fmedia&parent=19994"}],"wp:term":[{"taxonomy":"category","embeddable":true,"href":"https:\/\/www.invarena.cz\/index.php?rest_route=%2Fwp%2Fv2%2Fcategories&post=19994"},{"taxonomy":"post_tag","embeddable":true,"href":"https:\/\/www.invarena.cz\/index.php?rest_route=%2Fwp%2Fv2%2Ftags&post=19994"}],"curies":[{"name":"wp","href":"https:\/\/api.w.org\/{rel}","templated":true}]}}