{"id":20013,"date":"2015-02-21T11:42:58","date_gmt":"2015-02-21T10:42:58","guid":{"rendered":"http:\/\/www.invarena.cz\/?p=20013"},"modified":"2015-02-21T11:42:58","modified_gmt":"2015-02-21T10:42:58","slug":"byvala-malesicka-ubytovna-se-170-byty-se-otevre-na-podzim","status":"publish","type":"post","link":"https:\/\/www.invarena.cz\/?p=20013","title":{"rendered":"B\u00fdval\u00e1 male\u0161ick\u00e1 ubytovna se 170 byty se otev\u0159e na podzim"},"content":{"rendered":"<p><strong>Zrekonstruovan\u00e1 b\u00fdval\u00e1 ubytovna pro zahrani\u010dn\u00ed d\u011bln\u00edky v Male\u0161ic\u00edch se otev\u0159e letos na podzim. &#8222;Radnice v budov\u011b po\u010d\u00edt\u00e1 se startovac\u00edmi byty, bydlen\u00edm pro seniory a handikepovan\u00e9,&#8220; informuje starostka Radmila Kleslov\u00e1 (ANO).<\/strong><!--more--><\/p>\n<p>Zb\u00fdv\u00e1 je\u0161t\u011b byty dovybavit, nap\u0159\u00edklad kuchy\u0148sk\u00fdmi linkami, co\u017e prob\u011bhne na ja\u0159e.<br \/>\nKrom\u011b standardn\u00edch byt\u016f zde vzniklo tak\u00e9 deset jednotek pro lidi po \u00farazu m\u00edchy, p\u0159i\u010dem\u017e radnice na projektu spolupracuje s \u010ceskou asociac\u00ed paraplegik\u016f s\u00eddl\u00edc\u00ed jen p\u00e1r stovek metr\u016f odsud v Male\u0161ic\u00edch. Posti\u017een\u00fdm lidem se budou byty pronaj\u00edmat na jeden rok. Bezbari\u00e9rov\u00e9 byty by jim m\u011bly napomoci nau\u010dit se samostatnosti. V b\u00fdval\u00e9 ubytovn\u011b vzniklo celkem asi 170 malometr\u00e1\u017en\u00edch byt\u016f, um\u00edst\u011bno tu je startovac\u00ed a \u00fastupov\u00e9 bydlen\u00ed &#8211; pro mlad\u00e9 i seniory. V p\u0159\u00edzem\u00ed se pl\u00e1nuj\u00ed obchody, v dom\u011b nejsp\u00ed\u0161 z\u016fstane fitness a k n\u011bmu p\u0159ibude klub pro matky s d\u011btmi. &#8222;Zdr\u017een\u00ed je kv\u016fli tomu, \u017ee rekonstrukce byla komplikovan\u011bj\u0161\u00ed, ne\u017e se p\u0159edpokl\u00e1dalo,&#8220; vysv\u011btlil mluv\u010d\u00ed Prahy 10 V\u00edt Nov\u00e1k. M\u011bstsk\u00e1 \u010d\u00e1st vypsala zak\u00e1zku \u00fapravu kuchyn\u00ed v\u010detn\u011b kuchy\u0148sk\u00fdch linek a spot\u0159ebi\u010d\u016f, v\u00edt\u011bz tendru by je m\u011bl za\u010d\u00edt dod\u00e1vat v kv\u011btnu.<\/p>\n<p>Praha 10<\/p>\n","protected":false},"excerpt":{"rendered":"<div class=\"mh-excerpt\"><p>Zrekonstruovan\u00e1 b\u00fdval\u00e1 ubytovna pro zahrani\u010dn\u00ed d\u011bln\u00edky v Male\u0161ic\u00edch se otev\u0159e letos na podzim. &#8222;Radnice v budov\u011b po\u010d\u00edt\u00e1 se startovac\u00edmi byty, bydlen\u00edm pro seniory a handikepovan\u00e9,&#8220; <a class=\"mh-excerpt-more\" href=\"https:\/\/www.invarena.cz\/?p=20013\" title=\"B\u00fdval\u00e1 male\u0161ick\u00e1 ubytovna se 170 byty se otev\u0159e na podzim\">[&#8230;]<\/a><\/p>\n<\/div>","protected":false},"author":1,"featured_media":3558,"comment_status":"open","ping_status":"closed","sticky":false,"template":"","format":"standard","meta":{"footnotes":""},"categories":[7,9],"tags":[],"class_list":["post-20013","post","type-post","status-publish","format-standard","has-post-thumbnail","hentry","category-spolecnost","category-zpravy"],"_links":{"self":[{"href":"https:\/\/www.invarena.cz\/index.php?rest_route=\/wp\/v2\/posts\/20013","targetHints":{"allow":["GET"]}}],"collection":[{"href":"https:\/\/www.invarena.cz\/index.php?rest_route=\/wp\/v2\/posts"}],"about":[{"href":"https:\/\/www.invarena.cz\/index.php?rest_route=\/wp\/v2\/types\/post"}],"author":[{"embeddable":true,"href":"https:\/\/www.invarena.cz\/index.php?rest_route=\/wp\/v2\/users\/1"}],"replies":[{"embeddable":true,"href":"https:\/\/www.invarena.cz\/index.php?rest_route=%2Fwp%2Fv2%2Fcomments&post=20013"}],"version-history":[{"count":0,"href":"https:\/\/www.invarena.cz\/index.php?rest_route=\/wp\/v2\/posts\/20013\/revisions"}],"wp:featuredmedia":[{"embeddable":true,"href":"https:\/\/www.invarena.cz\/index.php?rest_route=\/wp\/v2\/media\/3558"}],"wp:attachment":[{"href":"https:\/\/www.invarena.cz\/index.php?rest_route=%2Fwp%2Fv2%2Fmedia&parent=20013"}],"wp:term":[{"taxonomy":"category","embeddable":true,"href":"https:\/\/www.invarena.cz\/index.php?rest_route=%2Fwp%2Fv2%2Fcategories&post=20013"},{"taxonomy":"post_tag","embeddable":true,"href":"https:\/\/www.invarena.cz\/index.php?rest_route=%2Fwp%2Fv2%2Ftags&post=20013"}],"curies":[{"name":"wp","href":"https:\/\/api.w.org\/{rel}","templated":true}]}}