{"id":20019,"date":"2015-02-20T07:41:28","date_gmt":"2015-02-20T06:41:28","guid":{"rendered":"http:\/\/www.invarena.cz\/?p=20019"},"modified":"2015-02-20T07:41:28","modified_gmt":"2015-02-20T06:41:28","slug":"starostove-protestuji-proti-pokutovani-skol-za-neockovane-deti","status":"publish","type":"post","link":"https:\/\/www.invarena.cz\/?p=20019","title":{"rendered":"Starostov\u00e9 protestuj\u00ed proti pokutov\u00e1n\u00ed \u0161kol za neo\u010dkovan\u00e9 d\u011bti"},"content":{"rendered":"<p><strong>Starostov\u00e9 mal\u00fdch obc\u00ed protestuj\u00ed proti pokut\u00e1m, kter\u00e9 \u0161koly a dal\u0161\u00ed organiz\u00e1to\u0159i akc\u00ed pro d\u011bti maj\u00ed platit za \u00fa\u010dast neo\u010dkovan\u00fdch d\u011bt\u00ed.<\/strong><!--more--><\/p>\n<p> Sdru\u017een\u00ed m\u00edstn\u00edch samospr\u00e1v (SMS\u010cR), kter\u00e9 starosty zastupuje, \u017e\u00e1d\u00e1 Sn\u011bmovnu, aby zastavila projedn\u00e1v\u00e1n\u00ed novely, kter\u00e1 po\u010d\u00edt\u00e1 s v\u00fdrazn\u00fdm zv\u00fd\u0161en\u00edm pokut ze 100.000 K\u010d na p\u016fl milionu. Takto vysok\u00e1 sankce podle nich odrad\u00ed organiz\u00e1tory od po\u0159\u00e1d\u00e1n\u00ed jak\u00fdchkoli akc\u00ed a m\u016f\u017ee b\u00fdt pro n\u011b likvida\u010dn\u00ed.<\/p>\n<p>&#8222;Pova\u017eujeme v\u00fd\u0161i sankc\u00ed za naprosto nep\u0159im\u011b\u0159enou a konkr\u00e9tn\u011b pro na\u0161e organizace zcela likvida\u010dn\u00ed,&#8220; uvedl \u010dlen p\u0159edsednictva SMS\u010cR Old\u0159ich V\u00e1vra. Podle starosty Kam\u00fdku nad Vltavou Petra Halady je sankce pro z\u0159izovatele \u0161kol nep\u0159im\u011b\u0159en\u00e1 a nem\u00e1 ji\u017e preventivn\u00ed \u010di v\u00fdchovn\u00fd charakter. Pro pedagogy a dobrovoln\u00edky nav\u00edc m\u016f\u017ee pokuta p\u0159edstavovat psychickou z\u00e1t\u011b\u017e.<\/p>\n<p>Podle sdru\u017een\u00ed chce st\u00e1t stanovit vy\u0161\u0161\u00ed pokuty v p\u0159\u00edpadech, kdy \u0161koly, domy d\u011bt\u00ed a ml\u00e1de\u017ee nebo neziskov\u00e9 organizace nap\u0159\u00edklad nedodr\u017e\u00ed podm\u00ednku pro \u00fa\u010dast d\u011bt\u00ed na t\u011bchto pobytech, kterou je doklad o o\u010dkov\u00e1n\u00ed. Nyn\u00ed se za podobn\u00e9 pochyben\u00ed ukl\u00e1daj\u00ed pokuty v \u0159\u00e1dech stovek nebo n\u011bkolika tis\u00edc korun.<\/p>\n<p>Novelu z\u00e1kona o ve\u0159ejn\u00e9m zdrav\u00ed p\u0159ipravilo ministerstvo zdravotnictv\u00ed. Ve druh\u00e9m \u010dten\u00ed a z\u00e1v\u011bre\u010dn\u00e9m schvalov\u00e1n\u00ed by mohla b\u00fdt na b\u0159eznov\u00e9 sch\u016fzi, kter\u00e1 za\u010d\u00edn\u00e1 10. b\u0159ezna. Zdravotnick\u00fd v\u00fdbor se novelou zab\u00fdval koncem ledna. Tehdy nepodpo\u0159il n\u00e1vrh Jana Farsk\u00e9ho (TOP 09 a Starostov\u00e9) na zm\u011bnu, d\u00edky kter\u00e9 by rodi\u010de nemuseli kv\u016fli t\u00e1bor\u016fm nebo \u0161kol\u00e1m v p\u0159\u00edrod\u011b ps\u00e1t potvrzen\u00ed o bezinfek\u010dnosti. Potvrzen\u00ed o zdravotn\u00ed zp\u016fsobilosti by pak nevystavovali l\u00e9ka\u0159i, ale rodi\u010de. Sdru\u017een\u00ed m\u00edstn\u00edch samospr\u00e1v nyn\u00ed \u017e\u00e1d\u00e1, aby poslanci novelu vr\u00e1tili ministerstvu k p\u0159epracov\u00e1n\u00ed.<\/p>\n<p>Spory kv\u016fli o\u010dkov\u00e1n\u00ed d\u011bt\u00ed se vedou ji\u017e \u0159adu let. Loni v kv\u011btnu \u00dastavn\u00ed soud odm\u00edtl st\u00ed\u017enost rodi\u010d\u016f, kte\u0159\u00ed nenechali syna o\u010dkovat povinnou hexavakc\u00ednou. Oba za to dostali \u0161estitis\u00edcovou pokutu. Nejvy\u0161\u0161\u00ed spr\u00e1vn\u00ed soud v jin\u00e9 kauze uvedl, \u017ee negativn\u00ed n\u00e1zor na o\u010dkov\u00e1n\u00ed a obava z mo\u017en\u00fdch rizik nevyvazuje rodi\u010de z povinnosti umo\u017enit vakcinaci d\u011bt\u00ed.<\/p>\n<p>N\u00e1zory na prosp\u011b\u0161nost o\u010dkov\u00e1n\u00ed se li\u0161\u00ed. Rodi\u010de \u010dasto nam\u00edtaj\u00ed, \u017ee o\u010dkovac\u00ed povinnost zasahuje do z\u00e1kladn\u00edch lidsk\u00fdch pr\u00e1v, a proto by m\u011bla b\u00fdt upravena z\u00e1konem, a nikoli jen vyhl\u00e1\u0161kou. NSS nap\u0159\u00edklad v jedn\u00e9 kauze uvedl, \u017ee povinn\u00e9 o\u010dkov\u00e1n\u00ed, stejn\u011b jako velk\u00e1 \u010d\u00e1st l\u00e9ka\u0159sk\u00fdch z\u00e1krok\u016f, m\u016f\u017ee za jist\u00fdch okolnost\u00ed v\u00e9st ke zp\u016fsoben\u00ed z\u00e1va\u017en\u00e9 \u00fajmy.<\/p>\n<p>Pro d\u011bti v \u010cesku je povinn\u00e9 o\u010dkov\u00e1n\u00ed hexavakc\u00ednou, kter\u00e1 pokr\u00fdv\u00e1 z\u00e1\u0161krt, tetanus, \u010dern\u00fd ka\u0161el, d\u011btskou obrnu, \u017eloutenku typu B a onemocn\u011bn\u00ed vyvolan\u00e1 bakteri\u00ed Haemophilus influenzae typu B. Dal\u0161\u00ed povinn\u00e1 vakc\u00edna chr\u00e1n\u00ed p\u0159ed spalni\u010dkami, zard\u011bnkami a p\u0159\u00edu\u0161nicemi. V\u00fdjimku z povinnosti maj\u00ed d\u011bti s prok\u00e1zanou imunitou proti dan\u00e9 infekci nebo se stavem, kter\u00fd br\u00e1n\u00ed pod\u00e1n\u00ed o\u010dkovac\u00ed l\u00e1tky.<\/p>\n","protected":false},"excerpt":{"rendered":"<div class=\"mh-excerpt\"><p>Starostov\u00e9 mal\u00fdch obc\u00ed protestuj\u00ed proti pokut\u00e1m, kter\u00e9 \u0161koly a dal\u0161\u00ed organiz\u00e1to\u0159i akc\u00ed pro d\u011bti maj\u00ed platit za \u00fa\u010dast neo\u010dkovan\u00fdch d\u011bt\u00ed.<\/p>\n<\/div>","protected":false},"author":1,"featured_media":0,"comment_status":"open","ping_status":"closed","sticky":false,"template":"","format":"standard","meta":{"footnotes":""},"categories":[9],"tags":[],"class_list":["post-20019","post","type-post","status-publish","format-standard","hentry","category-zpravy"],"_links":{"self":[{"href":"https:\/\/www.invarena.cz\/index.php?rest_route=\/wp\/v2\/posts\/20019","targetHints":{"allow":["GET"]}}],"collection":[{"href":"https:\/\/www.invarena.cz\/index.php?rest_route=\/wp\/v2\/posts"}],"about":[{"href":"https:\/\/www.invarena.cz\/index.php?rest_route=\/wp\/v2\/types\/post"}],"author":[{"embeddable":true,"href":"https:\/\/www.invarena.cz\/index.php?rest_route=\/wp\/v2\/users\/1"}],"replies":[{"embeddable":true,"href":"https:\/\/www.invarena.cz\/index.php?rest_route=%2Fwp%2Fv2%2Fcomments&post=20019"}],"version-history":[{"count":0,"href":"https:\/\/www.invarena.cz\/index.php?rest_route=\/wp\/v2\/posts\/20019\/revisions"}],"wp:attachment":[{"href":"https:\/\/www.invarena.cz\/index.php?rest_route=%2Fwp%2Fv2%2Fmedia&parent=20019"}],"wp:term":[{"taxonomy":"category","embeddable":true,"href":"https:\/\/www.invarena.cz\/index.php?rest_route=%2Fwp%2Fv2%2Fcategories&post=20019"},{"taxonomy":"post_tag","embeddable":true,"href":"https:\/\/www.invarena.cz\/index.php?rest_route=%2Fwp%2Fv2%2Ftags&post=20019"}],"curies":[{"name":"wp","href":"https:\/\/api.w.org\/{rel}","templated":true}]}}