{"id":20020,"date":"2015-02-20T08:10:15","date_gmt":"2015-02-20T07:10:15","guid":{"rendered":"http:\/\/www.invarena.cz\/?p=20020"},"modified":"2015-02-20T08:10:15","modified_gmt":"2015-02-20T07:10:15","slug":"policie-nezjistila-ze-by-klienti-emina-zamku-pestovali-konopi","status":"publish","type":"post","link":"https:\/\/www.invarena.cz\/?p=20020","title":{"rendered":"Policie nezjistila, \u017ee by klienti Emina z\u00e1mku p\u011bstovali konop\u00ed"},"content":{"rendered":"<p><strong>Kriminalist\u00e9 nezjistili, \u017ee by klienti za\u0159\u00edzen\u00ed Emin z\u00e1mek v \u0160anov\u011b na Znojemsku, ve kter\u00e9m se l\u00e9\u010d\u00ed z\u00e1visl\u00ed na drog\u00e1ch a alkoholu, p\u011bstovali v jeho zahrad\u011b konop\u00ed k v\u00fdrob\u011b marihuany.<\/strong><!--more--><\/p>\n<p>&#8222;P\u0159\u00edpad byl ukon\u010den. Usnesen\u00ed je pravomocn\u00e9,&#8220; uvedla znojemsk\u00e1 policejn\u00ed mluv\u010d\u00ed Lenka Drahokoupilov\u00e1.<\/p>\n<p>    Informace o \u00fadajn\u00e9m p\u011bstov\u00e1n\u00ed konop\u00ed dostali kriminalist\u00e9 prost\u0159ednictv\u00edm trestn\u00edho ozn\u00e1men\u00ed, kter\u00e9 pr\u00fd podali na st\u00e1tn\u00ed zastupitelstv\u00ed zam\u011bstnanci \u00fastavu. P\u0159i p\u0159\u00edjezdu policist\u016f na m\u00edsto ale na z\u00e1honech ani v are\u00e1lu z\u00e1mku konop\u00ed nebylo.<br \/>\n    Podle nepotvrzen\u00fdch informac\u00ed rostlo \u0161est ke\u0159\u016f konop\u00ed na stejn\u00e9m z\u00e1honu jako kedlubny. K p\u011bstov\u00e1n\u00ed konop\u00ed dal pr\u00fd pokyn pod\u0159\u00edzen\u00fd \u0159editele \u00fastavu, kter\u00fd klient\u016fm na\u0159\u00eddil, aby o konop\u00ed pe\u010dovali. \u0158editel \u00fastavu Jaroslav Hajn\u00fd \u010cTK \u0159ekl, \u017ee ni\u010dem takov\u00e9m nev\u00ed.<br \/>\n    Hajn\u00fd si trestn\u00ed ozn\u00e1men\u00ed vysv\u011btluje t\u00edm, \u017ee mohlo b\u00fdt vyvol\u00e1no ned\u00e1vn\u00fdm propu\u0161t\u011bn\u00edm \u010d\u00e1sti zam\u011bstnanc\u016f. Veden\u00ed \u00fastavu k tomu p\u0159im\u011bla na\u0159\u00edzen\u00e1 \u00fasporn\u00e1 opat\u0159en\u00ed. V krajsk\u00e9m za\u0159\u00edzen\u00ed Emin z\u00e1mek se \u00fa\u010dastn\u00ed terapi\u00ed zhruba 60 klient\u016f, kte\u0159\u00ed bojuj\u00ed se z\u00e1vislost\u00ed zejm\u00e9na na drog\u00e1ch \u010di alkoholu. <\/p>\n","protected":false},"excerpt":{"rendered":"<div class=\"mh-excerpt\"><p>Kriminalist\u00e9 nezjistili, \u017ee by klienti za\u0159\u00edzen\u00ed Emin z\u00e1mek v \u0160anov\u011b na Znojemsku, ve kter\u00e9m se l\u00e9\u010d\u00ed z\u00e1visl\u00ed na drog\u00e1ch a alkoholu, p\u011bstovali v jeho zahrad\u011b <a class=\"mh-excerpt-more\" href=\"https:\/\/www.invarena.cz\/?p=20020\" title=\"Policie nezjistila, \u017ee by klienti Emina z\u00e1mku p\u011bstovali konop\u00ed\">[&#8230;]<\/a><\/p>\n<\/div>","protected":false},"author":1,"featured_media":0,"comment_status":"open","ping_status":"closed","sticky":false,"template":"","format":"standard","meta":{"footnotes":""},"categories":[9],"tags":[],"class_list":["post-20020","post","type-post","status-publish","format-standard","hentry","category-zpravy"],"_links":{"self":[{"href":"https:\/\/www.invarena.cz\/index.php?rest_route=\/wp\/v2\/posts\/20020","targetHints":{"allow":["GET"]}}],"collection":[{"href":"https:\/\/www.invarena.cz\/index.php?rest_route=\/wp\/v2\/posts"}],"about":[{"href":"https:\/\/www.invarena.cz\/index.php?rest_route=\/wp\/v2\/types\/post"}],"author":[{"embeddable":true,"href":"https:\/\/www.invarena.cz\/index.php?rest_route=\/wp\/v2\/users\/1"}],"replies":[{"embeddable":true,"href":"https:\/\/www.invarena.cz\/index.php?rest_route=%2Fwp%2Fv2%2Fcomments&post=20020"}],"version-history":[{"count":0,"href":"https:\/\/www.invarena.cz\/index.php?rest_route=\/wp\/v2\/posts\/20020\/revisions"}],"wp:attachment":[{"href":"https:\/\/www.invarena.cz\/index.php?rest_route=%2Fwp%2Fv2%2Fmedia&parent=20020"}],"wp:term":[{"taxonomy":"category","embeddable":true,"href":"https:\/\/www.invarena.cz\/index.php?rest_route=%2Fwp%2Fv2%2Fcategories&post=20020"},{"taxonomy":"post_tag","embeddable":true,"href":"https:\/\/www.invarena.cz\/index.php?rest_route=%2Fwp%2Fv2%2Ftags&post=20020"}],"curies":[{"name":"wp","href":"https:\/\/api.w.org\/{rel}","templated":true}]}}