{"id":20057,"date":"2015-02-24T10:48:00","date_gmt":"2015-02-24T09:48:00","guid":{"rendered":"http:\/\/www.invarena.cz\/?p=20057"},"modified":"2015-02-24T10:48:00","modified_gmt":"2015-02-24T09:48:00","slug":"ocenime-dobrovolniky-prihlasky-jsou-do-konce-dubna","status":"publish","type":"post","link":"https:\/\/www.invarena.cz\/?p=20057","title":{"rendered":"Ocen\u00edme dobrovoln\u00edky. P\u0159ihl\u00e1\u0161ky jsou do konce dubna"},"content":{"rendered":"<p><strong>C\u00edlem projektu Dobr\u00e1 du\u0161e je oce\u0148ovat dobrovoln\u00edky, kte\u0159\u00ed se ve voln\u00e9m \u010dase v\u011bnuj\u00ed klient\u016fm za\u0159\u00edzen\u00ed soci\u00e1ln\u00edch slu\u017eeb. Jejich ob\u011btav\u00e1 \u010dinnost je naprosto nenahraditeln\u00e1, proto\u017ee pom\u00e1haj\u00ed senior\u016fm p\u0159\u00edjemn\u011b a smyslupln\u011b tr\u00e1vit jejich voln\u00fd \u010das, d\u011blaj\u00ed jim spole\u010dnost a st\u00e1vaj\u00ed se jejich p\u0159\u00e1teli. <\/strong><!--more--><\/p>\n<p>ilustra\u010dn\u00ed foto: photoXpress<\/p>\n<p>V r\u00e1mci Dobr\u00e9 du\u0161e jsou oce\u0148ov\u00e1ny i instituce, kter\u00e9 se systematick\u00e9 pr\u00e1ci s dobrovoln\u00edky v\u011bnuj\u00ed. Dal\u0161\u00ed ro\u010dn\u00edk projektu, se \u0161\u0165astnou \u010d\u00edslovkou 3, pr\u00e1v\u011b otev\u00edr\u00e1 sv\u00e9 br\u00e1ny. Projekt vznikl v roce 2013 s c\u00edlem oce\u0148ovat nezi\u0161tnou pr\u00e1ci des\u00edtek ob\u011btav\u00fdch dobrovoln\u00edk\u016f, kte\u0159\u00ed p\u016fsob\u00ed po cel\u00e9 \u010cesk\u00e9 republice a kte\u0159\u00ed sv\u00fdm pozitivn\u00edm p\u0159\u00edstupem k \u017eivotu d\u011blaj\u00ed radost ostatn\u00edm. <\/p>\n<p>Letos se br\u00e1ny projektu otev\u00edraj\u00ed ji\u017e po t\u0159et\u00ed. V\u00edt\u00e1ni jsou v\u0161ichni aktivn\u00ed dobrovoln\u00edci, kte\u0159\u00ed se soustavn\u011b a dlouhodob\u011b v\u011bnuj\u00ed p\u00e9\u010di o seniory v za\u0159\u00edzen\u00edch soci\u00e1ln\u00edch slu\u017eeb. Kategorie instituc\u00ed je potom otev\u0159ena v\u0161em za\u0159\u00edzen\u00edm, kde jsou pro systematick\u00fd rozvoj dobrovolnick\u00e9 \u010dinnosti vytv\u00e1\u0159eny vhodn\u00e9 podm\u00ednky.<\/p>\n<p>Do lo\u0148sk\u00e9ho ro\u010dn\u00edku Dobr\u00e9 du\u0161e se p\u0159ihl\u00e1silo bezm\u00e1la 50 jednotlivc\u016f a 30 instituc\u00ed z cel\u00e9 \u010cesk\u00e9 republiky. &#8222;Jsme r\u00e1di, \u017ee z\u00e1jem o dobrovolnictv\u00ed u n\u00e1s roste a \u017ee jsme tento z\u00e1jem mohli s projektem Dobr\u00e1 du\u0161e je\u0161t\u011b v\u00edce podpo\u0159it. T\u011b\u0161\u00ed n\u00e1s i to, \u017ee \u00fa\u010dast jednotlivc\u016f i instituc\u00ed s ka\u017ed\u00fdm dal\u0161\u00edm ro\u010dn\u00edkem roste a douf\u00e1me, \u017ee nejinak tomu bude i v tom nadch\u00e1zej\u00edc\u00edm&#8220;, uv\u00e1d\u00ed Andrea Pisingerov\u00e1 ze spole\u010dnosti Hartmann \u2013 Rico, kter\u00e1 je jedn\u00edm z partner\u016f Dobr\u00e9 du\u0161e.<\/p>\n<p>Jednotlivci i instituce maj\u00ed mo\u017enost se hl\u00e1sit do t\u0159et\u00edho ro\u010dn\u00edku projektu a\u017e do 30. dubna 2015. Odborn\u00e1 komise, slo\u017een\u00e1 z partner\u016f projektu, n\u00e1sledn\u011b vybere z do\u0161l\u00fdch p\u0159ihl\u00e1\u0161ek ocen\u011bn\u00e9 v obou kategori\u00edch, kte\u0159\u00ed budou vyhl\u00e1\u0161eni na slavnostn\u00edm ceremoni\u00e1lu na za\u010d\u00e1tku l\u00e9ta.<\/p>\n<p>V\u00edce informac\u00ed o projektu, v\u010detn\u011b p\u0159ihl\u00e1\u0161ek, naleznete na adrese: www.dobra\u00adduse.cz<\/p>\n<p>http:\/\/www.prazsky.denik.cz<\/p>\n","protected":false},"excerpt":{"rendered":"<div class=\"mh-excerpt\"><p>C\u00edlem projektu Dobr\u00e1 du\u0161e je oce\u0148ovat dobrovoln\u00edky, kte\u0159\u00ed se ve voln\u00e9m \u010dase v\u011bnuj\u00ed klient\u016fm za\u0159\u00edzen\u00ed soci\u00e1ln\u00edch slu\u017eeb. Jejich ob\u011btav\u00e1 \u010dinnost je naprosto nenahraditeln\u00e1, proto\u017ee pom\u00e1haj\u00ed <a class=\"mh-excerpt-more\" href=\"https:\/\/www.invarena.cz\/?p=20057\" title=\"Ocen\u00edme dobrovoln\u00edky. P\u0159ihl\u00e1\u0161ky jsou do konce dubna\">[&#8230;]<\/a><\/p>\n<\/div>","protected":false},"author":1,"featured_media":15769,"comment_status":"open","ping_status":"closed","sticky":false,"template":"","format":"standard","meta":{"footnotes":""},"categories":[7],"tags":[],"class_list":["post-20057","post","type-post","status-publish","format-standard","has-post-thumbnail","hentry","category-spolecnost"],"_links":{"self":[{"href":"https:\/\/www.invarena.cz\/index.php?rest_route=\/wp\/v2\/posts\/20057","targetHints":{"allow":["GET"]}}],"collection":[{"href":"https:\/\/www.invarena.cz\/index.php?rest_route=\/wp\/v2\/posts"}],"about":[{"href":"https:\/\/www.invarena.cz\/index.php?rest_route=\/wp\/v2\/types\/post"}],"author":[{"embeddable":true,"href":"https:\/\/www.invarena.cz\/index.php?rest_route=\/wp\/v2\/users\/1"}],"replies":[{"embeddable":true,"href":"https:\/\/www.invarena.cz\/index.php?rest_route=%2Fwp%2Fv2%2Fcomments&post=20057"}],"version-history":[{"count":0,"href":"https:\/\/www.invarena.cz\/index.php?rest_route=\/wp\/v2\/posts\/20057\/revisions"}],"wp:featuredmedia":[{"embeddable":true,"href":"https:\/\/www.invarena.cz\/index.php?rest_route=\/wp\/v2\/media\/15769"}],"wp:attachment":[{"href":"https:\/\/www.invarena.cz\/index.php?rest_route=%2Fwp%2Fv2%2Fmedia&parent=20057"}],"wp:term":[{"taxonomy":"category","embeddable":true,"href":"https:\/\/www.invarena.cz\/index.php?rest_route=%2Fwp%2Fv2%2Fcategories&post=20057"},{"taxonomy":"post_tag","embeddable":true,"href":"https:\/\/www.invarena.cz\/index.php?rest_route=%2Fwp%2Fv2%2Ftags&post=20057"}],"curies":[{"name":"wp","href":"https:\/\/api.w.org\/{rel}","templated":true}]}}