{"id":20061,"date":"2015-02-23T05:55:58","date_gmt":"2015-02-23T04:55:58","guid":{"rendered":"http:\/\/www.invarena.cz\/?p=20061"},"modified":"2015-02-23T05:55:58","modified_gmt":"2015-02-23T04:55:58","slug":"pomahaji-jinak-obdarovanym","status":"publish","type":"post","link":"https:\/\/www.invarena.cz\/?p=20061","title":{"rendered":"Pom\u00e1haj\u00ed jinak obdarovan\u00fdm"},"content":{"rendered":"<p><strong>Hnut\u00ed V\u00edra a sv\u011btlo vzniklo v roce 1971 ve Francii, dnes toto hnut\u00ed sdru\u017euje zhruba 2 tis\u00edce spole\u010denstv\u00ed po cel\u00e9m sv\u011bt\u011b. I jedna ze t\u0159\u00ed brn\u011bnsk\u00fdch skupin. Jednou za m\u011bs\u00edc se sch\u00e1z\u00ed v \u017eidenick\u00e9m dom\u011b d\u011bt\u00ed a ml\u00e1de\u017ee, aby sv\u00fdm jinak obda\u0159en\u00fdm kamar\u00e1d\u016fm ud\u011blali hezk\u00e9 odpoledne. Sv\u00e9mu spole\u010denstv\u00ed dali n\u00e1zev \u017dabky v kalu\u017ei.<\/strong><!--more--><\/p>\n<p><em>\u010cT 1<\/em><\/p>\n<p>Petra KLA\u0160KOV\u00c1, koordin\u00e1torka spole\u010denstv\u00ed \u017dabky v kalu\u017ei: My, abychom ne\u0159\u00edkali <span class=\"highlight\">posti\u017een\u00ed<\/span> nebo handicapovan\u00ed, tak \u0159\u00edk\u00e1me kamar\u00e1di a asistent\u016fm \u0159\u00edk\u00e1me p\u0159\u00e1tel\u00e9, m\u00e1 to i nazna\u010dit ten vztah mezi n\u00e1mi, my tady nejsme jako klient a asistent, ale jako p\u0159\u00edtel a kamar\u00e1d, takov\u00fd rovnocenn\u00fd, vyv\u00e1\u017een\u00fd vztah.<\/p>\n<p>Jana VLACHOV\u00c1, spole\u010denstv\u00ed \u017dabky v kalu\u017ei: To vlastn\u011b vzniklo d\u00edky jedn\u00e9 sle\u010dn\u011b, kter\u00e1 je pr\u00e1v\u011b jinak obdarovan\u00e1, a kdy\u017e se p\u0159em\u00fd\u0161lelo o n\u00e1zvu je\u0161t\u011b v 90. letech, tak tohle vych\u00e1z\u00ed z obl\u00edben\u00e9 p\u00edsni\u010dky, kter\u00e1 se v t\u00e9 chv\u00edli zp\u00edvala, vych\u00e1z\u00ed to vlastn\u011b z na\u0161\u00ed hymny, kde je: &#8222;Slun\u00ed\u010dko lecht\u00e1 \u017eabky v kalu\u017ei.&#8220;<\/p>\n<p>Petra KLA\u0160KOV\u00c1: V\u017edycky se p\u0159i pl\u00e1nov\u00e1n\u00ed programu sna\u017e\u00edme vych\u00e1zet tak\u00e9 z toho, co je za ro\u010dn\u00ed obdob\u00ed nebo za liturgickou \u010d\u00e1st roku, nap\u0159\u00edklad te\u010f se bl\u00ed\u017e\u00ed p\u016fst, tak\u017ee jsme si \u0159ekli p\u00e1r slov o tom, co to pro n\u00e1s znamen\u00e1 a tak\u00e9, \u017ee se s t\u00edm poj\u00ed fa\u0161ank a masopustn\u00ed pr\u016fvod, tak\u017ee tomu taky odpov\u00edd\u00e1 to dne\u0161n\u00ed setk\u00e1n\u00ed.<\/p>\n<p>Tulila REUCCI, spole\u010denstv\u00ed \u017dabky v kalu\u017ei:\u00a0 Bych \u0159ekla, \u017ee maj\u00ed \u00fapln\u011b t\u0159eba jin\u00fd pohled na ty v\u011bci, t\u0159eba jak my je nevid\u00edme, tak oni je dok\u00e1\u017e\u00ed tak n\u011bjak vid\u011bt a \u010dlov\u011bka to tak rozradostn\u00ed, dok\u00e1\u017ee to pot\u011b\u0161it.<\/p>\n<p>Natalie LEV\u00cd\u010cKOV\u00c1, spole\u010denstv\u00ed \u017dabky v kalu\u017ei: Z ka\u017ed\u00e9 mali\u010dkosti, z ka\u017ed\u00e9ho \u00fasm\u011bvu druh\u00fdch lid\u00ed se dok\u00e1\u017eou radovat, a to m\u011b, a to m\u011b hrozn\u011b odzbrojuje a dov\u00e1d\u00ed m\u011b to k zamy\u0161len\u00ed sama nad sebou, \u017ee bych se m\u011bla v\u00edc radost a b\u00fdt r\u00e1da za to, jak\u00e1 jsem, a za to, \u017ee jsem zdrav\u00e1.<\/p>\n<p>Petra KLA\u0160KOV\u00c1: Velmi \u010dasto n\u00e1m p\u0159et\u00fdk\u00e1 trp\u011blivost, n\u011bkdy je to stra\u0161n\u011b psychicky n\u00e1ro\u010dn\u00e9, tak o trp\u011blivosti dost, ale v\u017edycky to stoj\u00ed za to, na konci t\u00e9 akce si v\u017edycky \u0159ekneme: &#8222;Jsme stra\u0161n\u011b r\u00e1di, \u017ee jsme tady spolu.&#8220;<\/p>\n<p>Natalie LEV\u00cd\u010cKOV\u00c1:\u00a0 Mn\u011b p\u0159ijde, \u017ee to je jakoby m\u016fj \u017eivot, \u017ee te\u010fka tam jdu d\u011blat n\u011bjakou dobrovolnickou \u010dinnost, to je blbost, my to m\u00e1me jako spole\u010denstv\u00ed, tak\u017ee pro n\u00e1s je to jakoby n\u00e1pl\u0148 na\u0161eho \u017eivota ..<\/p>\n","protected":false},"excerpt":{"rendered":"<div class=\"mh-excerpt\"><p>Hnut\u00ed V\u00edra a sv\u011btlo vzniklo v roce 1971 ve Francii, dnes toto hnut\u00ed sdru\u017euje zhruba 2 tis\u00edce spole\u010denstv\u00ed po cel\u00e9m sv\u011bt\u011b. I jedna ze t\u0159\u00ed <a class=\"mh-excerpt-more\" href=\"https:\/\/www.invarena.cz\/?p=20061\" title=\"Pom\u00e1haj\u00ed jinak obdarovan\u00fdm\">[&#8230;]<\/a><\/p>\n<\/div>","protected":false},"author":1,"featured_media":13251,"comment_status":"open","ping_status":"closed","sticky":false,"template":"","format":"standard","meta":{"footnotes":""},"categories":[7],"tags":[],"class_list":["post-20061","post","type-post","status-publish","format-standard","has-post-thumbnail","hentry","category-spolecnost"],"_links":{"self":[{"href":"https:\/\/www.invarena.cz\/index.php?rest_route=\/wp\/v2\/posts\/20061","targetHints":{"allow":["GET"]}}],"collection":[{"href":"https:\/\/www.invarena.cz\/index.php?rest_route=\/wp\/v2\/posts"}],"about":[{"href":"https:\/\/www.invarena.cz\/index.php?rest_route=\/wp\/v2\/types\/post"}],"author":[{"embeddable":true,"href":"https:\/\/www.invarena.cz\/index.php?rest_route=\/wp\/v2\/users\/1"}],"replies":[{"embeddable":true,"href":"https:\/\/www.invarena.cz\/index.php?rest_route=%2Fwp%2Fv2%2Fcomments&post=20061"}],"version-history":[{"count":0,"href":"https:\/\/www.invarena.cz\/index.php?rest_route=\/wp\/v2\/posts\/20061\/revisions"}],"wp:featuredmedia":[{"embeddable":true,"href":"https:\/\/www.invarena.cz\/index.php?rest_route=\/wp\/v2\/media\/13251"}],"wp:attachment":[{"href":"https:\/\/www.invarena.cz\/index.php?rest_route=%2Fwp%2Fv2%2Fmedia&parent=20061"}],"wp:term":[{"taxonomy":"category","embeddable":true,"href":"https:\/\/www.invarena.cz\/index.php?rest_route=%2Fwp%2Fv2%2Fcategories&post=20061"},{"taxonomy":"post_tag","embeddable":true,"href":"https:\/\/www.invarena.cz\/index.php?rest_route=%2Fwp%2Fv2%2Ftags&post=20061"}],"curies":[{"name":"wp","href":"https:\/\/api.w.org\/{rel}","templated":true}]}}