{"id":20065,"date":"2015-03-26T08:06:15","date_gmt":"2015-03-26T07:06:15","guid":{"rendered":"http:\/\/www.invarena.cz\/?p=20065"},"modified":"2015-03-26T08:14:29","modified_gmt":"2015-03-26T07:14:29","slug":"dobrovolnici-pomahaji-ve-svete-deti","status":"publish","type":"post","link":"https:\/\/www.invarena.cz\/?p=20065","title":{"rendered":"Dobrovoln\u00edci pom\u00e1haj\u00ed ve sv\u011bt\u011b d\u011bt\u00ed"},"content":{"rendered":"<p><strong>Dobrovoln\u00edci pom\u00e1haj\u00ed ve sv\u011bt\u011b d\u011bt\u00ed, je n\u00e1zev projektu Ratolesti Brno, d\u00edky kter\u00e9mu pom\u00e1halo 48 dobrovoln\u00edk\u016f d\u011btem a ml\u00e1de\u017ei v r\u016fzn\u00fdch soci\u00e1ln\u00edch slu\u017eb\u00e1ch na \u00fazem\u00ed Brna. Dobrovoln\u00edci pom\u00e1hali klient\u016fm z neziskov\u00fdch organizac\u00ed v Brn\u011b zvl\u00e1dat nejr\u016fzn\u011bj\u0161\u00ed \u017eivotn\u00ed situace.<\/strong><br \/>\n<!--more--><\/p>\n<p> Dobrovoln\u00edci od dubna 2014 do \u00fanora leto\u0161n\u00edho roku, pom\u00e1hali klient\u016fm zvl\u00e1dat nejr\u016fzn\u011bj\u0161\u00ed \u017eivotn\u00ed situace, poskytovali jim podporu p\u0159i orientaci a uplatn\u011bn\u00ed se ve spole\u010dnosti, tr\u00e1vili s nimi voln\u00fd \u010das a realizovali spole\u010dn\u011b mnoho aktivit. Dobrovoln\u00edci v\u011bnovali 1970 hodin sv\u00e9ho voln\u00e9ho \u010dasu v\u00edce ne\u017e 260 klient\u016fm z neziskov\u00fdch organizac\u00ed v Brn\u011b.<\/p>\n<p>Do spolupracuj\u00edc\u00edch organizac\u00ed, poskytuj\u00edc\u00edch soci\u00e1ln\u00ed slu\u017eby, vys\u00edl\u00e1 dobrovoln\u00edky Dobrovolnick\u00e9 centrum Ratolesti Brno, kter\u00e9 dobrovoln\u00edky nejen vyb\u00edr\u00e1, ale tak\u00e9 pe\u010dliv\u011b p\u0159ipravuje na jejich \u010dinnost. B\u011bhem dobrovolnick\u00e9ho p\u016fsoben\u00ed poskytuje dobrovoln\u00edk\u016fm a zapojen\u00fdm organizac\u00edm profesion\u00e1ln\u00ed z\u00e1zem\u00ed (supervize, metodick\u00e9 veden\u00ed \u010di vzd\u011bl\u00e1vac\u00ed akce).<\/p>\n<p> \u201eOrganizac\u00edm t\u00edmto \u0161et\u0159\u00edme mno\u017estv\u00ed \u010dasu, kter\u00e9 by problematice dobrovolnictv\u00ed museli sami v\u011bnovat. Zvy\u0161ujeme kvalitu dobrovolnick\u00e9 pomoci a pro dobrovoln\u00edky vytv\u00e1\u0159\u00edme siln\u00e9 z\u00e1zem\u00ed, db\u00e1me na individu\u00e1ln\u00ed p\u0159\u00edstup ke ka\u017ed\u00e9mu z nich a poskytujeme jim \u0161irokou podporu\u201c, podot\u00fdk\u00e1 koordin\u00e1torka Dobrovolnick\u00e9ho centra Mgr. Dagmar \u0160t\u011bp\u00e1nkov\u00e1.<\/p>\n<p>Iva, Luk\u00e1\u0161 a Radek jsou mlad\u00ed lid\u00e9 \u2013 klienti soci\u00e1ln\u00edch slu\u017eeb Centra Koci\u00e1nky, kter\u00e9 je z\u00e1rove\u0148 jejich domovem. V\u0161ichni t\u0159i se pohybuj\u00ed jen za pomoci voz\u00ed\u010dku. Je pro n\u011b komplikovan\u00e9 dostat se do m\u011bsta, na v\u00fdlet, \u010di na akce za br\u00e1ny Centra Koci\u00e1nky.  V r\u00e1mci projektu Dobrovoln\u00edci pom\u00e1haj\u00ed ve sv\u011bt\u011b d\u011bt\u00ed, byl ka\u017ed\u00fd z nich sezn\u00e1men s jedn\u00edm dobrovoln\u00edkem. Dobrovoln\u00edci se jim v\u011bnovali bez n\u00e1roku na odm\u011bnu ka\u017ed\u00fd t\u00fdden ve sv\u00e9m voln\u00e9m \u010dase p\u00e1r hodin, kdy za nimi p\u0159ich\u00e1zeli, aby spole\u010dn\u011b podnikali nejr\u016fzn\u011bj\u0161\u00ed aktivity &#8211;  spole\u010dn\u011b se vyd\u00e1vali na v\u00fdlety, na proch\u00e1zky, do m\u011bsta, do knihovny \u010di na r\u016fzn\u00e9 kulturn\u00ed a spole\u010densk\u00e9 akce. \u201eJana, moje dobrovolnice, se mnou chod\u00ed do m\u011bsta, kde se m\u016f\u017eu pod\u00edvat do obchodu, taky n\u011bkdy zajdeme do cukr\u00e1rny. Do m\u011bsta se te\u010f d\u00edky n\u00ed dostanu mnohem \u010dast\u011bji, Jana mi pom\u016f\u017ee v MHD a taky m\u011b bere na m\u00edsta, kter\u00e1 bych bez n\u00ed ur\u010dit\u011b nevid\u011bla. Jsem moc r\u00e1da za jej\u00ed pomoc, d\u00e1v\u00e1 to m\u00e9mu \u017eivotu dal\u0161\u00ed rozm\u011br\u201c, \u0159\u00edk\u00e1 Iva, klientka Centra Koci\u00e1nky.<\/p>\n<p>Tento projekt byl finan\u010dn\u011b podpo\u0159en Nada\u010dn\u00edm fondem Albert v r\u00e1mci grantov\u00e9ho programu NADA\u010cN\u00cd FOND ALBERT D\u011aTEM 2015.<\/p>\n<p>Veronika K\u0159\u00ed\u017ekov\u00e1<br \/>\nTiskov\u00e1 zpr\u00e1va<\/p>\n","protected":false},"excerpt":{"rendered":"<div class=\"mh-excerpt\"><p>Dobrovoln\u00edci pom\u00e1haj\u00ed ve sv\u011bt\u011b d\u011bt\u00ed, je n\u00e1zev projektu Ratolesti Brno, d\u00edky kter\u00e9mu pom\u00e1halo 48 dobrovoln\u00edk\u016f d\u011btem a ml\u00e1de\u017ei v r\u016fzn\u00fdch soci\u00e1ln\u00edch slu\u017eb\u00e1ch na \u00fazem\u00ed Brna. <a class=\"mh-excerpt-more\" href=\"https:\/\/www.invarena.cz\/?p=20065\" title=\"Dobrovoln\u00edci pom\u00e1haj\u00ed ve sv\u011bt\u011b d\u011bt\u00ed\">[&#8230;]<\/a><\/p>\n<\/div>","protected":false},"author":1,"featured_media":20576,"comment_status":"open","ping_status":"closed","sticky":false,"template":"","format":"standard","meta":{"footnotes":""},"categories":[7],"tags":[],"class_list":["post-20065","post","type-post","status-publish","format-standard","has-post-thumbnail","hentry","category-spolecnost"],"_links":{"self":[{"href":"https:\/\/www.invarena.cz\/index.php?rest_route=\/wp\/v2\/posts\/20065","targetHints":{"allow":["GET"]}}],"collection":[{"href":"https:\/\/www.invarena.cz\/index.php?rest_route=\/wp\/v2\/posts"}],"about":[{"href":"https:\/\/www.invarena.cz\/index.php?rest_route=\/wp\/v2\/types\/post"}],"author":[{"embeddable":true,"href":"https:\/\/www.invarena.cz\/index.php?rest_route=\/wp\/v2\/users\/1"}],"replies":[{"embeddable":true,"href":"https:\/\/www.invarena.cz\/index.php?rest_route=%2Fwp%2Fv2%2Fcomments&post=20065"}],"version-history":[{"count":0,"href":"https:\/\/www.invarena.cz\/index.php?rest_route=\/wp\/v2\/posts\/20065\/revisions"}],"wp:featuredmedia":[{"embeddable":true,"href":"https:\/\/www.invarena.cz\/index.php?rest_route=\/wp\/v2\/media\/20576"}],"wp:attachment":[{"href":"https:\/\/www.invarena.cz\/index.php?rest_route=%2Fwp%2Fv2%2Fmedia&parent=20065"}],"wp:term":[{"taxonomy":"category","embeddable":true,"href":"https:\/\/www.invarena.cz\/index.php?rest_route=%2Fwp%2Fv2%2Fcategories&post=20065"},{"taxonomy":"post_tag","embeddable":true,"href":"https:\/\/www.invarena.cz\/index.php?rest_route=%2Fwp%2Fv2%2Ftags&post=20065"}],"curies":[{"name":"wp","href":"https:\/\/api.w.org\/{rel}","templated":true}]}}