{"id":20098,"date":"2015-03-04T08:59:58","date_gmt":"2015-03-04T07:59:58","guid":{"rendered":"http:\/\/www.invarena.cz\/?p=20098"},"modified":"2015-03-04T23:11:32","modified_gmt":"2015-03-04T22:11:32","slug":"hudba-pomaha-special-chinaski-podpori-opet-deti","status":"publish","type":"post","link":"https:\/\/www.invarena.cz\/?p=20098","title":{"rendered":"Hudba pom\u00e1h\u00e1: Chinaski podpo\u0159\u00ed op\u011bt d\u011bti"},"content":{"rendered":"<p><strong>Po s\u00e9rii \u00fasp\u011b\u0161n\u00fdch V\u00e1no\u010dn\u00edch koncert\u016f p\u0159ich\u00e1z\u00ed letos festival Hudba pom\u00e1h\u00e1 se speci\u00e1ln\u00edm projektem. B\u011bhem dubnov\u00e9ho koncertu ve vysokom\u00fdtsk\u00e9m MKlubu vystoup\u00ed skupina Chinaski, kter\u00e1 ji\u017e d\u0159\u00edve s organiz\u00e1tory spolupracovala.<\/strong><!--more--><\/p>\n<p>Spole\u010dn\u011b se tak pokus\u00ed z\u00edskat pen\u00edze na financov\u00e1n\u00ed n\u00e1kladn\u00e9 l\u00e9\u010dby handicapovan\u00e9 Verunky Go\u017e\u010f\u00e1lov\u00e9.<\/p>\n<p>Benefi\u010dn\u00ed koncert, kter\u00fd prob\u011bhne 25. dubna, je ov\u0161em sv\u00fdm zp\u016fsobem netradi\u010dn\u00ed. Kapela Chinaski p\u0159edloni zahr\u00e1la v r\u00e1mci festivalu Hudba pom\u00e1h\u00e1 na podporu posti\u017een\u00e9ho Erika Pech\u00e1\u010dka z Pardubic. Tento projekt se jim natolik zal\u00edbil, \u017ee se rozhodli sami oslovit po\u0159adatele a uspo\u0159\u00e1dat dal\u0161\u00ed spole\u010dn\u00fd koncert.<\/p>\n<p>D\u00edt\u011b mimo kraj<\/p>\n<p>&#8222;M\u00e1m obrovskou radost, \u017ee op\u011bt m\u016f\u017eeme spolupracovat s kapelou Chinaski na podpo\u0159e dobr\u00e9 v\u011bci. Velmi m\u011b t\u011b\u0161\u00ed, \u017ee iniciativa uspo\u0159\u00e1dat benefi\u010dn\u00ed koncert vze\u0161la od samotn\u00e9 kapely. Za to maj\u00ed Chinaski m\u016fj obdiv a na spolupr\u00e1ci se t\u011b\u0161\u00edm,&#8220; uvedl organiz\u00e1tor festivalu Vojt\u011bch Sedl\u00e1\u010dek.<\/p>\n<p>Samotn\u00fd n\u00e1zev dubnov\u00e9ho projektu ov\u0161em napov\u00edd\u00e1, \u017ee tento koncert bude opravdu speci\u00e1ln\u00ed. Po\u0159adatel\u00e9 se rozhodli poprv\u00e9 podpo\u0159it d\u00edt\u011b, kter\u00e9 nen\u00ed z Pardubick\u00e9ho kraje. &#8222;Jmenuji se Veronika Go\u017e\u010f\u00e1lov\u00e1, je mi 5 let a od narozen\u00ed m\u00e1m d\u011btskou mozkovou obrnu \u2013 spastickou kvadrupar\u00e9zu, co\u017e znamen\u00e1, \u017ee se sama nenaj\u00edm, nenapiji, neoble\u010du. M\u00e9 p\u0159\u00e1n\u00ed je, abych se co nejv\u00edce uzdravila, nau\u010dila se ps\u00e1t, chodit a mluvit,&#8220; p\u00ed\u0161ou jm\u00e9nem Verunky jej\u00ed rodi\u010de. V\u00fdt\u011b\u017eek projektu bude v\u011bnov\u00e1n na financov\u00e1n\u00ed ozdravn\u00fdch pobyt\u016f v l\u00e1zn\u00edch, na kter\u00e9 poji\u0161\u0165ovna nep\u0159isp\u00edv\u00e1.<\/p>\n<p>Vybrali 200 tis\u00edc<\/p>\n<p>B\u011bhem osmi let sv\u00e9ho p\u016fsoben\u00ed dok\u00e1zal projekt Hudba pom\u00e1h\u00e1 podat pomocnou ruku ji\u017e dev\u00edti handicapovan\u00fdm d\u011btem z Pardubick\u00e9ho kraje. Za minul\u00fd ro\u010dn\u00edk se poda\u0159ilo vybrat bezm\u00e1la dv\u011b sta tis\u00edc korun, kter\u00e9 zajist\u00ed handicapovan\u00fdm dvoj\u010dat\u016fm Pet\u0159e a Ren\u00e1t\u011b \u0160tanclov\u00fdm dva roky ve specializovan\u00e9m stacion\u00e1\u0159i. Koncert, kter\u00fd prob\u011bhne 25. dubna v M\u00acKlubu ve Vysok\u00e9m M\u00fdt\u011b, je ji\u017e te\u010f \u00fapln\u011b vyprodan\u00fd. Verunce m\u016f\u017ee ale kdokoli p\u0159isp\u011bt tak\u00e9 na transparentn\u00ed \u00fa\u010det festivalu: 2900665162\/2010.<\/p>\n<p>Po\u0159adatel\u00e9 doufaj\u00ed, \u017ee lid\u00e9 z\u016fstanou jejich festivalu v\u011brn\u00ed i nad\u00e1le a \u017ee se jim poda\u0159\u00ed i letos vybrat dostatek pen\u011bz, aby mohli Verunce zajistit kvalitn\u00ed l\u00e9\u010dbu.<\/p>\n<p>Svitavsk\u00fd den\u00edk<br \/>\n<a href=\"http:\/\/svitavsky.denik.cz\/\">http:\/\/svitavsky.denik.cz\/<\/a><\/p>\n","protected":false},"excerpt":{"rendered":"<div class=\"mh-excerpt\"><p>Po s\u00e9rii \u00fasp\u011b\u0161n\u00fdch V\u00e1no\u010dn\u00edch koncert\u016f p\u0159ich\u00e1z\u00ed letos festival Hudba pom\u00e1h\u00e1 se speci\u00e1ln\u00edm projektem. B\u011bhem dubnov\u00e9ho koncertu ve vysokom\u00fdtsk\u00e9m MKlubu vystoup\u00ed skupina Chinaski, kter\u00e1 ji\u017e d\u0159\u00edve <a class=\"mh-excerpt-more\" href=\"https:\/\/www.invarena.cz\/?p=20098\" title=\"Hudba pom\u00e1h\u00e1: Chinaski podpo\u0159\u00ed op\u011bt d\u011bti\">[&#8230;]<\/a><\/p>\n<\/div>","protected":false},"author":1,"featured_media":14146,"comment_status":"open","ping_status":"closed","sticky":false,"template":"","format":"standard","meta":{"footnotes":""},"categories":[9],"tags":[],"class_list":["post-20098","post","type-post","status-publish","format-standard","has-post-thumbnail","hentry","category-zpravy"],"_links":{"self":[{"href":"https:\/\/www.invarena.cz\/index.php?rest_route=\/wp\/v2\/posts\/20098","targetHints":{"allow":["GET"]}}],"collection":[{"href":"https:\/\/www.invarena.cz\/index.php?rest_route=\/wp\/v2\/posts"}],"about":[{"href":"https:\/\/www.invarena.cz\/index.php?rest_route=\/wp\/v2\/types\/post"}],"author":[{"embeddable":true,"href":"https:\/\/www.invarena.cz\/index.php?rest_route=\/wp\/v2\/users\/1"}],"replies":[{"embeddable":true,"href":"https:\/\/www.invarena.cz\/index.php?rest_route=%2Fwp%2Fv2%2Fcomments&post=20098"}],"version-history":[{"count":0,"href":"https:\/\/www.invarena.cz\/index.php?rest_route=\/wp\/v2\/posts\/20098\/revisions"}],"wp:featuredmedia":[{"embeddable":true,"href":"https:\/\/www.invarena.cz\/index.php?rest_route=\/wp\/v2\/media\/14146"}],"wp:attachment":[{"href":"https:\/\/www.invarena.cz\/index.php?rest_route=%2Fwp%2Fv2%2Fmedia&parent=20098"}],"wp:term":[{"taxonomy":"category","embeddable":true,"href":"https:\/\/www.invarena.cz\/index.php?rest_route=%2Fwp%2Fv2%2Fcategories&post=20098"},{"taxonomy":"post_tag","embeddable":true,"href":"https:\/\/www.invarena.cz\/index.php?rest_route=%2Fwp%2Fv2%2Ftags&post=20098"}],"curies":[{"name":"wp","href":"https:\/\/api.w.org\/{rel}","templated":true}]}}