{"id":20101,"date":"2015-02-25T10:11:12","date_gmt":"2015-02-25T09:11:12","guid":{"rendered":"http:\/\/www.invarena.cz\/?p=20101"},"modified":"2015-02-25T19:50:10","modified_gmt":"2015-02-25T18:50:10","slug":"zeman-se-sesel-se-zastupci-postizenych","status":"publish","type":"post","link":"https:\/\/www.invarena.cz\/?p=20101","title":{"rendered":"Zeman se se\u0161el se z\u00e1stupci posti\u017een\u00fdch"},"content":{"rendered":"<p><strong>Prezident Milo\u0161 Zeman v\u010dera vysv\u011btloval veden\u00ed N\u00e1rodn\u00ed rady osob se zdravotn\u00edm posti\u017een\u00edm (NRZP) sv\u00e9 ned\u00e1vn\u00e9 v\u00fdroky, \u017ee d\u011bti s ur\u010dit\u00fdm handicapem by nem\u011bly b\u00fdt za\u0159azov\u00e1ny do t\u0159\u00edd se zdrav\u00fdmi \u0161kol\u00e1ky.<\/strong><!--more--><br \/>\n<strong>Prezident Milo\u0161 Zeman<\/strong> \u0159ekl, \u017ee nem\u011bl na mysli v\u0161echny posti\u017een\u00e9, ale jen d\u011bti s t\u011b\u017ek\u00fdm ment\u00e1ln\u00edm posti\u017een\u00edm.<\/p>\n<p>&#8222;Jednou jsem cht\u011bl b\u00fdt zdvo\u0159il\u00fd a nevyplatilo se mi to,&#8220; \u0159ekl prezident. Mluvit p\u0159\u00edmo o ment\u00e1ln\u00edm posti\u017een\u00ed mu pr\u00fd p\u0159i\u0161lo krut\u00e9, zm\u00ednil se proto jen o posti\u017een\u00ed. V\u0161ichni pot\u00e9 tato slova vzt\u00e1hli nap\u0159\u00edklad na voz\u00ed\u010dk\u00e1\u0159e, dodal.<\/p>\n<p>S p\u0159edstaviteli rady se shodl na pot\u0159eb\u011b dostate\u010dn\u00e9 podpory pro handicapovan\u00e9 \u0161kol\u00e1ky.<\/p>\n<p>Podle Kr\u00e1sy, jen\u017e o sv\u00e9 sch\u016fzce s prezidentem hovo\u0159il v Radio\u017eurn\u00e1lu v po\u0159adu\u00a0 Dvacet minut, se d\u00e1l prezidentovy ned\u00e1vn\u00e9 v\u00fdroky na jedn\u00e1n\u00ed p\u0159\u00edli\u0161 ne\u0159e\u0161ily, debatovalo se sp\u00ed\u0161 o vzd\u011bl\u00e1v\u00e1n\u00ed posti\u017een\u00fdch v praxi. &#8222;Shodli jsme se, \u017ee je pot\u0159eba dostatek pedagogick\u00fdch asistent\u016f, aby \u017e\u00e1ci dostali takovou podporu, jakou pot\u0159ebuj\u00ed,&#8220; uvedl Kr\u00e1sa.<\/p>\n<p>&#8222;To, co bychom opravdu velmi pot\u0159ebovali od pana prezidenta, je mo\u017en\u00e1 daleko v\u00edce n\u011bjak\u00e1 v\u011bt\u0161\u00ed pomoc v prosazov\u00e1n\u00ed syst\u00e9mov\u00fdch zm\u011bn, aby opravdu co nejv\u011bt\u0161\u00ed mno\u017estv\u00ed b\u011b\u017en\u00fdch \u0161kol bylo dob\u0159e p\u0159ipraven\u00fdch na vzd\u011bl\u00e1v\u00e1n\u00ed d\u011bt\u00ed se znev\u00fdhodn\u011bn\u00edm,&#8220; \u0159ekla v \u010cT p\u0159edsedkyn\u011b \u010cesk\u00e9 odborn\u00e9 spole\u010dnosti pro inkluzivn\u00ed vzd\u011bl\u00e1v\u00e1n\u00ed\u00a0Kl\u00e1ra LAUREN\u010c\u00cdKOV\u00c1.<\/p>\n<p>&#8222;J\u00e1 jsem vysv\u011btloval panu prezidentovi, a to ho velmi zaujalo, \u017ee m\u016f\u017ee b\u00fdt t\u0159eba speci\u00e1ln\u00ed t\u0159\u00edda v norm\u00e1ln\u00ed \u0161kole, aby se ty d\u011bti vz\u00e1jemn\u011b pozn\u00e1valy,&#8220; p\u0159ipomn\u011bl v \u010cT Kr\u00e1sa.<\/p>\n<p>Dal\u0161\u00edm t\u00e9matem bylo zam\u011bstn\u00e1v\u00e1n\u00ed hendikepovan\u00fdch. Rada \u017e\u00e1d\u00e1, aby minim\u00e1ln\u00ed mzda posti\u017een\u00fdch byla stejn\u011b vysok\u00e1 jako u ostatn\u00edch pracovn\u00edk\u016f. Nyn\u00ed je ni\u017e\u0161\u00ed o 1200 K\u010d. Zeman p\u0159isl\u00edbil, \u017ee o tom bude mluvit s ministryn\u00ed pr\u00e1ce Michaelou Marksovou.<\/p>\n","protected":false},"excerpt":{"rendered":"<div class=\"mh-excerpt\"><p>Prezident Milo\u0161 Zeman v\u010dera vysv\u011btloval veden\u00ed N\u00e1rodn\u00ed rady osob se zdravotn\u00edm posti\u017een\u00edm (NRZP) sv\u00e9 ned\u00e1vn\u00e9 v\u00fdroky, \u017ee d\u011bti s ur\u010dit\u00fdm handicapem by nem\u011bly b\u00fdt za\u0159azov\u00e1ny <a class=\"mh-excerpt-more\" href=\"https:\/\/www.invarena.cz\/?p=20101\" title=\"Zeman se se\u0161el se z\u00e1stupci posti\u017een\u00fdch\">[&#8230;]<\/a><\/p>\n<\/div>","protected":false},"author":1,"featured_media":2134,"comment_status":"open","ping_status":"closed","sticky":false,"template":"","format":"standard","meta":{"footnotes":""},"categories":[9],"tags":[],"class_list":["post-20101","post","type-post","status-publish","format-standard","has-post-thumbnail","hentry","category-zpravy"],"_links":{"self":[{"href":"https:\/\/www.invarena.cz\/index.php?rest_route=\/wp\/v2\/posts\/20101","targetHints":{"allow":["GET"]}}],"collection":[{"href":"https:\/\/www.invarena.cz\/index.php?rest_route=\/wp\/v2\/posts"}],"about":[{"href":"https:\/\/www.invarena.cz\/index.php?rest_route=\/wp\/v2\/types\/post"}],"author":[{"embeddable":true,"href":"https:\/\/www.invarena.cz\/index.php?rest_route=\/wp\/v2\/users\/1"}],"replies":[{"embeddable":true,"href":"https:\/\/www.invarena.cz\/index.php?rest_route=%2Fwp%2Fv2%2Fcomments&post=20101"}],"version-history":[{"count":0,"href":"https:\/\/www.invarena.cz\/index.php?rest_route=\/wp\/v2\/posts\/20101\/revisions"}],"wp:featuredmedia":[{"embeddable":true,"href":"https:\/\/www.invarena.cz\/index.php?rest_route=\/wp\/v2\/media\/2134"}],"wp:attachment":[{"href":"https:\/\/www.invarena.cz\/index.php?rest_route=%2Fwp%2Fv2%2Fmedia&parent=20101"}],"wp:term":[{"taxonomy":"category","embeddable":true,"href":"https:\/\/www.invarena.cz\/index.php?rest_route=%2Fwp%2Fv2%2Fcategories&post=20101"},{"taxonomy":"post_tag","embeddable":true,"href":"https:\/\/www.invarena.cz\/index.php?rest_route=%2Fwp%2Fv2%2Ftags&post=20101"}],"curies":[{"name":"wp","href":"https:\/\/api.w.org\/{rel}","templated":true}]}}