{"id":20112,"date":"2015-02-26T09:00:42","date_gmt":"2015-02-26T08:00:42","guid":{"rendered":"http:\/\/www.invarena.cz\/?p=20112"},"modified":"2015-02-26T09:00:42","modified_gmt":"2015-02-26T08:00:42","slug":"pripad-zahadnych-umrti","status":"publish","type":"post","link":"https:\/\/www.invarena.cz\/?p=20112","title":{"rendered":"P\u0159\u00edpad z\u00e1hadn\u00fdch \u00famrt\u00ed"},"content":{"rendered":"<p><strong>Policie vy\u0161et\u0159uje p\u0159\u00edpady z\u00e1hadn\u00fdch \u00famrt\u00ed v Jablonci nad Nisou. Jedn\u00e1 se o dvojici lid\u00ed, kte\u0159\u00ed spolu dlouho \u017eili ve spole\u010dn\u00e9 dom\u00e1cnosti &#8211; matku s invalidn\u00edm synem.<\/strong><!--more--><\/p>\n<p>TV Nova:<\/p>\n<p>V byt\u011b v centru Jablonce nad Nisou policist\u00e9 s hasi\u010di objevili dv\u011b t\u011bla, byla to t\u0159ia\u0161edes\u00e1tilet\u00e1 matka se sv\u00fdm <span class=\"highlight\">posti\u017een\u00fdm<\/span> osmadvacetilet\u00fdm synem. <\/p>\n<p>Policist\u00e9 se domn\u00edvaj\u00ed, \u017ee \u017eena mohla zem\u0159\u00edt p\u0159irozen\u011b a syn, kter\u00fd byl pln\u011b odk\u00e1zan\u00fd na jej\u00ed p\u00e9\u010di, zem\u0159el bez pomoci pozd\u011bji. V\u00edce by ov\u0161em m\u011bla napov\u011bd\u011bt na\u0159\u00edzen\u00e1 soudn\u00ed pitva, proto\u017ee t\u011bch teori\u00ed o p\u0159\u00ed\u010din\u011b \u00famrt\u00ed je zat\u00edm po\u0159\u00e1d mnoho.<\/p>\n","protected":false},"excerpt":{"rendered":"<div class=\"mh-excerpt\"><p>Policie vy\u0161et\u0159uje p\u0159\u00edpady z\u00e1hadn\u00fdch \u00famrt\u00ed v Jablonci nad Nisou. Jedn\u00e1 se o dvojici lid\u00ed, kte\u0159\u00ed spolu dlouho \u017eili ve spole\u010dn\u00e9 dom\u00e1cnosti &#8211; matku s invalidn\u00edm <a class=\"mh-excerpt-more\" href=\"https:\/\/www.invarena.cz\/?p=20112\" title=\"P\u0159\u00edpad z\u00e1hadn\u00fdch \u00famrt\u00ed\">[&#8230;]<\/a><\/p>\n<\/div>","protected":false},"author":1,"featured_media":0,"comment_status":"open","ping_status":"closed","sticky":false,"template":"","format":"standard","meta":{"footnotes":""},"categories":[9],"tags":[],"class_list":["post-20112","post","type-post","status-publish","format-standard","hentry","category-zpravy"],"_links":{"self":[{"href":"https:\/\/www.invarena.cz\/index.php?rest_route=\/wp\/v2\/posts\/20112","targetHints":{"allow":["GET"]}}],"collection":[{"href":"https:\/\/www.invarena.cz\/index.php?rest_route=\/wp\/v2\/posts"}],"about":[{"href":"https:\/\/www.invarena.cz\/index.php?rest_route=\/wp\/v2\/types\/post"}],"author":[{"embeddable":true,"href":"https:\/\/www.invarena.cz\/index.php?rest_route=\/wp\/v2\/users\/1"}],"replies":[{"embeddable":true,"href":"https:\/\/www.invarena.cz\/index.php?rest_route=%2Fwp%2Fv2%2Fcomments&post=20112"}],"version-history":[{"count":0,"href":"https:\/\/www.invarena.cz\/index.php?rest_route=\/wp\/v2\/posts\/20112\/revisions"}],"wp:attachment":[{"href":"https:\/\/www.invarena.cz\/index.php?rest_route=%2Fwp%2Fv2%2Fmedia&parent=20112"}],"wp:term":[{"taxonomy":"category","embeddable":true,"href":"https:\/\/www.invarena.cz\/index.php?rest_route=%2Fwp%2Fv2%2Fcategories&post=20112"},{"taxonomy":"post_tag","embeddable":true,"href":"https:\/\/www.invarena.cz\/index.php?rest_route=%2Fwp%2Fv2%2Ftags&post=20112"}],"curies":[{"name":"wp","href":"https:\/\/api.w.org\/{rel}","templated":true}]}}