{"id":20117,"date":"2015-02-26T08:12:28","date_gmt":"2015-02-26T07:12:28","guid":{"rendered":"http:\/\/www.invarena.cz\/?p=20117"},"modified":"2015-02-26T08:38:52","modified_gmt":"2015-02-26T07:38:52","slug":"uzavreni-ustavu-letiny","status":"publish","type":"post","link":"https:\/\/www.invarena.cz\/?p=20117","title":{"rendered":"Ombudsmanka chce zav\u0159\u00edt \u00fastav Letiny"},"content":{"rendered":"<p><strong>Ombudsmanka Anna \u0160abatov\u00e1 chce nechat zav\u0159\u00edt soci\u00e1ln\u00ed a <span class=\"highlight\">zdravotn\u00ed<\/span> centrum Letiny na Plze\u0148sku. Sou\u010dasn\u00fd stav za\u0159\u00edzen\u00ed m\u016f\u017ee podle proveden\u00fdch kontrol ohrozit bezpe\u010d\u00ed i \u017eivot dvou set \u0161edes\u00e1ti klient\u016f. Stav person\u00e1lu je pr\u00fd tristn\u00ed a zach\u00e1zen\u00ed s klienty poni\u017euj\u00edc\u00ed. Veden\u00ed \u00fastavu v\u0161ak chce podat na ombudsmanku \u017ealobu.<\/strong> <!--more--> <em><strong>\u010cesk\u00e1 televize<\/strong><\/em><\/p>\n<p>ilustra\u010dn\u00ed foto: PhotoRack<\/p>\n<p>Konve, ze kter\u00fdch se klient\u016fm d\u00e1valo p\u00edt, kuchy\u0148, kde se pro n\u011b va\u0159\u00ed ob\u011bdy, nebo k\u0159eslo, ke kter\u00e9mu m\u011bli b\u00fdt klienti p\u0159ivazov\u00e1ni. To je jen zlomek toho, co kontroly v Letinech odhalily. Podle ombudsmanky tady \u00fadajn\u011b pracuje neodborn\u00fd person\u00e1l. Klienti nemaj\u00ed dostatek soukrom\u00ed a hroz\u00ed jim nap\u0159\u00edklad dehydratace nebo podv\u00fd\u017eiva.<\/p>\n<p>Anna \u0160ABATOV\u00c1, ve\u0159ejn\u00e1 ochr\u00e1nkyn\u011b pr\u00e1v:\u00a0 V j\u00eddeln\u011b p\u0159ebaluj\u00ed prost\u011b klientku. Kdo si nedojde s\u00e1m do j\u00eddelny, tak se vlastn\u011b nenapije. V\u0161echny ty v\u011bci, kter\u00fd m\u00e1me, m\u00e1me z pozorov\u00e1n\u00ed. Moji kolegov\u00e9 je prost\u011b vid\u011bli.<\/p>\n<p>Tristn\u00ed je podle \u0160abatov\u00e9 i stav person\u00e1lu. O sto osmdes\u00e1t lid\u00ed se tady na denn\u00ed sm\u011bn\u011b star\u00e1 deset a\u017e dvan\u00e1ct pracovn\u00edk\u016f. \u0160patn\u00e9 podm\u00ednky potvrzuj\u00ed i b\u00fdval\u00ed zam\u011bstnanci. Sv\u016fj obli\u010dej ale uk\u00e1zat na kameru necht\u011bj\u00ed.<\/p>\n<p>b\u00fdval\u00e1 zam\u011bstnankyn\u011b Soci\u00e1ln\u00edho a <span class=\"highlight\">zdravotn\u00edho<\/span> centra Letiny: Kdy\u017e jste se cht\u011bl t\u011bm lidem v\u011bnovat, nebyl na to \u010das, m\u011bl jste okolo dal\u0161\u00edch \u00fakol\u016f a povinnost\u00ed.<\/p>\n<p>\u0160abatov\u00e1 kritizuje i rizikov\u00e9 pod\u00e1v\u00e1n\u00ed <span class=\"highlight\">l\u00e9k\u016f<\/span> nebo \u00fadajn\u00e9 obohacov\u00e1n\u00ed se na \u00fakor zam\u011bstnanc\u016f. Veden\u00ed m\u011blo nez\u00e1konn\u011b strh\u00e1vat poplatky z depozitn\u00edch \u00fa\u010dt\u016f klient\u016f.<\/p>\n<p>Ale\u0161 PATERA, \u0159editel Soci\u00e1ln\u00edho a <span class=\"highlight\">zdravotn\u00edho<\/span> centra Letiny: Vyu\u017eijeme v\u0161echny mo\u017en\u00e9 pr\u00e1vn\u00ed n\u00e1stroje k tomu, abychom se br\u00e1nili, to znamen\u00e1, \u017ee pod\u00e1me \u017ealobu p\u0159\u00edmo na ve\u0159ejnou ochr\u00e1nkyni pr\u00e1v.<\/p>\n<p>Klienti centrum br\u00e1n\u00ed. Podle v\u00fdpov\u011bd\u00ed si na podm\u00ednky nest\u011b\u017euj\u00ed a proti zpr\u00e1v\u011b ombudsmanky podepisuj\u00ed petici.<\/p>\n<p>klientka centra: J\u00e1 bych plakala, tady je m\u016fj domov, tady to bych ani doma nem\u011bla.<\/p>\n<p>Centrum te\u010f prov\u011b\u0159\u00ed krajsk\u00fd \u00fa\u0159ad. Pokud se pochyben\u00ed potvrd\u00ed, m\u016f\u017ee kraj odebrat za\u0159\u00edzen\u00ed registraci. Dv\u011b st\u011b \u0161edes\u00e1t klient\u016f trp\u00edc\u00ed demenc\u00ed, <span class=\"highlight\">zdravotn\u00edm<\/span> posti\u017een\u00edm nebo schizofreni\u00ed ale nebude m\u00edt kam um\u00edstit.<\/p>\n","protected":false},"excerpt":{"rendered":"<div class=\"mh-excerpt\"><p>Ombudsmanka Anna \u0160abatov\u00e1 chce nechat zav\u0159\u00edt soci\u00e1ln\u00ed a zdravotn\u00ed centrum Letiny na Plze\u0148sku. Sou\u010dasn\u00fd stav za\u0159\u00edzen\u00ed m\u016f\u017ee podle proveden\u00fdch kontrol ohrozit bezpe\u010d\u00ed i \u017eivot dvou <a class=\"mh-excerpt-more\" href=\"https:\/\/www.invarena.cz\/?p=20117\" title=\"Ombudsmanka chce zav\u0159\u00edt \u00fastav Letiny\">[&#8230;]<\/a><\/p>\n<\/div>","protected":false},"author":1,"featured_media":14575,"comment_status":"open","ping_status":"closed","sticky":false,"template":"","format":"standard","meta":{"footnotes":""},"categories":[7],"tags":[],"class_list":["post-20117","post","type-post","status-publish","format-standard","has-post-thumbnail","hentry","category-spolecnost"],"_links":{"self":[{"href":"https:\/\/www.invarena.cz\/index.php?rest_route=\/wp\/v2\/posts\/20117","targetHints":{"allow":["GET"]}}],"collection":[{"href":"https:\/\/www.invarena.cz\/index.php?rest_route=\/wp\/v2\/posts"}],"about":[{"href":"https:\/\/www.invarena.cz\/index.php?rest_route=\/wp\/v2\/types\/post"}],"author":[{"embeddable":true,"href":"https:\/\/www.invarena.cz\/index.php?rest_route=\/wp\/v2\/users\/1"}],"replies":[{"embeddable":true,"href":"https:\/\/www.invarena.cz\/index.php?rest_route=%2Fwp%2Fv2%2Fcomments&post=20117"}],"version-history":[{"count":0,"href":"https:\/\/www.invarena.cz\/index.php?rest_route=\/wp\/v2\/posts\/20117\/revisions"}],"wp:featuredmedia":[{"embeddable":true,"href":"https:\/\/www.invarena.cz\/index.php?rest_route=\/wp\/v2\/media\/14575"}],"wp:attachment":[{"href":"https:\/\/www.invarena.cz\/index.php?rest_route=%2Fwp%2Fv2%2Fmedia&parent=20117"}],"wp:term":[{"taxonomy":"category","embeddable":true,"href":"https:\/\/www.invarena.cz\/index.php?rest_route=%2Fwp%2Fv2%2Fcategories&post=20117"},{"taxonomy":"post_tag","embeddable":true,"href":"https:\/\/www.invarena.cz\/index.php?rest_route=%2Fwp%2Fv2%2Ftags&post=20117"}],"curies":[{"name":"wp","href":"https:\/\/api.w.org\/{rel}","templated":true}]}}