{"id":20122,"date":"2015-02-26T09:09:41","date_gmt":"2015-02-26T08:09:41","guid":{"rendered":"http:\/\/www.invarena.cz\/?p=20122"},"modified":"2015-02-26T12:36:33","modified_gmt":"2015-02-26T11:36:33","slug":"alka-otevrela-druhy-stacionar-prijdte-se-podivat","status":"publish","type":"post","link":"https:\/\/www.invarena.cz\/?p=20122","title":{"rendered":"ALKA OTEV\u0158ELA DRUH\u00dd STACION\u00c1\u0158, P\u0158IJ\u010eTE SE POD\u00cdVAT"},"content":{"rendered":"<p><strong>V prostor\u00e1ch pavilonu v are\u00e1lu zdabo\u0159sk\u00e9 nemocnice, kter\u00e9 obecn\u011b prosp\u011b\u0161n\u00e9 spole\u010dnosti Alka poskytla nemocnice, vyrostlo druh\u00e9 odd\u011blen\u00ed denn\u00edho stacion\u00e1\u0159e pro v\u00edce posti\u017een\u00e9 lidi, pro ty, o n\u011b\u017e pe\u010dovali odborn\u00edci v budov\u011b m\u011bstsk\u00fdch jesl\u00ed.<\/strong><!--more--><\/p>\n<p>Z\u00e1zem\u00ed maj\u00ed kvalitn\u00ed a prostorn\u00e9. Kdo nem\u016f\u017ee p\u0159ij\u00edt osobn\u011b, m\u016f\u017ee se pod\u00edvat na facebookov\u00fd profil Alky. Je vid\u011bt, \u017ee pr\u00e1ce se chopil opravdu ka\u017ed\u00fd, kdo mohl. &#8222;Od z\u00e1\u0159\u00ed jsme opravdu na nohou.<\/p>\n<p>A nejen my, ale r\u016fzn\u00e9 nadace, kter\u00e9 n\u00e1m pom\u00e1haj\u00ed, firmy, od nich\u017e jsme dostali v\u00fdrobky jako d\u00e1rky,&#8220; hodnot\u00ed zv\u011bt\u0161en\u00fd prostor Helena Hol\u00e1nkov\u00e1 z Alky, co\u017e je organizace, kterou zalo\u017eili rodi\u010de a speci\u00e1ln\u00ed pedagogov\u00e9 d\u011bt\u00ed s v\u00e1\u017en\u00fdm t\u011blesn\u00fdm a kombinovan\u00fdm posti\u017een\u00edm z P\u0159\u00edbrami a \u0161irok\u00e9ho okol\u00ed. &#8222;Bylo to kv\u016fli meze\u0159e v soci\u00e1ln\u00edch slu\u017eb\u00e1ch v P\u0159\u00edbrami, kter\u00e1 zp\u016fsobila, \u017ee klienti po dosa\u017een\u00ed 15 let respektive po ukon\u010den\u00ed doch\u00e1zky do Speci\u00e1ln\u00ed \u0161koly \u010di Rehabilita\u010dn\u00edho stacion\u00e1\u0159e p\u0159i M\u011bstsk\u00fdch jesl\u00edch (pokud z\u00edskali po slo\u017eit\u00fdch jedn\u00e1n\u00edch v\u00fdjimku na prodlou\u017een\u00ed doch\u00e1zky do t\u011bchto za\u0159\u00edzen\u00ed, pak maxim\u00e1ln\u011b do 26 let), z\u016fst\u00e1vali n\u00e1sledn\u011b izolov\u00e1ni v dom\u00e1c\u00edm prost\u0159ed\u00ed bez mo\u017enosti dal\u0161\u00edho rozvoje. Nemluv\u011b o z\u00e1t\u011b\u017ei pro rodinu, kter\u00e1 nem\u00e1 mo\u017enost chodit do pr\u00e1ce, ani si odpo\u010dinout, proto\u017ee na\u0161i klienti vy\u017eaduj\u00ed celodenn\u00ed p\u00e9\u010di,&#8220; stoj\u00ed na webov\u00fdch str\u00e1nk\u00e1ch Alky. Nov\u00fd stacion\u00e1\u0159 si m\u016f\u017ee ve\u0159ejnost prohl\u00e9dnout p\u0159i dni otev\u0159en\u00fdch dve\u0159\u00ed, kter\u00fd se kon\u00e1 dnes od 9 hodin za starou branou, pavilon vpravo.<\/p>\n<p>P\u0159\u00edbramsk\u00fd den\u00edk<br \/>\n<a href=\"http:\/\/www.pribramsky.denik.cz\/\">http:\/\/www.pribramsky.denik.cz\/<\/a><\/p>\n","protected":false},"excerpt":{"rendered":"<div class=\"mh-excerpt\"><p>V prostor\u00e1ch pavilonu v are\u00e1lu zdabo\u0159sk\u00e9 nemocnice, kter\u00e9 obecn\u011b prosp\u011b\u0161n\u00e9 spole\u010dnosti Alka poskytla nemocnice, vyrostlo druh\u00e9 odd\u011blen\u00ed denn\u00edho stacion\u00e1\u0159e pro v\u00edce posti\u017een\u00e9 lidi, pro ty, <a class=\"mh-excerpt-more\" href=\"https:\/\/www.invarena.cz\/?p=20122\" title=\"ALKA OTEV\u0158ELA DRUH\u00dd STACION\u00c1\u0158, P\u0158IJ\u010eTE SE POD\u00cdVAT\">[&#8230;]<\/a><\/p>\n<\/div>","protected":false},"author":1,"featured_media":4002,"comment_status":"open","ping_status":"closed","sticky":false,"template":"","format":"standard","meta":{"footnotes":""},"categories":[9],"tags":[],"class_list":["post-20122","post","type-post","status-publish","format-standard","has-post-thumbnail","hentry","category-zpravy"],"_links":{"self":[{"href":"https:\/\/www.invarena.cz\/index.php?rest_route=\/wp\/v2\/posts\/20122","targetHints":{"allow":["GET"]}}],"collection":[{"href":"https:\/\/www.invarena.cz\/index.php?rest_route=\/wp\/v2\/posts"}],"about":[{"href":"https:\/\/www.invarena.cz\/index.php?rest_route=\/wp\/v2\/types\/post"}],"author":[{"embeddable":true,"href":"https:\/\/www.invarena.cz\/index.php?rest_route=\/wp\/v2\/users\/1"}],"replies":[{"embeddable":true,"href":"https:\/\/www.invarena.cz\/index.php?rest_route=%2Fwp%2Fv2%2Fcomments&post=20122"}],"version-history":[{"count":0,"href":"https:\/\/www.invarena.cz\/index.php?rest_route=\/wp\/v2\/posts\/20122\/revisions"}],"wp:featuredmedia":[{"embeddable":true,"href":"https:\/\/www.invarena.cz\/index.php?rest_route=\/wp\/v2\/media\/4002"}],"wp:attachment":[{"href":"https:\/\/www.invarena.cz\/index.php?rest_route=%2Fwp%2Fv2%2Fmedia&parent=20122"}],"wp:term":[{"taxonomy":"category","embeddable":true,"href":"https:\/\/www.invarena.cz\/index.php?rest_route=%2Fwp%2Fv2%2Fcategories&post=20122"},{"taxonomy":"post_tag","embeddable":true,"href":"https:\/\/www.invarena.cz\/index.php?rest_route=%2Fwp%2Fv2%2Ftags&post=20122"}],"curies":[{"name":"wp","href":"https:\/\/api.w.org\/{rel}","templated":true}]}}