{"id":20124,"date":"2015-02-28T10:45:00","date_gmt":"2015-02-28T09:45:00","guid":{"rendered":"http:\/\/www.invarena.cz\/?p=20124"},"modified":"2015-02-28T10:45:00","modified_gmt":"2015-02-28T09:45:00","slug":"handicapovani-veslari-vysbirali-cenne-kovy-v-olomouci","status":"publish","type":"post","link":"https:\/\/www.invarena.cz\/?p=20124","title":{"rendered":"Handicapovan\u00ed vesla\u0159i vysb\u00edrali cenn\u00e9 kovy v Olomouci"},"content":{"rendered":"<p><strong>Han\u00e1 hostila mezin\u00e1rodn\u00ed mistrovstv\u00ed republiky v j\u00edzd\u011b na vesla\u0159sk\u00fdch trena\u017e\u00e9rech.<\/strong><!--more--><\/p>\n<p>Olomouc \u2013 V\u00fdprava dvan\u00e1cti vesla\u0159\u016f se zrakov\u00fdm, t\u011blesn\u00fdm a intelektu\u00e1ln\u00edm posti\u017een\u00edm z 1. CZP J\u010c \u010c. Bud\u011bjovice se v Olomouci z\u00fa\u010dastnila v po\u0159ad\u00ed 22. mezin\u00e1rodn\u00edho mistrovstv\u00ed \u010cesk\u00e9 republiky v j\u00edzd\u011b na vesla\u0159sk\u00e9m trena\u017e\u00e9ru. Po\u0159adatel\u00e9 m\u00edstn\u00edho vesla\u0159sk\u00e9ho klubu zvolili kr\u00e1sn\u00e9 prostory Region\u00e1ln\u00edho centra Olomouc. Celkem se mistrovstv\u00ed z\u00fa\u010dastnilo 248 sportovc\u016f z 5 st\u00e1t\u016f a 31 klub\u016f. Ceny v\u00edt\u011bz\u016fm p\u0159ed\u00e1vali hejtman Olomouck\u00e9ho kraje Ji\u0159\u00ed Rozbo\u0159il a p\u0159edseda \u010cesk\u00e9ho olympijsk\u00e9ho v\u00fdboru Ji\u0159\u00ed Kejval.<br \/>\nNejmlad\u0161\u00edm \u00fa\u010dastn\u00edkem byl t\u0159in\u00e1ctilet\u00fd Waldemar Kub\u00ed\u010dek (1. CZP J\u010c), jen\u017e v kategorii intelektu\u00e1ln\u011b posti\u017een\u00fdch zajel kilometrovou tra\u0165 v \u010dase 05:24,1 a obdr\u017eel bronzovou medaili. Jeho v\u00fdkon z\u00e1rove\u0148 znamenal vytvo\u0159en\u00ed nov\u00e9ho \u010desk\u00e9ho rekordu. Tuto kategorii vyhr\u00e1l Josef Camfrla, dal\u0161\u00ed vesla\u0159 1. CZP J\u010c, v \u010dase 03:49,3.<br \/>\nMezi zrakov\u011b posti\u017een\u00fdmi zajela \u010deskobud\u011bjovick\u00e1 Lucie Hovorkov\u00e1 kilometr dlouhou tra\u0165 v \u010dase 04:55,8.<br \/>\nU kategorie t\u011blesn\u011b posti\u017een\u00fdch chod\u00edc\u00edch se um\u00edstil na prvn\u00edm m\u00edst\u011b Jakub \u010celko 03:30,2, na druh\u00e9m dojel Martin Kukla (03:32,1) a t\u0159et\u00ed pozici vybojoval Martin Tomka ( 03:46,4), a tak do 1. CZP J\u010c putovaly dal\u0161\u00ed trofeje.<br \/>\nTak\u00e9 ostatn\u00ed kategorie t\u011blesn\u011b posti\u017een\u00fdch, kte\u0159\u00ed nepou\u017e\u00edvaj\u00ed p\u0159i veslov\u00e1n\u00ed doln\u00ed kon\u010detiny, byla v re\u017eii \u010dlen\u016f 1. CZP J\u010c. Miroslav Beck obdr\u017eel zlatou medaili za v\u00fdkon 04:12,4, st\u0159\u00edbrnou medaili dostal Vladim\u00edr Hol\u00fd za \u010das 04:14,0, bronzovou medaili z\u00edskal Jakub Nov\u00e1k (04:22,7).<br \/>\nVe slou\u010den\u00e9 kategorii voz\u00ed\u010dk\u00e1\u0159\u016f \u2013 paraplegik\u016f a kvadruplegik\u016f op\u011bt excelovali Jiho\u010de\u0161i. Nejlep\u0161\u00ed byl Jan Herman v \u010dase 05:01,8. Hnedza n\u00edm skon\u010dil David Pfeffer (05:02,6) a lo\u0148sk\u00fd v\u00edt\u011bz Josef Piksa byl t\u0159et\u00ed (05:13,2).<br \/>\n&#8222;Za pov\u0161imnut\u00ed stoj\u00ed vyrovnan\u00e9 v\u00fdkony v jednotliv\u00fdch kategori\u00edch,&#8220; \u0159\u00edk\u00e1 tren\u00e9r Ji\u0159\u00ed Sm\u00e9kal a chv\u00e1l\u00ed sv\u00e9 sv\u011b\u0159ence za p\u0159ekon\u00e1n\u00ed \u0161esti \u010desk\u00fdch rekord\u016f.<br \/>\nSou\u010dasn\u011b prob\u011bhlo v Olomouci i slavnostn\u00ed vyhl\u00e1\u0161en\u00ed \u010cesk\u00e9ho poh\u00e1ru. Vesla\u0159i \u010deskobud\u011bjovick\u00e9ho 1. CZP J\u010c absolvovali v\u0161echna \u010dty\u0159i kola. Postupn\u011b se z\u00fa\u010dastnili z\u00e1vod\u016f v P\u0159erov\u011b, \u0160t\u011bt\u00ed, Neratovic\u00edch a D\u011b\u010d\u00edn\u011b. Vynikaj\u00edc\u00edch v\u00fdsledk\u016f dosahovali i v poh\u00e1rov\u00fdch z\u00e1vodech, a z Olomouce si tak p\u0159ivezli kr\u00e1sn\u00e9 sportovn\u00ed poh\u00e1ry.<br \/>\nOlomouck\u00e9 mistrovstv\u00ed republiky bylo sladkou te\u010dkou za vyda\u0159enou vesla\u0159skou sezonou v hale.<br \/>\n&#8222;V\u0161em lidem s posti\u017een\u00edm i bez mohu tr\u00e9nink na vesla\u0159sk\u00e9m trena\u017e\u00e9ru v\u0159ele doporu\u010dit,&#8220; zve Ji\u0159\u00ed Sm\u00e9kal v\u0161echny do prostor 1. CZP J\u010c na Lannov\u011b lod\u011bnici v \u010cesk\u00fdch Bud\u011bjovic\u00edch. Bli\u017e\u0161\u00ed informace najdou z\u00e1jemci o veslov\u00e1n\u00ed na www.fitness\u00aclodenice.cz.<\/p>\n<p>MICHAL HAVELKA<br \/>\nhttp:\/\/ceskobudejovicky.denik.cz\/<\/p>\n","protected":false},"excerpt":{"rendered":"<div class=\"mh-excerpt\"><p>Han\u00e1 hostila mezin\u00e1rodn\u00ed mistrovstv\u00ed republiky v j\u00edzd\u011b na vesla\u0159sk\u00fdch trena\u017e\u00e9rech.<\/p>\n<\/div>","protected":false},"author":1,"featured_media":15652,"comment_status":"open","ping_status":"closed","sticky":false,"template":"","format":"standard","meta":{"footnotes":""},"categories":[9],"tags":[],"class_list":["post-20124","post","type-post","status-publish","format-standard","has-post-thumbnail","hentry","category-zpravy"],"_links":{"self":[{"href":"https:\/\/www.invarena.cz\/index.php?rest_route=\/wp\/v2\/posts\/20124","targetHints":{"allow":["GET"]}}],"collection":[{"href":"https:\/\/www.invarena.cz\/index.php?rest_route=\/wp\/v2\/posts"}],"about":[{"href":"https:\/\/www.invarena.cz\/index.php?rest_route=\/wp\/v2\/types\/post"}],"author":[{"embeddable":true,"href":"https:\/\/www.invarena.cz\/index.php?rest_route=\/wp\/v2\/users\/1"}],"replies":[{"embeddable":true,"href":"https:\/\/www.invarena.cz\/index.php?rest_route=%2Fwp%2Fv2%2Fcomments&post=20124"}],"version-history":[{"count":0,"href":"https:\/\/www.invarena.cz\/index.php?rest_route=\/wp\/v2\/posts\/20124\/revisions"}],"wp:featuredmedia":[{"embeddable":true,"href":"https:\/\/www.invarena.cz\/index.php?rest_route=\/wp\/v2\/media\/15652"}],"wp:attachment":[{"href":"https:\/\/www.invarena.cz\/index.php?rest_route=%2Fwp%2Fv2%2Fmedia&parent=20124"}],"wp:term":[{"taxonomy":"category","embeddable":true,"href":"https:\/\/www.invarena.cz\/index.php?rest_route=%2Fwp%2Fv2%2Fcategories&post=20124"},{"taxonomy":"post_tag","embeddable":true,"href":"https:\/\/www.invarena.cz\/index.php?rest_route=%2Fwp%2Fv2%2Ftags&post=20124"}],"curies":[{"name":"wp","href":"https:\/\/api.w.org\/{rel}","templated":true}]}}