{"id":20125,"date":"2015-02-28T10:43:54","date_gmt":"2015-02-28T09:43:54","guid":{"rendered":"http:\/\/www.invarena.cz\/?p=20125"},"modified":"2015-02-28T10:43:54","modified_gmt":"2015-02-28T09:43:54","slug":"take-v-opave-budou-znacit-invalidni-voziky","status":"publish","type":"post","link":"https:\/\/www.invarena.cz\/?p=20125","title":{"rendered":"Tak\u00e9 v Opav\u011b budou zna\u010dit invalidn\u00ed voz\u00edky"},"content":{"rendered":"<p><strong>Po vzoru Ostravy nab\u00eddne od leto\u0161n\u00edho roku opavsk\u00e1 m\u011bstsk\u00e1 policie voz\u00ed\u010dk\u00e1\u0159\u016fm mo\u017enost nechat si ozna\u010dit invalidn\u00ed voz\u00edky a dal\u0161\u00ed kompenza\u010dn\u00ed pom\u016fcky takzvanou syntetickou DNA. <\/strong><!--more--><\/p>\n<p>V Ostrav\u011b, kde s t\u00edmto projektem za\u010dali loni jako prvn\u00ed v \u010cR, u\u017e str\u00e1\u017en\u00edci ozna\u010dili 46 invalidn\u00edch voz\u00edk\u016f a v n\u00e1sleduj\u00edc\u00edch t\u00fddnech s t\u00edm budou pokra\u010dovat. Opava se p\u0159ipoj\u00ed v l\u00e9t\u011b.<br \/>\nVoz\u00edky, ale nap\u0159\u00edklad i speci\u00e1ln\u00ed ko\u010d\u00e1rky pro posti\u017een\u00e9 d\u011bti a podobn\u00e9 kompenza\u010dn\u00ed pom\u016fcky mohou b\u00fdt d\u00edky ozna\u010den\u00ed, kter\u00e9 je viditeln\u00e9 pouze pod speci\u00e1ln\u00ed lampou, v p\u0159\u00edpad\u011b odcizen\u00ed a n\u00e1sledn\u00e9ho objasn\u011bn\u00ed p\u0159\u00edpadu l\u00e9pe identifikov\u00e1ny, a vzroste tak \u0161ance, \u017ee budou moci b\u00fdt vr\u00e1ceny majiteli. Nav\u00edc by m\u011blo j\u00edt o preventivn\u00ed opat\u0159en\u00ed, proto\u017ee krom\u011b speci\u00e1ln\u00edho DNA znaku jsou voz\u00edky ozna\u010deny i n\u00e1lepkou, kter\u00e1 by m\u011bla odstra\u0161it zlod\u011bje. Jedn\u00edm z prvn\u00edch voz\u00ed\u010dk\u00e1\u0159\u016f, kte\u0159\u00ed si nechali sv\u016fj voz\u00edk loni ozna\u010dit, je Pavel Carbol. &#8222;Ide\u00e1ln\u00ed by bylo, kdyby u\u017e p\u0159i schvalov\u00e1n\u00ed invalidn\u00edho voz\u00edku byla pom\u016fcka takto ozna\u010dena. Nikdy nev\u00edte, kdo v\u00e1s napadne na ulici a sraz\u00ed v\u00e1s z voz\u00edku, ostatn\u011b o tom sv\u011bd\u010d\u00ed i ned\u00e1vn\u00fd p\u0159\u00edpad napaden\u00e9ho a okraden\u00e9ho voz\u00ed\u010dk\u00e1\u0159e z Ostravy,&#8220; \u0159ekl.<br \/>\nRegistr odcizen\u00fdch j\u00edzdn\u00edch kol se buduje od roku 2012 a v minul\u00e9m roce do n\u011bj ostrav\u0161t\u00ed str\u00e1\u017en\u00edci za\u010dali za\u0159azovat i kompenza\u010dn\u00ed pom\u016fcky pro posti\u017een\u00e9. &#8222;Voz\u00ed\u010dk\u00e1\u0159i n\u00e1s upozor\u0148ovali, \u017ee takov\u00fd voz\u00edk vyjde i na 150 tis\u00edc korun. Nyn\u00ed je v Ostrav\u011b takto zna\u010den\u00fdch 46 voz\u00edk\u016f a brzo p\u0159ibydou dal\u0161\u00ed,&#8220; \u0159ekl Jarom\u00edr Kola\u0159\u00edk z M\u011bstsk\u00e9 policie Ostrava.<br \/>\n\u0158ada voz\u00ed\u010dk\u00e1\u0159\u016f podle n\u011bj kupodivu nevid\u00ed v ozna\u010dov\u00e1n\u00ed smysl, i kdy\u017e situace se m\u011bn\u00ed. &#8222;U\u017e se do\u010detli, \u017ee se kradou i invalidn\u00ed voz\u00edky, a\u0165 u\u017e ze sklep\u016f, nebo na ulici,&#8220; \u0159ekl Kola\u0159\u00edk.<\/p>\n<p>Ale\u0161 Honus<br \/>\nPr\u00e1vo<\/p>\n","protected":false},"excerpt":{"rendered":"<div class=\"mh-excerpt\"><p>Po vzoru Ostravy nab\u00eddne od leto\u0161n\u00edho roku opavsk\u00e1 m\u011bstsk\u00e1 policie voz\u00ed\u010dk\u00e1\u0159\u016fm mo\u017enost nechat si ozna\u010dit invalidn\u00ed voz\u00edky a dal\u0161\u00ed kompenza\u010dn\u00ed pom\u016fcky takzvanou syntetickou DNA.<\/p>\n<\/div>","protected":false},"author":1,"featured_media":0,"comment_status":"open","ping_status":"closed","sticky":false,"template":"","format":"standard","meta":{"footnotes":""},"categories":[9],"tags":[],"class_list":["post-20125","post","type-post","status-publish","format-standard","hentry","category-zpravy"],"_links":{"self":[{"href":"https:\/\/www.invarena.cz\/index.php?rest_route=\/wp\/v2\/posts\/20125","targetHints":{"allow":["GET"]}}],"collection":[{"href":"https:\/\/www.invarena.cz\/index.php?rest_route=\/wp\/v2\/posts"}],"about":[{"href":"https:\/\/www.invarena.cz\/index.php?rest_route=\/wp\/v2\/types\/post"}],"author":[{"embeddable":true,"href":"https:\/\/www.invarena.cz\/index.php?rest_route=\/wp\/v2\/users\/1"}],"replies":[{"embeddable":true,"href":"https:\/\/www.invarena.cz\/index.php?rest_route=%2Fwp%2Fv2%2Fcomments&post=20125"}],"version-history":[{"count":0,"href":"https:\/\/www.invarena.cz\/index.php?rest_route=\/wp\/v2\/posts\/20125\/revisions"}],"wp:attachment":[{"href":"https:\/\/www.invarena.cz\/index.php?rest_route=%2Fwp%2Fv2%2Fmedia&parent=20125"}],"wp:term":[{"taxonomy":"category","embeddable":true,"href":"https:\/\/www.invarena.cz\/index.php?rest_route=%2Fwp%2Fv2%2Fcategories&post=20125"},{"taxonomy":"post_tag","embeddable":true,"href":"https:\/\/www.invarena.cz\/index.php?rest_route=%2Fwp%2Fv2%2Ftags&post=20125"}],"curies":[{"name":"wp","href":"https:\/\/api.w.org\/{rel}","templated":true}]}}