{"id":20147,"date":"2015-02-27T07:14:04","date_gmt":"2015-02-27T06:14:04","guid":{"rendered":"http:\/\/www.invarena.cz\/?p=20147"},"modified":"2015-02-27T07:14:04","modified_gmt":"2015-02-27T06:14:04","slug":"smrtelne-nemocna-chilanka-chce-po-prezidentce-povolit-eutanazii","status":"publish","type":"post","link":"https:\/\/www.invarena.cz\/?p=20147","title":{"rendered":"Smrteln\u011b nemocn\u00e1 Chilanka chce po prezidentce povolit eutanazii"},"content":{"rendered":"<p><strong>Chilsk\u00e1 m\u00e9dia v t\u011bchto dnech pln\u00ed p\u0159\u00edb\u011bh \u010dtrn\u00e1ctilet\u00e9 d\u00edvky, kter\u00e1 po\u017e\u00e1dala prezidentku o povolen\u00ed k asistovan\u00e9 sebevra\u017ed\u011b. Vl\u00e1da \u017e\u00e1dost mlad\u00e9 Chilanky nemocn\u00e9 cystickou fibr\u00f3zou zam\u00edtla, nebo\u0165 tamn\u00ed z\u00e1kony eutanazii neumo\u017e\u0148uj\u00ed.<\/strong><!--more--><\/p>\n<p>    Dlouhodob\u011b hospitalizovan\u00e1 Valentina Maureirov\u00e1 nato\u010dila na nemocni\u010dn\u00edm l\u016f\u017eku emotivn\u00ed videovzkaz, v n\u011bm\u017e pros\u00ed o sch\u016fzku s prezidentkou Michelle Bacheletovou. &#8222;Jsem unaven\u00e1 \u017eivotem s touhle nemoc\u00ed&#8230; Chci jej\u00ed souhlas, abych mohla dostat injekci, kter\u00e1 m\u011b usp\u00ed nav\u017edy,&#8220; \u0159\u00edk\u00e1 d\u00edvka. Jej\u00ed bratr pr\u00fd na stejnou nemoc zem\u0159el v \u0161esti letech.<br \/>\n    Mluv\u010d\u00ed prezidentky zn\u00e1m\u00e9 sv\u00fdm liber\u00e1ln\u00edm p\u0159\u00edstupem k \u0159ad\u011b spole\u010densky kontroverzn\u00edch t\u00e9mat v\u010detn\u011b potrat\u016f nemocn\u00e9 d\u00edvce vzk\u00e1zal, \u017ee j\u00ed hlava st\u00e1tu vst\u0159\u00edc nevyjde. &#8222;Je nemo\u017en\u00e9 vyhnout se emoc\u00edm&#8230; ale stejn\u011b nemo\u017en\u00e9 je vyj\u00edt vst\u0159\u00edc jej\u00edmu p\u0159\u00e1n\u00ed&#8220;, nebo\u0165 to neumo\u017e\u0148uj\u00ed chilsk\u00e9 z\u00e1kony, uvedl Alvaro Elizade.<br \/>\n    Cystick\u00e1 fibr\u00f3za je smrteln\u00e1 d\u011bdi\u010dn\u00e1 nemoc postihuj\u00edc\u00ed hlavn\u011b d\u00fdchac\u00ed a tr\u00e1vic\u00ed soustavu. Maureirov\u00e1 byla p\u0159ijata do nemocnice v metropoli Santiagu koncem ledna a podle vyj\u00e1d\u0159en\u00ed l\u00e9ka\u0159\u016f se jej\u00ed stav od t\u00e9 doby zlep\u0161il. <\/p>\n","protected":false},"excerpt":{"rendered":"<div class=\"mh-excerpt\"><p>Chilsk\u00e1 m\u00e9dia v t\u011bchto dnech pln\u00ed p\u0159\u00edb\u011bh \u010dtrn\u00e1ctilet\u00e9 d\u00edvky, kter\u00e1 po\u017e\u00e1dala prezidentku o povolen\u00ed k asistovan\u00e9 sebevra\u017ed\u011b. Vl\u00e1da \u017e\u00e1dost mlad\u00e9 Chilanky nemocn\u00e9 cystickou fibr\u00f3zou zam\u00edtla, <a class=\"mh-excerpt-more\" href=\"https:\/\/www.invarena.cz\/?p=20147\" title=\"Smrteln\u011b nemocn\u00e1 Chilanka chce po prezidentce povolit eutanazii\">[&#8230;]<\/a><\/p>\n<\/div>","protected":false},"author":1,"featured_media":0,"comment_status":"open","ping_status":"closed","sticky":false,"template":"","format":"standard","meta":{"footnotes":""},"categories":[9],"tags":[],"class_list":["post-20147","post","type-post","status-publish","format-standard","hentry","category-zpravy"],"_links":{"self":[{"href":"https:\/\/www.invarena.cz\/index.php?rest_route=\/wp\/v2\/posts\/20147","targetHints":{"allow":["GET"]}}],"collection":[{"href":"https:\/\/www.invarena.cz\/index.php?rest_route=\/wp\/v2\/posts"}],"about":[{"href":"https:\/\/www.invarena.cz\/index.php?rest_route=\/wp\/v2\/types\/post"}],"author":[{"embeddable":true,"href":"https:\/\/www.invarena.cz\/index.php?rest_route=\/wp\/v2\/users\/1"}],"replies":[{"embeddable":true,"href":"https:\/\/www.invarena.cz\/index.php?rest_route=%2Fwp%2Fv2%2Fcomments&post=20147"}],"version-history":[{"count":0,"href":"https:\/\/www.invarena.cz\/index.php?rest_route=\/wp\/v2\/posts\/20147\/revisions"}],"wp:attachment":[{"href":"https:\/\/www.invarena.cz\/index.php?rest_route=%2Fwp%2Fv2%2Fmedia&parent=20147"}],"wp:term":[{"taxonomy":"category","embeddable":true,"href":"https:\/\/www.invarena.cz\/index.php?rest_route=%2Fwp%2Fv2%2Fcategories&post=20147"},{"taxonomy":"post_tag","embeddable":true,"href":"https:\/\/www.invarena.cz\/index.php?rest_route=%2Fwp%2Fv2%2Ftags&post=20147"}],"curies":[{"name":"wp","href":"https:\/\/api.w.org\/{rel}","templated":true}]}}