{"id":20150,"date":"2015-02-27T07:26:32","date_gmt":"2015-02-27T06:26:32","guid":{"rendered":"http:\/\/www.invarena.cz\/?p=20150"},"modified":"2015-02-27T07:26:58","modified_gmt":"2015-02-27T06:26:58","slug":"nemecky-soud-ulozil-pecovateli-za-vrazdu-dvou-pacientu-dozivoti","status":"publish","type":"post","link":"https:\/\/www.invarena.cz\/?p=20150","title":{"rendered":"N\u011bmeck\u00fd soud ulo\u017eil pe\u010dovateli za vra\u017edu dvou pacient\u016f do\u017eivot\u00ed"},"content":{"rendered":"<p><strong>Soud v severon\u011bmeck\u00e9m Oldenburgu poslal dnes za dvojn\u00e1sobnou vra\u017edu na do\u017eivot\u00ed do v\u011bzen\u00ed n\u011bkdej\u0161\u00edho pe\u010dovatele, kter\u00fd \u00famysln\u00fdm pod\u00e1n\u00edm vysok\u00fdch d\u00e1vek l\u00e9k\u016f na srdce vra\u017edil sv\u00e9 pacienty. <\/strong><!--more--><\/p>\n<p>Osmat\u0159icetilet\u00fd mu\u017e se v pr\u016fb\u011bhu soudn\u00edho l\u00ed\u010den\u00ed psychiatrovi p\u0159iznal k nejm\u00e9n\u011b t\u0159iceti dal\u0161\u00edm vra\u017ed\u00e1m, a p\u0159ed soudem tak pravd\u011bpodobn\u011b nestanul naposledy, napsala agentura DPA. U\u017e od roku 2008 si za pokus o vra\u017edu odpyk\u00e1v\u00e1 trest sedm a p\u016fl roku v\u011bzen\u00ed.<br \/>\n    Krom\u011b dvou vra\u017e soud shledal mu\u017ee vinn\u00fdm z dvou pokus\u016f o vra\u017edu a t\u011b\u017ek\u00e9ho ubl\u00ed\u017een\u00ed na zdrav\u00ed. O\u0161et\u0159ovatel vra\u017edil v\u00e1\u017en\u011b nemocn\u00e9 pacienty na jednotce intenzivn\u00ed p\u00e9\u010de kliniky v severon\u011bmeck\u00e9m Delmenhorstu nedaleko Br\u00e9m v letech 2003 a\u017e 2005. Do \u017eil vpravil l\u00e9k zp\u016fsobuj\u00edc\u00ed v\u00e1\u017en\u00e9 komplikace \u010dinnosti srdce a\u017e 90 pacient\u016fm. \u0160edes\u00e1t z nich jeho po\u010d\u00edn\u00e1n\u00ed p\u0159e\u017eilo. Policie ale pr\u00fd pro\u0161et\u0159uje a\u017e 200 dal\u0161\u00edch podez\u0159el\u00fdch \u00famrt\u00ed na klinice v Delmenhorstu i na dal\u0161\u00edch pracovi\u0161t\u00edch v severn\u00edm N\u011bmecku, kde mu\u017e p\u016fsobil.<br \/>\n    U\u017e v prvn\u00edm procesu p\u0159ed sedmi lety existovalo podez\u0159en\u00ed, \u017ee pe\u010dovatel m\u016f\u017ee m\u00edt na sv\u011bdom\u00ed mnohem v\u00edce lidsk\u00fdch \u017eivot\u016f. St\u00e1tn\u00ed z\u00e1stupce ale dal\u0161\u00ed vy\u0161et\u0159ov\u00e1n\u00ed nena\u0159\u00eddil, za co\u017e nyn\u00ed s\u00e1m \u010del\u00ed k\u00e1rn\u00e9mu \u0159\u00edzen\u00ed.<br \/>\n    Zdravotn\u00edka v roce 2005 p\u0159istihla p\u0159i pod\u00e1n\u00ed nep\u0159edepsan\u00e9ho l\u00e9ku kolegyn\u011b z nemocnice v Delmenhorstu. Podle st\u00e1tn\u00edho zastupitelstv\u00ed p\u016fvodn\u011b mu\u017e pacient\u016fm vysok\u00e9 d\u00e1vky l\u00e9k\u016f vpravoval, aby mohl dok\u00e1zat, \u017ee je um\u00ed p\u0159iv\u00e9st znovu k \u017eivotu. Pozd\u011bji to \u00fadajn\u011b d\u011blal z dlouh\u00e9 chv\u00edle. Psychiatrick\u00e9mu znalci pr\u00fd p\u0159iznal, \u017ee si je v\u011bdom neomluvitelnosti sv\u00fdch \u010din\u016f a \u017ee lituje bolesti, kterou zp\u016fsobil sv\u00fdm ob\u011btem i poz\u016fstal\u00fdm. <\/p>\n","protected":false},"excerpt":{"rendered":"<div class=\"mh-excerpt\"><p>Soud v severon\u011bmeck\u00e9m Oldenburgu poslal dnes za dvojn\u00e1sobnou vra\u017edu na do\u017eivot\u00ed do v\u011bzen\u00ed n\u011bkdej\u0161\u00edho pe\u010dovatele, kter\u00fd \u00famysln\u00fdm pod\u00e1n\u00edm vysok\u00fdch d\u00e1vek l\u00e9k\u016f na srdce vra\u017edil sv\u00e9 <a class=\"mh-excerpt-more\" href=\"https:\/\/www.invarena.cz\/?p=20150\" title=\"N\u011bmeck\u00fd soud ulo\u017eil pe\u010dovateli za vra\u017edu dvou pacient\u016f do\u017eivot\u00ed\">[&#8230;]<\/a><\/p>\n<\/div>","protected":false},"author":1,"featured_media":0,"comment_status":"open","ping_status":"closed","sticky":false,"template":"","format":"standard","meta":{"footnotes":""},"categories":[9],"tags":[],"class_list":["post-20150","post","type-post","status-publish","format-standard","hentry","category-zpravy"],"_links":{"self":[{"href":"https:\/\/www.invarena.cz\/index.php?rest_route=\/wp\/v2\/posts\/20150","targetHints":{"allow":["GET"]}}],"collection":[{"href":"https:\/\/www.invarena.cz\/index.php?rest_route=\/wp\/v2\/posts"}],"about":[{"href":"https:\/\/www.invarena.cz\/index.php?rest_route=\/wp\/v2\/types\/post"}],"author":[{"embeddable":true,"href":"https:\/\/www.invarena.cz\/index.php?rest_route=\/wp\/v2\/users\/1"}],"replies":[{"embeddable":true,"href":"https:\/\/www.invarena.cz\/index.php?rest_route=%2Fwp%2Fv2%2Fcomments&post=20150"}],"version-history":[{"count":0,"href":"https:\/\/www.invarena.cz\/index.php?rest_route=\/wp\/v2\/posts\/20150\/revisions"}],"wp:attachment":[{"href":"https:\/\/www.invarena.cz\/index.php?rest_route=%2Fwp%2Fv2%2Fmedia&parent=20150"}],"wp:term":[{"taxonomy":"category","embeddable":true,"href":"https:\/\/www.invarena.cz\/index.php?rest_route=%2Fwp%2Fv2%2Fcategories&post=20150"},{"taxonomy":"post_tag","embeddable":true,"href":"https:\/\/www.invarena.cz\/index.php?rest_route=%2Fwp%2Fv2%2Ftags&post=20150"}],"curies":[{"name":"wp","href":"https:\/\/api.w.org\/{rel}","templated":true}]}}