{"id":20160,"date":"2015-02-27T09:44:30","date_gmt":"2015-02-27T08:44:30","guid":{"rendered":"http:\/\/www.invarena.cz\/?p=20160"},"modified":"2015-02-27T09:44:30","modified_gmt":"2015-02-27T08:44:30","slug":"pracovni-terapie-umoznuje-postizenym-vracet-se-do-zivota","status":"publish","type":"post","link":"https:\/\/www.invarena.cz\/?p=20160","title":{"rendered":"Pracovn\u00ed terapie umo\u017e\u0148uje posti\u017een\u00fdm vracet se do \u017eivota"},"content":{"rendered":"<p><strong>B\u011bhem ledna se op\u011bt zv\u00fd\u0161il po\u010det nezam\u011bstnan\u00fdch v kraji. Dlouhodob\u011b je popt\u00e1vka po zuba\u0159\u00edch, technick\u00fdch \u010di \u0159emesln\u00fdch profes\u00edch. Handicapovan\u00ed stoj\u00ed na trhu pr\u00e1ce na okraji.<\/strong><!--more--><\/p>\n<p>T\u0158INEC Spousta firem nem\u016f\u017ee nab\u00eddnout pr\u00e1ci handicapovan\u00fdm jen proto, \u017ee to neumo\u017e\u0148uje charakter jejich podnik\u00e1n\u00ed. Ve spole\u010dnosti Steeltec je ov\u0161em situace jin\u00e1. &#8222;Spolupr\u00e1ci se zam\u011bstnanci s handicapem podporujeme ji\u017e od roku 2002,&#8220; \u0159\u00edk\u00e1 jednatel spole\u010dnosti Rostislav Zabystrzan.<\/p>\n<p>&#8222;Spole\u010dn\u011b s chr\u00e1n\u011bnou d\u00edlnou Ergon jsme tehdy za\u010dali zam\u011bstn\u00e1vat lidi se zdravotn\u00edm posti\u017een\u00edm a dnes tu m\u00e1me na jednoduch\u00fdch mont\u00e1\u017en\u00edch pracovi\u0161t\u00edch na 140 t\u011bchto pracovn\u00edk\u016f,&#8220; \u0159\u00edk\u00e1 Zabystrzan.<\/p>\n<p>V t\u011bchto dnech s podporou region\u00e1ln\u00ed rady firma dokon\u010duje t\u0159et\u00ed etapu roz\u0161\u00ed\u0159en\u00ed zm\u00edn\u011bn\u00e9 chr\u00e1n\u011bn\u00e9 d\u00edlny v\u010detn\u011b velkokapacitn\u00ed lakovac\u00ed linky. Do konce roku chce zam\u011bstnat a\u017e 180 pracovn\u00edk\u016f s handicapem. &#8222;Je to velk\u00e1 v\u00fdzva, ale i radost. Jsem vd\u011b\u010dn\u00fd, \u017ee t\u00edmto projektem m\u016f\u017eeme v r\u00e1mci pracovn\u00ed terapie pomoci lidem vr\u00e1tit se do norm\u00e1ln\u00edho \u017eivota, v\u010detn\u011b za\u0159azen\u00ed do kolektivu spolupracovn\u00edk\u016f,&#8220; poznamenal Rostislav Zabystrzan, kter\u00e9ho t\u011b\u0161\u00ed, jak je na handicapovan\u00fdch vid\u011bt jejich snaha opravdu pracovat.<\/p>\n<p>Stejn\u011b jako jin\u00e9 firmy se i Steeltec pot\u00fdk\u00e1 na trhu pr\u00e1ce s nedostatkem technicky zdatn\u00fdch profes\u00ed.<\/p>\n<p>&#8222;Pokud se jedn\u00e1 o odborn\u00edky do stroj\u00edrensk\u00e9 v\u00fdroby, je jich po\u0159\u00e1d m\u00e9n\u011b, a \u0159ekl bych p\u0159\u00edmo \u00fam\u011brn\u011b s t\u00edm, jak se postupn\u011b napl\u0148uj\u00ed pr\u016fmyslov\u00e9 z\u00f3ny v na\u0161em okol\u00ed, jich st\u00e1le ub\u00fdv\u00e1. Tak\u017ee sehnat \u0161ikovn\u00e9ho obr\u00e1b\u011b\u010de kov\u016f, sv\u00e1\u0159e\u010de \u010di z\u00e1me\u010dn\u00edka, nemluv\u011b o n\u00e1stroja\u0159\u00edch, je \u010dasto nadlidsk\u00fd v\u00fdkon,&#8220; konstatuje Rostislav Zabystrzan. &#8222;\u010casto se ve firm\u011b objev\u00ed na dva a\u017e t\u0159i dny a odejdou, nebo mus\u00ed b\u00fdt odejiti,&#8220; nen\u00ed spokojen s pracovn\u00ed mor\u00e1lkou n\u011bkter\u00fdch uchaze\u010d\u016f o pr\u00e1ci Zabystrzan.<\/p>\n<p>O to v\u00edc si cen\u00ed dotac\u00ed z \u00fa\u0159adu pr\u00e1ce na n\u00e1stupn\u00ed praxi nezam\u011bstnan\u00fdch absolvent\u016f \u0161kol.<\/p>\n<p>&#8222;Je to z m\u00e9ho pohledu velmi p\u0159\u00ednosn\u00e1 akce nejen pro tyto studenty, ale i pro zam\u011bstnavatele. Zam\u011bstnali jsme takto ve Steeltecu t\u0159i absolventy a ji\u017e nyn\u00ed mohu \u0159\u00edct, \u017ee se v\u0161ichni osv\u011bd\u010dili,&#8220; prohl\u00e1sil jednatel firmy.<\/p>\n<p>Absolventi dostali p\u0159\u00edle\u017eitost se bez v\u011bt\u0161\u00edho \u010dasov\u00e9ho a ekonomick\u00e9ho stresu v praxi p\u0159edv\u00e9st. &#8222;A mysl\u00edm, \u017ee z\u0159ejm\u011b ve firm\u011b z\u016fstanou. Pro spole\u010dnost je velk\u00fdm p\u0159\u00ednosem v\u00fdznamn\u00e1 redukce po\u010d\u00e1te\u010dn\u00edch n\u00e1klad\u016f spojen\u00fdch se zau\u010den\u00edm s mo\u017enost\u00ed si vybrat. V\u00fdhodou je, \u017ee vlastn\u011b za\u010d\u00ednaj\u00ed po absolvov\u00e1n\u00ed praxe p\u0159in\u00e1\u0161et po\u017eadovanou p\u0159idanou hodnotu okam\u017eit\u011b,&#8220; dod\u00e1v\u00e1 Rostislav Zabystrzan.<\/p>\n<p>Lenka Carbolov\u00e1<br \/>\nMlad\u00e1 fronta DNES<\/p>\n","protected":false},"excerpt":{"rendered":"<div class=\"mh-excerpt\"><p>B\u011bhem ledna se op\u011bt zv\u00fd\u0161il po\u010det nezam\u011bstnan\u00fdch v kraji. Dlouhodob\u011b je popt\u00e1vka po zuba\u0159\u00edch, technick\u00fdch \u010di \u0159emesln\u00fdch profes\u00edch. Handicapovan\u00ed stoj\u00ed na trhu pr\u00e1ce na okraji.<\/p>\n<\/div>","protected":false},"author":1,"featured_media":2927,"comment_status":"open","ping_status":"closed","sticky":false,"template":"","format":"standard","meta":{"footnotes":""},"categories":[9],"tags":[],"class_list":["post-20160","post","type-post","status-publish","format-standard","has-post-thumbnail","hentry","category-zpravy"],"_links":{"self":[{"href":"https:\/\/www.invarena.cz\/index.php?rest_route=\/wp\/v2\/posts\/20160","targetHints":{"allow":["GET"]}}],"collection":[{"href":"https:\/\/www.invarena.cz\/index.php?rest_route=\/wp\/v2\/posts"}],"about":[{"href":"https:\/\/www.invarena.cz\/index.php?rest_route=\/wp\/v2\/types\/post"}],"author":[{"embeddable":true,"href":"https:\/\/www.invarena.cz\/index.php?rest_route=\/wp\/v2\/users\/1"}],"replies":[{"embeddable":true,"href":"https:\/\/www.invarena.cz\/index.php?rest_route=%2Fwp%2Fv2%2Fcomments&post=20160"}],"version-history":[{"count":0,"href":"https:\/\/www.invarena.cz\/index.php?rest_route=\/wp\/v2\/posts\/20160\/revisions"}],"wp:featuredmedia":[{"embeddable":true,"href":"https:\/\/www.invarena.cz\/index.php?rest_route=\/wp\/v2\/media\/2927"}],"wp:attachment":[{"href":"https:\/\/www.invarena.cz\/index.php?rest_route=%2Fwp%2Fv2%2Fmedia&parent=20160"}],"wp:term":[{"taxonomy":"category","embeddable":true,"href":"https:\/\/www.invarena.cz\/index.php?rest_route=%2Fwp%2Fv2%2Fcategories&post=20160"},{"taxonomy":"post_tag","embeddable":true,"href":"https:\/\/www.invarena.cz\/index.php?rest_route=%2Fwp%2Fv2%2Ftags&post=20160"}],"curies":[{"name":"wp","href":"https:\/\/api.w.org\/{rel}","templated":true}]}}