{"id":20161,"date":"2015-02-27T10:04:58","date_gmt":"2015-02-27T09:04:58","guid":{"rendered":"http:\/\/www.invarena.cz\/?p=20161"},"modified":"2015-02-27T10:04:58","modified_gmt":"2015-02-27T09:04:58","slug":"smrt-matky-s-invalidnim-synem-policie-vyloucila-cizi-zavineni","status":"publish","type":"post","link":"https:\/\/www.invarena.cz\/?p=20161","title":{"rendered":"Smrt matky s invalidn\u00edm synem: policie vylou\u010dila ciz\u00ed zavin\u011bn\u00ed"},"content":{"rendered":"<p><strong>Policie vylou\u010dila ciz\u00ed zavin\u011bn\u00ed v p\u0159\u00edpadu smrti matky a jej\u00edho invalidn\u00edho dosp\u011bl\u00e9ho syna v Jablonci nad Nisou a p\u0159\u00ed\u010dinu \u00famrt\u00ed tedy st\u00e1le vy\u0161et\u0159uje.<\/strong> <!--more--><br \/>\n<em><strong>TV Nova:<\/strong> <\/em><br \/>\nNa\u0159\u00edzen\u00e1 soudn\u00ed pitva vylou\u010dila, \u017ee by se na smrti t\u0159ia\u0161edes\u00e1tilet\u00e9 matky a jej\u00edho osmadvacetilet\u00e9ho <span class=\"highlight\">posti\u017een\u00e9ho<\/span> syna n\u011bkdo pod\u00edlel. P\u0159\u00ed\u010dina smrti matky a syna v jednom z jabloneck\u00fdch byt\u016f ale d\u00e1l z\u016fst\u00e1v\u00e1 nezn\u00e1m\u00e1, a to je velk\u00e1 z\u00e1hada.<\/p>\n<p>Policist\u00e9 zat\u00edm pracuj\u00ed s nejpravd\u011bpodobn\u011bj\u0161\u00ed verz\u00ed, \u017ee \u017eena mohla zem\u0159\u00edt kv\u016fli nemoci nebo n\u00e1hl\u00e9 indispozici a syn, kter\u00fd byl pln\u011b odk\u00e1zan\u00fd na jej\u00ed p\u00e9\u010di, zem\u0159el bez pomoci pozd\u011bji.<\/p>\n<p>V \u00fater\u00fd kr\u00e1tce p\u0159ed polednem policist\u00e9 na lince 158 p\u0159ijali ozn\u00e1men\u00ed o tom, \u017ee dlouho nebyla vid\u011bn\u00e1 \u017eena, kter\u00e1 bydl\u00ed v byt\u011b v jednom z dom\u016f v centru Jablonce nad Nisou. Soused\u00e9 se na \u017eenu nemohli dobouchat ani dovolat. S pomoc\u00ed hasi\u010d\u016f tedy vyp\u00e1\u010dili vchodov\u00e9 dve\u0159e a v byt\u011b oba mrtv\u00e9 na\u0161li.<\/p>\n","protected":false},"excerpt":{"rendered":"<div class=\"mh-excerpt\"><p>Policie vylou\u010dila ciz\u00ed zavin\u011bn\u00ed v p\u0159\u00edpadu smrti matky a jej\u00edho invalidn\u00edho dosp\u011bl\u00e9ho syna v Jablonci nad Nisou a p\u0159\u00ed\u010dinu \u00famrt\u00ed tedy st\u00e1le vy\u0161et\u0159uje.<\/p>\n<\/div>","protected":false},"author":1,"featured_media":0,"comment_status":"open","ping_status":"closed","sticky":false,"template":"","format":"standard","meta":{"footnotes":""},"categories":[9],"tags":[],"class_list":["post-20161","post","type-post","status-publish","format-standard","hentry","category-zpravy"],"_links":{"self":[{"href":"https:\/\/www.invarena.cz\/index.php?rest_route=\/wp\/v2\/posts\/20161","targetHints":{"allow":["GET"]}}],"collection":[{"href":"https:\/\/www.invarena.cz\/index.php?rest_route=\/wp\/v2\/posts"}],"about":[{"href":"https:\/\/www.invarena.cz\/index.php?rest_route=\/wp\/v2\/types\/post"}],"author":[{"embeddable":true,"href":"https:\/\/www.invarena.cz\/index.php?rest_route=\/wp\/v2\/users\/1"}],"replies":[{"embeddable":true,"href":"https:\/\/www.invarena.cz\/index.php?rest_route=%2Fwp%2Fv2%2Fcomments&post=20161"}],"version-history":[{"count":0,"href":"https:\/\/www.invarena.cz\/index.php?rest_route=\/wp\/v2\/posts\/20161\/revisions"}],"wp:attachment":[{"href":"https:\/\/www.invarena.cz\/index.php?rest_route=%2Fwp%2Fv2%2Fmedia&parent=20161"}],"wp:term":[{"taxonomy":"category","embeddable":true,"href":"https:\/\/www.invarena.cz\/index.php?rest_route=%2Fwp%2Fv2%2Fcategories&post=20161"},{"taxonomy":"post_tag","embeddable":true,"href":"https:\/\/www.invarena.cz\/index.php?rest_route=%2Fwp%2Fv2%2Ftags&post=20161"}],"curies":[{"name":"wp","href":"https:\/\/api.w.org\/{rel}","templated":true}]}}