{"id":20162,"date":"2015-02-27T18:12:36","date_gmt":"2015-02-27T17:12:36","guid":{"rendered":"http:\/\/www.invarena.cz\/?p=20162"},"modified":"2015-02-27T18:20:53","modified_gmt":"2015-02-27T17:20:53","slug":"svet-ma-asi-vazne-problem-ne-valky-nemoci-ale-barvu-satu","status":"publish","type":"post","link":"https:\/\/www.invarena.cz\/?p=20162","title":{"rendered":"Sv\u011bt m\u00e1 asi v\u00e1\u017en\u011b probl\u00e9m: ne v\u00e1lky, nemoci, ale barvu \u0161at\u016f"},"content":{"rendered":"<p><strong>Lidstvo asi narazilo na &#8222;skute\u010dn\u011b v\u00e1\u017en\u00fd probl\u00e9m&#8220;, s kter\u00fdm si moc nev\u011bd\u00ed rady leckte\u0159\u00ed specialist\u00e9. A nejde o v\u00e1lky, nemoci, hlad, ba ani terorismus. Alespo\u0148 tak to vypad\u00e1 podle \u017eiv\u00e9 diskuse, kter\u00e1 se od \u010dtvrte\u010dn\u00edho ve\u010dera rozproudila na celosv\u011btov\u00e9 po\u010d\u00edta\u010dov\u00e9 s\u00edti nad sn\u00edmkem d\u00e1msk\u00fdch \u0161at\u016f, u nich\u017e se lid\u00e9 nemohou shodnout &#8211; jsou b\u00edlo-zlat\u00e9 nebo modro-\u010dern\u00e9?<\/strong><!--more--><\/p>\n<p>O poprask se postaral u\u017eivatel &#8222;swiked&#8220;, kter\u00fd na webovou str\u00e1nku pro sd\u00edlen\u00ed fotografi\u00ed Tumblr sn\u00edmek vyv\u011bsil ve st\u0159edu a po\u017e\u00e1dal o pomoc se zji\u0161t\u011bn\u00edm pravdy o barv\u011b \u0161at\u016f. Sv\u011bt si ale jeho dilematu v\u0161iml a\u017e ve \u010dtvrtek pot\u00e9, co na n\u011bj upozornil zpravodajsk\u00fd web Buzzfeed.<\/p>\n<p>Oba t\u00e1bory maj\u00ed na sv\u00e9 stran\u011b siln\u00e9 &#8222;kalibry&#8220;, nebo\u0165 do debaty se zapojily i mnoh\u00e9 celebrity. Nap\u0159\u00edklad zp\u011bva\u010dka Taylor Swiftov\u00e1 dala na Twitteru najevo, \u017ee pat\u0159\u00ed k modro-\u010dern\u00fdm. &#8222;Nech\u00e1pu tuhle diskusi o \u0161atech a zd\u00e1 se mi, \u017ee je to n\u011bjak\u00fd podraz. Jsem zd\u011b\u0161en\u00e1 a zmaten\u00e1. P.S.: Je to jasn\u011b modr\u00e1 a \u010dern\u00e1,&#8220; napsala. Na jej\u00ed stranu se p\u0159idal&#8230; nam\u00e1tkou&#8230; i Justin Bieber.<\/p>\n<p>K b\u00edlo-zlat\u00fdm se naopak p\u0159ihl\u00e1sila kup\u0159\u00edkladu \u010derstv\u011b Oscarem &#8222;ov\u011bn\u010den\u00e1&#8220; here\u010dka Julianne Mooreov\u00e1. A nebyla sama. V t\u00e9to veled\u016fle\u017eit\u00e9 rozep\u0159i se k n\u00ed p\u0159idali t\u0159eba here\u010dka Kat Denningsov\u00e1 nebo baseballov\u00e1 hv\u011bzda t\u00fdmu New York Yankees Jacoby Ellsbury.<\/p>\n<p>B\u00edlo-zlat\u011b vid\u00ed i hv\u011bzda televizn\u00ed reality show Kim Kardashianov\u00e1 Westov\u00e1. Budi\u017e j\u00ed ale ke cti, \u017ee z\u00e1rove\u0148 p\u0159iznala, \u017ee jej\u00ed man\u017eel, zn\u00e1m\u00fd rapper Kanye West, s n\u00ed nesouhlas\u00ed a p\u0159ikl\u00e1n\u00ed se k modr\u00e9 a \u010dern\u00e9.<\/p>\n<p>Mnoh\u00e1 m\u00e9dia nelenila a obr\u00e1tila se na odborn\u00edky. N\u011bkte\u0159\u00ed rozpa\u010dit\u011b kr\u010dili rameny, jin\u00ed maj\u00ed jasno, i kdy\u017e jejich vysv\u011btlen\u00ed se r\u016fzn\u00ed. Neurolog Bevil Conway americk\u00e9mu \u010dasopisu Wired \u0159ekl, \u017ee podstatou &#8222;probl\u00e9mu&#8220; je, jak mozek \u010dlov\u011bka koriguje barvy na denn\u00edm sv\u011btle. U n\u011bkter\u00fdch vytla\u010duje tmav\u00e9 t\u00f3ny a tito lid\u00e9 pak sporn\u00e9 \u0161aty vid\u00ed jako b\u00edl\u00e9 se zlat\u00fdmi pruhy. Dal\u0161\u00ed jsou pak p\u0159esv\u011bd\u010deni, \u017ee \u0161aty jsou tmav\u011bmodr\u00e9 a \u010dern\u00e9, proto\u017ee jejich mozek tlum\u00ed zlatav\u00e9 t\u00f3ny.<\/p>\n<p>Tak \u00fapln\u011b jednoduch\u00e9 to ale asi nebude. Co d\u011bl\u00e1 s barvami mozek lid\u00ed, kte\u0159\u00ed na \u0161atech vid\u00ed i jin\u00e9 barvy jako fialovou \u010di zelenou?<\/p>\n<p><a href=\"http:\/\/www.buzzfeed.com\/virginiahughes\/why-are-people-seeing-different-colors-in-that-damn-dress\">na \u0161aty se m\u016f\u017eete pod\u00edvat ZDE<\/a><\/p>\n","protected":false},"excerpt":{"rendered":"<div class=\"mh-excerpt\"><p>Lidstvo asi narazilo na &#8222;skute\u010dn\u011b v\u00e1\u017en\u00fd probl\u00e9m&#8220;, s kter\u00fdm si moc nev\u011bd\u00ed rady leckte\u0159\u00ed specialist\u00e9. A nejde o v\u00e1lky, nemoci, hlad, ba ani terorismus. Alespo\u0148 <a class=\"mh-excerpt-more\" href=\"https:\/\/www.invarena.cz\/?p=20162\" title=\"Sv\u011bt m\u00e1 asi v\u00e1\u017en\u011b probl\u00e9m: ne v\u00e1lky, nemoci, ale barvu \u0161at\u016f\">[&#8230;]<\/a><\/p>\n<\/div>","protected":false},"author":1,"featured_media":20163,"comment_status":"open","ping_status":"closed","sticky":false,"template":"","format":"standard","meta":{"footnotes":""},"categories":[17],"tags":[],"class_list":["post-20162","post","type-post","status-publish","format-standard","has-post-thumbnail","hentry","category-kultura"],"_links":{"self":[{"href":"https:\/\/www.invarena.cz\/index.php?rest_route=\/wp\/v2\/posts\/20162","targetHints":{"allow":["GET"]}}],"collection":[{"href":"https:\/\/www.invarena.cz\/index.php?rest_route=\/wp\/v2\/posts"}],"about":[{"href":"https:\/\/www.invarena.cz\/index.php?rest_route=\/wp\/v2\/types\/post"}],"author":[{"embeddable":true,"href":"https:\/\/www.invarena.cz\/index.php?rest_route=\/wp\/v2\/users\/1"}],"replies":[{"embeddable":true,"href":"https:\/\/www.invarena.cz\/index.php?rest_route=%2Fwp%2Fv2%2Fcomments&post=20162"}],"version-history":[{"count":0,"href":"https:\/\/www.invarena.cz\/index.php?rest_route=\/wp\/v2\/posts\/20162\/revisions"}],"wp:featuredmedia":[{"embeddable":true,"href":"https:\/\/www.invarena.cz\/index.php?rest_route=\/wp\/v2\/media\/20163"}],"wp:attachment":[{"href":"https:\/\/www.invarena.cz\/index.php?rest_route=%2Fwp%2Fv2%2Fmedia&parent=20162"}],"wp:term":[{"taxonomy":"category","embeddable":true,"href":"https:\/\/www.invarena.cz\/index.php?rest_route=%2Fwp%2Fv2%2Fcategories&post=20162"},{"taxonomy":"post_tag","embeddable":true,"href":"https:\/\/www.invarena.cz\/index.php?rest_route=%2Fwp%2Fv2%2Ftags&post=20162"}],"curies":[{"name":"wp","href":"https:\/\/api.w.org\/{rel}","templated":true}]}}