{"id":20169,"date":"2015-03-02T07:37:41","date_gmt":"2015-03-02T06:37:41","guid":{"rendered":"http:\/\/www.invarena.cz\/?p=20169"},"modified":"2015-03-02T07:37:41","modified_gmt":"2015-03-02T06:37:41","slug":"zamestnance-nemusi-vyradit-z-prace-ani-zdravotni-postizeni","status":"publish","type":"post","link":"https:\/\/www.invarena.cz\/?p=20169","title":{"rendered":"Zam\u011bstnance nemus\u00ed vy\u0159adit z pr\u00e1ce ani zdravotn\u00ed posti\u017een\u00ed"},"content":{"rendered":"<p><strong>Naj\u00edt kvalitn\u00edho zam\u011bstnance je st\u00e1le probl\u00e9m. Firmy se sna\u017e\u00ed udr\u017eet si schopn\u00e9ho \u010dlov\u011bka, a to i ve chv\u00edli, kdy mu \u017eivotn\u00ed situace neumo\u017e\u0148uje za\u0159adit se pln\u011b do v\u00fdrobn\u00edho procesu.<\/strong><!--more--><\/p>\n<p>ilustra\u010dn\u00ed foto: Flickr.com<\/p>\n<p>PROST\u011aJOV Vyj\u00edt si vst\u0159\u00edc plat\u00ed na trhu pr\u00e1ce nejen o zam\u011bstnanc\u00edch, ale tak\u00e9 o firm\u00e1ch. \u010casto se \u010dlov\u011bku stane, \u017ee mu t\u00ed\u017eiv\u00e1 situace neumo\u017en\u00ed pracovat na pln\u00fd \u00favazek.<\/p>\n<p>Zran\u011bn\u00ed, nemoc, ale i zm\u011bna rodinn\u00fdch pom\u011br\u016f p\u0159ijdou ve chv\u00edli, kdy to nejm\u00e9n\u011b \u010dek\u00e1. I na takov\u00e9 situace ale dok\u00e1\u017eou firmy reagovat. Zam\u011bstnat handicapovan\u00e9ho \u010dlov\u011bka, kter\u00fd pro n\u011b n\u011bkolik let odv\u00e1d\u011bl kvalitn\u00ed pr\u00e1ci, je pro n\u011b samoz\u0159ejmost\u00ed.<\/p>\n<p>&#8222;N\u00e1\u0161 typ v\u00fdroby, kde je nep\u0159etr\u017eit\u00fd a fyzicky n\u00e1ro\u010dn\u00fd provoz v\u010detn\u011b no\u010dn\u00edch sm\u011bn, je v tomto sm\u011bru bohu\u017eel dost limituj\u00edc\u00ed a nem\u00e1me p\u0159\u00edli\u0161 mnoho mo\u017enost\u00ed pro uplatn\u011bn\u00ed handicapovan\u00fdch osob,&#8220; \u0159\u00edk\u00e1 Kate\u0159ina Krausov\u00e1 ze spole\u010dnosti Mubea. &#8222;Jeliko\u017e m\u00e1me ji\u017e t\u00e9m\u011b\u0159 tis\u00edc zam\u011bstnanc\u016f, zam\u011b\u0159ujeme se p\u0159edev\u0161\u00edm na to, abychom byli schopni zajistit adekv\u00e1tn\u00ed pr\u00e1ci pro ty z nich, u kter\u00fdch dojde v pr\u016fb\u011bhu pracovn\u00edho pom\u011bru k n\u011bjak\u00e9mu omezen\u00ed &#8211; a\u0165 u\u017e v d\u016fsledku \u00farazu nebo t\u0159eba nemoci.&#8220; Jako p\u0159\u00edklad uv\u00e1d\u00ed hned dva kolegy z v\u00fdroby.<\/p>\n<p>&#8222;Jeden m\u011bl t\u011b\u017ekou hav\u00e1rii na motocyklu, kter\u00e1 skon\u010dila pln\u00fdm invalidn\u00edm d\u016fchodem. Kdy\u017e mu byl po n\u011bjak\u00e9 dob\u011b pln\u00fd invalidn\u00ed d\u016fchod sn\u00ed\u017een na \u010d\u00e1ste\u010dn\u00fd, umo\u017enili jsme mu n\u00e1vrat do pr\u00e1ce na sn\u00ed\u017een\u00fd pracovn\u00ed \u00favazek se zohledn\u011bn\u00edm zdravotn\u00edch omezen\u00ed, kter\u00e1 m\u00e1,&#8220; uvedla Krausov\u00e1. Mu\u017e z v\u00fdroby p\u0159e\u0161el na \u00fadr\u017ebu n\u00e1stroj\u016f, kde ji\u017e n\u011bkolik\u00e1t\u00fdm rokem pracuje.<\/p>\n<p>&#8222;Druh\u00fd kolega z v\u00fdroby se po t\u011b\u017ek\u00e9 nemoci nemohl vr\u00e1tit do nep\u0159etr\u017eit\u00e9ho provozu na no\u010dn\u00ed sm\u011bny. V r\u00e1mci jednotliv\u00fdch provoz\u016f jsme proto ud\u011blali drobn\u00e9 zm\u011bny a p\u0159esunuli jej na jinou halu, kde bylo mo\u017en\u00e9, aby pracoval pouze na rann\u00ed sm\u011bn\u011b,&#8220; \u0159\u00edk\u00e1 Kate\u0159ina Krausov\u00e1, a jak dod\u00e1v\u00e1, tyto dva p\u0159\u00edklady jsou jen \u0161pi\u010dkou ledovce. Podobn\u00fdch zam\u011bstnanc\u016f maj\u00ed v\u00edce. Za ka\u017ed\u00fdm z nich stoj\u00ed p\u0159\u00edb\u011bh, kdy jim nemoc nebo \u00faraz zas\u00e1hly do \u017eivota.<\/p>\n<p>&#8222;Lid\u00ed, kte\u0159\u00ed jsou k firm\u011b loaj\u00e1ln\u00ed a pracuj\u00ed u n\u00e1s dlouhodob\u011b, si v\u00e1\u017e\u00edme, a pokud je to jenom trochu mo\u017en\u00e9, sna\u017e\u00edme se jim naj\u00edt uplatn\u011bn\u00ed. Z\u00e1sadn\u00ed je ochota jednotliv\u00fdch vedouc\u00edch provoz\u016f, kte\u0159\u00ed pak mus\u00ed v\u0161e zorganizovat a zajistit, aby chod v\u00fdroby nebyl naru\u0161en. Jsme hrd\u00ed, \u017ee takov\u00e9 vedouc\u00ed m\u00e1me, a mysl\u00edm si, \u017ee si toho cen\u00ed i na\u0161i zam\u011bstnanci. Je p\u0159ece dobr\u00e9 v\u011bd\u011bt, \u017ee je tu n\u011bkdo, na koho se m\u016f\u017eete spolehnout,&#8220; dod\u00e1v\u00e1 Krausov\u00e1.<\/p>\n<p>Lenka Carbolov\u00e1, redaktorka p\u0159\u00edloh<\/p>\n<p>Mlad\u00e1 fronta DNES &#8211;<\/p>\n","protected":false},"excerpt":{"rendered":"<div class=\"mh-excerpt\"><p>Naj\u00edt kvalitn\u00edho zam\u011bstnance je st\u00e1le probl\u00e9m. Firmy se sna\u017e\u00ed udr\u017eet si schopn\u00e9ho \u010dlov\u011bka, a to i ve chv\u00edli, kdy mu \u017eivotn\u00ed situace neumo\u017e\u0148uje za\u0159adit se <a class=\"mh-excerpt-more\" href=\"https:\/\/www.invarena.cz\/?p=20169\" title=\"Zam\u011bstnance nemus\u00ed vy\u0159adit z pr\u00e1ce ani zdravotn\u00ed posti\u017een\u00ed\">[&#8230;]<\/a><\/p>\n<\/div>","protected":false},"author":1,"featured_media":5045,"comment_status":"open","ping_status":"closed","sticky":false,"template":"","format":"standard","meta":{"footnotes":""},"categories":[9],"tags":[],"class_list":["post-20169","post","type-post","status-publish","format-standard","has-post-thumbnail","hentry","category-zpravy"],"_links":{"self":[{"href":"https:\/\/www.invarena.cz\/index.php?rest_route=\/wp\/v2\/posts\/20169","targetHints":{"allow":["GET"]}}],"collection":[{"href":"https:\/\/www.invarena.cz\/index.php?rest_route=\/wp\/v2\/posts"}],"about":[{"href":"https:\/\/www.invarena.cz\/index.php?rest_route=\/wp\/v2\/types\/post"}],"author":[{"embeddable":true,"href":"https:\/\/www.invarena.cz\/index.php?rest_route=\/wp\/v2\/users\/1"}],"replies":[{"embeddable":true,"href":"https:\/\/www.invarena.cz\/index.php?rest_route=%2Fwp%2Fv2%2Fcomments&post=20169"}],"version-history":[{"count":0,"href":"https:\/\/www.invarena.cz\/index.php?rest_route=\/wp\/v2\/posts\/20169\/revisions"}],"wp:featuredmedia":[{"embeddable":true,"href":"https:\/\/www.invarena.cz\/index.php?rest_route=\/wp\/v2\/media\/5045"}],"wp:attachment":[{"href":"https:\/\/www.invarena.cz\/index.php?rest_route=%2Fwp%2Fv2%2Fmedia&parent=20169"}],"wp:term":[{"taxonomy":"category","embeddable":true,"href":"https:\/\/www.invarena.cz\/index.php?rest_route=%2Fwp%2Fv2%2Fcategories&post=20169"},{"taxonomy":"post_tag","embeddable":true,"href":"https:\/\/www.invarena.cz\/index.php?rest_route=%2Fwp%2Fv2%2Ftags&post=20169"}],"curies":[{"name":"wp","href":"https:\/\/api.w.org\/{rel}","templated":true}]}}