{"id":20186,"date":"2015-03-02T07:49:58","date_gmt":"2015-03-02T06:49:58","guid":{"rendered":"http:\/\/www.invarena.cz\/?p=20186"},"modified":"2015-03-02T07:49:58","modified_gmt":"2015-03-02T06:49:58","slug":"na-invalidnim-voziku-jako-na-motorce","status":"publish","type":"post","link":"https:\/\/www.invarena.cz\/?p=20186","title":{"rendered":"Na invalidn\u00edm voz\u00edku jako na motorce"},"content":{"rendered":"<p><strong>Ani motorka, ani invalidn\u00ed voz\u00edk. Tento dopravn\u00ed prost\u0159edek u\u017e brzo m\u016f\u017ee zm\u011bnit \u017eivot \u0159ad\u011b lid\u00ed se zdravotn\u00edm posti\u017een\u00edm. Motorov\u00fd invalidn\u00ed voz\u00edk um\u00ed jet a\u017e pades\u00e1tkou za hodinu&#8230;\/ilustra\u010dn\u00ed foto\/<\/strong><!--more--><\/p>\n<p><strong>\u010cT 1<\/strong><em><\/p>\n<p>Motorov\u00fd invalidn\u00ed voz\u00edk sice nen\u00ed \u017e\u00e1dnou novinkou, to, co vymyslel b\u00fdval\u00fd \u00fa\u010dastn\u00edk 8 ro\u010dn\u00edk\u016f Rallye Dakar Ivo Ka\u0161tan z Velk\u00e9ho Mezi\u0159\u00ed\u010d\u00ed, p\u0159esto stoj\u00ed za pov\u0161imnut\u00ed. Jeho vyn\u00e1lez toti\u017e um\u00ed jet a\u017e pades\u00e1tkou za hodinu a zvl\u00e1d\u00e1 i snadn\u011bj\u0161\u00ed ter\u00e9ny, hlavn\u011b ale d\u00e1v\u00e1 lidem s handicapem \u0161anci znovu usednout za \u0159\u00edd\u00edtka a c\u00edtit se, jako na motorce.<\/p>\n<p>Nejrychl\u011bj\u0161\u00ed elektrick\u00e9 voz\u00edky dosahuj\u00ed 12 km za hod. <\/p>\n<p>Ivo KA\u0160TAN:<br \/>\nVid\u011bl jsem voz\u00ed\u010dk\u00e1\u0159e na elektrick\u00fdm voz\u00edku, jak se sune po silnici, vy\u0159\u00eddil jsem si ve m\u011bst\u011b svoje v\u011bci a jedu zp\u00e1tky a on mezit\u00edm ujel asi p\u016fl kilometru a v tu chv\u00edli to prost\u011b jako docvaklo, pro\u010d nen\u00ed motorka pro voz\u00ed\u010dk\u00e1\u0159e a za\u010dal jsem z druh\u00e9 strany, za\u010dal jsem od toho voz\u00ed\u010dku, vzal jsem to dobr\u00e9 z t\u011bch motocykl\u016f, to, co m\u00e1me r\u00e1di, ta \u0159\u00edd\u00edtka a ta, ta p\u0159edn\u00ed vidlice a cel\u00e9 jsem to p\u0159id\u011blal k invalidn\u00edmu voz\u00edku a ono to nefungovalo.<\/p>\n<p>Jenom\u017ee tak, jak se Ivo Ka\u0161tan nevzd\u00e1val p\u0159i z\u00e1vodech v africk\u00e9 pou\u0161ti, nevzdal se ani v d\u00edln\u011b. Za\u010dal m\u011b\u0159it, \u0159ezat a po\u010d\u00edtat. A pak tak\u00e9 jezdit a testovat a byl \u00fasp\u011b\u0161n\u00fd. Za t\u0159i \u010dtvrt\u011b roku sestrojil funk\u010dn\u00ed prototyp.<\/p>\n<p>Ivo KA\u0160TAN:<br \/>\nK aktivn\u00edmu mechanick\u00e9mu voz\u00edku je p\u0159ipojen adapt\u00e9r, vlastn\u011b elektropohon, kdy\u017e odmontujete ta p\u0159edn\u00ed pojezdov\u00e1 kole\u010dka nebo jak se jim p\u0159esn\u011b \u0159\u00edk\u00e1, tak do t\u011bch m\u00edst, kam ony pat\u0159\u00ed, tak se vlastn\u011b p\u0159ipoj\u00ed ten adapt\u00e9r. Cel\u00e1 ta v\u011bc je pom\u011brn\u011b snadno odmontovateln\u00e1, \u017ee vy si vlastn\u011b ten elektropohon odsunout, vr\u00e1tit kole\u010dka a v tu chv\u00edli m\u00e1te zp\u011bt v\u00e1\u0161 invalidn\u00ed voz\u00edk.<\/p>\n<p>Aby pochopil specifick\u00e9 pot\u0159eby, p\u0159izval si na pomoc hned n\u011bkolik poradc\u016f s r\u016fzn\u00fdm typem posti\u017een\u00edm. Mezi nimi i Luk\u00e1\u0161e \u0160emberu. Mlad\u00fd brn\u011bnsk\u00fd motocyklov\u00fd z\u00e1vodn\u00edk v 17 ochrnul po t\u011b\u017ek\u00e9 hav\u00e1rii p\u0159i exhibi\u010dn\u00edch z\u00e1vodech.<\/p>\n<p>Luk\u00e1\u0161 \u0160EMBERA:<br \/>\nKdy\u017e jsme zkou\u0161eli, tak jsme p\u00e1r n\u00e1pad\u016f prohodili, bavili jsme se o tom, ale on se vydal dobrou cestou, tak\u017ee mu nebylo nic co na tom vyt\u00fdkat. A kdy\u017e jsem jel zat\u00e1\u010dku, tak jsem nec\u00edtil, \u017ee by se to n\u011bjak p\u0159evracelo, tak\u017ee nestabilita v tom jako &#8230;<\/p>\n<p>Ivo Ka\u0161tan by cht\u011bl za\u010d\u00edt je\u0161t\u011b letos se s\u00e9rovou v\u00fdrobou. Z\u00e1jemc\u016f je pr\u00fd dost, a to i ze zahrani\u010d\u00ed. <\/p>\n","protected":false},"excerpt":{"rendered":"<div class=\"mh-excerpt\"><p>Ani motorka, ani invalidn\u00ed voz\u00edk. Tento dopravn\u00ed prost\u0159edek u\u017e brzo m\u016f\u017ee zm\u011bnit \u017eivot \u0159ad\u011b lid\u00ed se zdravotn\u00edm posti\u017een\u00edm. Motorov\u00fd invalidn\u00ed voz\u00edk um\u00ed jet a\u017e pades\u00e1tkou <a class=\"mh-excerpt-more\" href=\"https:\/\/www.invarena.cz\/?p=20186\" title=\"Na invalidn\u00edm voz\u00edku jako na motorce\">[&#8230;]<\/a><\/p>\n<\/div>","protected":false},"author":1,"featured_media":1314,"comment_status":"open","ping_status":"closed","sticky":false,"template":"","format":"standard","meta":{"footnotes":""},"categories":[7],"tags":[],"class_list":["post-20186","post","type-post","status-publish","format-standard","has-post-thumbnail","hentry","category-spolecnost"],"_links":{"self":[{"href":"https:\/\/www.invarena.cz\/index.php?rest_route=\/wp\/v2\/posts\/20186","targetHints":{"allow":["GET"]}}],"collection":[{"href":"https:\/\/www.invarena.cz\/index.php?rest_route=\/wp\/v2\/posts"}],"about":[{"href":"https:\/\/www.invarena.cz\/index.php?rest_route=\/wp\/v2\/types\/post"}],"author":[{"embeddable":true,"href":"https:\/\/www.invarena.cz\/index.php?rest_route=\/wp\/v2\/users\/1"}],"replies":[{"embeddable":true,"href":"https:\/\/www.invarena.cz\/index.php?rest_route=%2Fwp%2Fv2%2Fcomments&post=20186"}],"version-history":[{"count":0,"href":"https:\/\/www.invarena.cz\/index.php?rest_route=\/wp\/v2\/posts\/20186\/revisions"}],"wp:featuredmedia":[{"embeddable":true,"href":"https:\/\/www.invarena.cz\/index.php?rest_route=\/wp\/v2\/media\/1314"}],"wp:attachment":[{"href":"https:\/\/www.invarena.cz\/index.php?rest_route=%2Fwp%2Fv2%2Fmedia&parent=20186"}],"wp:term":[{"taxonomy":"category","embeddable":true,"href":"https:\/\/www.invarena.cz\/index.php?rest_route=%2Fwp%2Fv2%2Fcategories&post=20186"},{"taxonomy":"post_tag","embeddable":true,"href":"https:\/\/www.invarena.cz\/index.php?rest_route=%2Fwp%2Fv2%2Ftags&post=20186"}],"curies":[{"name":"wp","href":"https:\/\/api.w.org\/{rel}","templated":true}]}}