{"id":20195,"date":"2015-03-02T11:50:27","date_gmt":"2015-03-02T10:50:27","guid":{"rendered":"http:\/\/www.invarena.cz\/?p=20195"},"modified":"2015-03-02T11:50:27","modified_gmt":"2015-03-02T10:50:27","slug":"moznosti-tu-jsou-rikaji-si-hendikepovani-a-maji-praci","status":"publish","type":"post","link":"https:\/\/www.invarena.cz\/?p=20195","title":{"rendered":"Mo\u017enosti tu jsou, \u0159\u00edkaj\u00ed si hendikepovan\u00ed. A maj\u00ed pr\u00e1ci"},"content":{"rendered":"<p><strong>Kav\u00e1rna, obchod s oble\u010den\u00edm nebo p\u0159\u00edprava zdrav\u00fdch sva\u010din. V t\u011bchto oblastech spole\u010dnost Mo\u017enosti tu jsou spadaj\u00edc\u00ed pod Diakonii Z\u00e1pad podnik\u00e1 a zam\u011bstn\u00e1v\u00e1 p\u0159itom zdravotn\u011b znev\u00fdhodn\u011bn\u00e9. Po\u010det handicapovan\u00fdch, kte\u0159\u00ed b\u011bhem osmilet\u00e9ho p\u016fsoben\u00ed organizace z\u00edskali pr\u00e1ci, letos p\u0159es\u00e1hl stovku.<\/strong><!--more--><\/p>\n<p>Plze\u0148 \u2013 Pavel S\u00fcssenbek je zam\u011bstnan\u00fd v Caf\u00e9 Restaurant Ka\u010daba u\u017e od roku 2008. Nejd\u0159\u00edve za\u010d\u00ednal v kav\u00e1rn\u011b, pozd\u011bji p\u0159e\u0161el do kuchyn\u011b. &#8222;Jako kucha\u0159 jsem se stoprocentn\u011b na\u0161el. M\u00e1m pr\u00e1ci, kter\u00e1 m\u011b bav\u00ed, napl\u0148uje a do kter\u00e9 chod\u00edm s radost\u00ed,&#8220; ne\u0161et\u0159il Plze\u0148an chv\u00e1lou. Spokojenost v zam\u011bstn\u00e1n\u00ed se ov\u0161em pozitivn\u011b odr\u00e1\u017e\u00ed tak\u00e9 na jeho zdravotn\u00edm stavu, S\u00fcssenbek neu\u017e\u00edv\u00e1 u\u017e t\u00e9m\u011b\u0159 \u017e\u00e1dn\u00e9 l\u00e9ky. &#8222;Ka\u010daba stoj\u00ed tak\u00e9 na pozad\u00ed m\u00e9ho partnersk\u00e9ho vztahu,&#8220; usm\u00edval se mu\u017e, jeho\u017e velkou v\u00e1\u0161n\u00ed je fotografov\u00e1n\u00ed.<\/p>\n<p>Pr\u00e1v\u011b Ka\u010daba je pilotn\u00edm projektem spole\u010dnosti Mo\u017enosti tu jsou, jeho\u017e z\u0159izovatelem je Diakonie Z\u00e1pad. Podle \u0159editele spole\u010dnosti Romana Haj\u0161mana projde ro\u010dn\u011b touto slu\u017ebou osm a\u017e deset hendikepovan\u00fdch. &#8222;V pracovn\u00ed rehabilitaci je tr\u00e9nujeme v tom, jak z\u00edskat a udr\u017eet si zam\u011bstn\u00e1n\u00ed a t\u00edm usp\u011bt na otev\u0159en\u00e9m trhu pr\u00e1ce. V sou\u010dasnosti si dr\u017e\u00edme 75procentn\u00ed \u00fasp\u011b\u0161nost,&#8220; sd\u011blil Haj\u0161man.<\/p>\n<p>Mezi dal\u0161\u00ed st\u011b\u017eejn\u00ed projekt spole\u010dnosti Mo\u017enosti tu jsou ur\u010dit\u011b pat\u0159\u00ed SecondHelp. &#8222;Nejv\u00edce absolvent\u016f nach\u00e1z\u00ed pr\u00e1ci v na\u0161em \u0159et\u011bzci, kter\u00fd nab\u00edz\u00ed kvalitn\u00ed oble\u010den\u00ed z druh\u00e9 ruky u\u017e v p\u011bti obchodech, a to v Plzni, Klatovech a N\u00fdrsku. V pond\u011bl\u00ed otev\u0159eme novou pobo\u010dku tak\u00e9 v Su\u0161ici, \u010d\u00edm\u017e p\u0159ekon\u00e1me metu 100 zam\u011bstnanc\u016f se zdravotn\u00edm znev\u00fdhodn\u011bn\u00edm,&#8220; up\u0159esnil Haj\u0161man.<\/p>\n<p>Jedn\u00edm z t\u011bch, kte\u0159\u00ed z\u00edskali m\u00edsto v obchod\u011b s oble\u010den\u00edm, je tak\u00e9 Jaroslav V\u00e1\u0148a. Ten po st\u0159edn\u00ed \u0161kole utrp\u011bl \u00faraz, kv\u016fli n\u011bmu\u017e m\u00e1 t\u0159et\u00ed stupe\u0148 posti\u017een\u00ed. &#8222;Vyzkou\u0161el jsem dv\u011b za\u0159\u00edzen\u00ed. Nakonec se na m\u011b usm\u00e1lo \u0161t\u011bst\u00ed a za\u010dal jsem pracovat v SecondHelpu, v t\u00e9 dob\u011b se je\u0161t\u011b nach\u00e1zel v Dom\u011b kultury Inwest. Jsem velmi r\u00e1d, ze m\u00e1m n\u00e1pl\u0148 dne a sna\u017e\u00edm se pravideln\u011b d\u011blat n\u011bjakou \u010dinnost,&#8220; \u0159ekl V\u00e1\u0148a. Veden\u00ed spole\u010dnosti Mo\u017enosti tu jsou ned\u00e1vno rozjelo v z\u00e1pado\u010desk\u00e9 metropoli dal\u0161\u00ed podnik\u00e1n\u00ed, inspiraci p\u0159itom na\u0161lo v Hradci Kr\u00e1lov\u00e9.<\/p>\n<p>\u0160esti \u0161kol\u00e1m v Plzni dod\u00e1v\u00e1 denn\u011b zdrav\u00e9 sva\u010diny. Objedn\u00e1vka jde ud\u011blat p\u0159es internet. Aktu\u00e1ln\u011b dod\u00e1v\u00e1 spole\u010dnost sva\u010dinu asi dv\u011bma st\u016fm d\u011bt\u00ed. Cena zdrav\u00e9 sva\u010diny, o jej\u00ed\u017e p\u0159\u00edpravu se star\u00e1 osm hendikepovan\u00fdch, se pohybuje mezi 17 a 30 K\u010d.<\/p>\n<p>&#8222;V sou\u010dasnosti hled\u00e1me v\u011bt\u0161\u00ed prostory pro p\u0159\u00edpravu, nem\u016f\u017ee se toti\u017e do kuchyn\u011b v Ka\u010dab\u011b vej\u00edt, a tak\u00e9 dotaci na provoz, proto\u017ee se na t\u00e9to slu\u017eb\u011b ned\u00e1 vyd\u011blat,&#8220; dodal Haj\u0161man. \u017d\u00e1dn\u00fd ze zm\u00edn\u011bn\u00fdch projekt\u016f ov\u0161em nep\u0159in\u00e1\u0161\u00ed zisk. M\u011bs\u00ed\u010dn\u011b je pot\u0159eba je dotovat 50 a\u017e 60 tis\u00edci korunami.<\/p>\n<p>KL\u00c1RA MR\u00c1ZOV\u00c1<br \/>\nPlze\u0148sk\u00fd den\u00edk<br \/>\n<a href=\"http:\/\/plzensky.denik.cz\/\">http:\/\/plzensky.denik.cz\/<\/a><\/p>\n","protected":false},"excerpt":{"rendered":"<div class=\"mh-excerpt\"><p>Kav\u00e1rna, obchod s oble\u010den\u00edm nebo p\u0159\u00edprava zdrav\u00fdch sva\u010din. V t\u011bchto oblastech spole\u010dnost Mo\u017enosti tu jsou spadaj\u00edc\u00ed pod Diakonii Z\u00e1pad podnik\u00e1 a zam\u011bstn\u00e1v\u00e1 p\u0159itom zdravotn\u011b znev\u00fdhodn\u011bn\u00e9. <a class=\"mh-excerpt-more\" href=\"https:\/\/www.invarena.cz\/?p=20195\" title=\"Mo\u017enosti tu jsou, \u0159\u00edkaj\u00ed si hendikepovan\u00ed. A maj\u00ed pr\u00e1ci\">[&#8230;]<\/a><\/p>\n<\/div>","protected":false},"author":1,"featured_media":1171,"comment_status":"open","ping_status":"closed","sticky":false,"template":"","format":"standard","meta":{"footnotes":""},"categories":[9],"tags":[],"class_list":["post-20195","post","type-post","status-publish","format-standard","has-post-thumbnail","hentry","category-zpravy"],"_links":{"self":[{"href":"https:\/\/www.invarena.cz\/index.php?rest_route=\/wp\/v2\/posts\/20195","targetHints":{"allow":["GET"]}}],"collection":[{"href":"https:\/\/www.invarena.cz\/index.php?rest_route=\/wp\/v2\/posts"}],"about":[{"href":"https:\/\/www.invarena.cz\/index.php?rest_route=\/wp\/v2\/types\/post"}],"author":[{"embeddable":true,"href":"https:\/\/www.invarena.cz\/index.php?rest_route=\/wp\/v2\/users\/1"}],"replies":[{"embeddable":true,"href":"https:\/\/www.invarena.cz\/index.php?rest_route=%2Fwp%2Fv2%2Fcomments&post=20195"}],"version-history":[{"count":0,"href":"https:\/\/www.invarena.cz\/index.php?rest_route=\/wp\/v2\/posts\/20195\/revisions"}],"wp:featuredmedia":[{"embeddable":true,"href":"https:\/\/www.invarena.cz\/index.php?rest_route=\/wp\/v2\/media\/1171"}],"wp:attachment":[{"href":"https:\/\/www.invarena.cz\/index.php?rest_route=%2Fwp%2Fv2%2Fmedia&parent=20195"}],"wp:term":[{"taxonomy":"category","embeddable":true,"href":"https:\/\/www.invarena.cz\/index.php?rest_route=%2Fwp%2Fv2%2Fcategories&post=20195"},{"taxonomy":"post_tag","embeddable":true,"href":"https:\/\/www.invarena.cz\/index.php?rest_route=%2Fwp%2Fv2%2Ftags&post=20195"}],"curies":[{"name":"wp","href":"https:\/\/api.w.org\/{rel}","templated":true}]}}