{"id":20210,"date":"2015-03-03T10:24:51","date_gmt":"2015-03-03T09:24:51","guid":{"rendered":"http:\/\/www.invarena.cz\/?p=20210"},"modified":"2015-03-03T10:24:51","modified_gmt":"2015-03-03T09:24:51","slug":"kino-v-hradci-kralove-bude-promitat-i-sluchove-postizenym","status":"publish","type":"post","link":"https:\/\/www.invarena.cz\/?p=20210","title":{"rendered":"Kino v Hradci Kr\u00e1lov\u00e9 bude prom\u00edtat i sluchov\u011b posti\u017een\u00fdm"},"content":{"rendered":"<p><strong>Kino v Hradci Kr\u00e1lov\u00e9 bude prom\u00edtat i sluchov\u011b posti\u017een\u00fdm. Spou\u0161t\u00ed toti\u017e technologii, kterou v na\u0161\u00ed zemi nikde nenajdete. <\/strong><!--more--><\/p>\n<p><strong>r\u00e1dio Frekvence 1<\/strong><em><\/p>\n<p>Na tuhle novinku z\u00edskalo artov\u00e9 kino Centr\u00e1l ministersk\u00fd grand. D\u00edky speci\u00e1ln\u00edm br\u00fdl\u00edm te\u010f budou moci hlu\u0161\u00ed nebo sluchov\u011b posti\u017een\u00ed div\u00e1ci vid\u011bt titulky u \u010desk\u00fdch film\u016f. Kino chce z\u00e1rove\u0148 p\u0159esv\u011bd\u010dit distributory, aby tyto titulky k film\u016fm p\u0159id\u00e1vali automaticky.<\/p>\n<p> U zahrani\u010dn\u00edch sn\u00edmk\u016f jsou toti\u017e samoz\u0159ejmost\u00ed, u n\u00e1s chyb\u00ed jak jejich b\u011b\u017en\u00e1 forma, tak i speci\u00e1ln\u00ed titulky pro sluchov\u011b posti\u017een\u00e9. Kino jde p\u0159itom je\u0161t\u011b d\u00e1l a z\u00e1rove\u0148 hodl\u00e1 tuhle podm\u00ednku prosadit i do audiovizu\u00e1ln\u00edho z\u00e1kona.  <\/p>\n","protected":false},"excerpt":{"rendered":"<div class=\"mh-excerpt\"><p>Kino v Hradci Kr\u00e1lov\u00e9 bude prom\u00edtat i sluchov\u011b posti\u017een\u00fdm. Spou\u0161t\u00ed toti\u017e technologii, kterou v na\u0161\u00ed zemi nikde nenajdete.<\/p>\n<\/div>","protected":false},"author":1,"featured_media":8726,"comment_status":"open","ping_status":"closed","sticky":false,"template":"","format":"standard","meta":{"footnotes":""},"categories":[17],"tags":[],"class_list":["post-20210","post","type-post","status-publish","format-standard","has-post-thumbnail","hentry","category-kultura"],"_links":{"self":[{"href":"https:\/\/www.invarena.cz\/index.php?rest_route=\/wp\/v2\/posts\/20210","targetHints":{"allow":["GET"]}}],"collection":[{"href":"https:\/\/www.invarena.cz\/index.php?rest_route=\/wp\/v2\/posts"}],"about":[{"href":"https:\/\/www.invarena.cz\/index.php?rest_route=\/wp\/v2\/types\/post"}],"author":[{"embeddable":true,"href":"https:\/\/www.invarena.cz\/index.php?rest_route=\/wp\/v2\/users\/1"}],"replies":[{"embeddable":true,"href":"https:\/\/www.invarena.cz\/index.php?rest_route=%2Fwp%2Fv2%2Fcomments&post=20210"}],"version-history":[{"count":0,"href":"https:\/\/www.invarena.cz\/index.php?rest_route=\/wp\/v2\/posts\/20210\/revisions"}],"wp:featuredmedia":[{"embeddable":true,"href":"https:\/\/www.invarena.cz\/index.php?rest_route=\/wp\/v2\/media\/8726"}],"wp:attachment":[{"href":"https:\/\/www.invarena.cz\/index.php?rest_route=%2Fwp%2Fv2%2Fmedia&parent=20210"}],"wp:term":[{"taxonomy":"category","embeddable":true,"href":"https:\/\/www.invarena.cz\/index.php?rest_route=%2Fwp%2Fv2%2Fcategories&post=20210"},{"taxonomy":"post_tag","embeddable":true,"href":"https:\/\/www.invarena.cz\/index.php?rest_route=%2Fwp%2Fv2%2Ftags&post=20210"}],"curies":[{"name":"wp","href":"https:\/\/api.w.org\/{rel}","templated":true}]}}