{"id":20211,"date":"2015-03-03T10:30:01","date_gmt":"2015-03-03T09:30:01","guid":{"rendered":"http:\/\/www.invarena.cz\/?p=20211"},"modified":"2015-03-03T10:30:11","modified_gmt":"2015-03-03T09:30:11","slug":"moravsky-kras-se-po-zimni-prestavce-znovu-otevre-i-pro-vozickare","status":"publish","type":"post","link":"https:\/\/www.invarena.cz\/?p=20211","title":{"rendered":"Moravsk\u00fd kras se po zimn\u00ed p\u0159est\u00e1vce znovu otev\u0159e i pro voz\u00ed\u010dk\u00e1\u0159e"},"content":{"rendered":"<p><strong>Podzem\u00ed Moravsk\u00e9ho krasu se po zimn\u00ed p\u0159est\u00e1vce znovu otev\u0159e turist\u016fm. Zav\u00edtat m\u016f\u017eete do v\u0161ech p\u011bti zp\u0159\u00edstupn\u011bn\u00fdch jeskyn\u00ed. Voz\u00ed\u010dk\u00e1\u0159i se ale budou muset je\u0161t\u011b na \u010das vzd\u00e1t n\u00e1v\u0161t\u011bvy Punkevn\u00edch jeskyn\u00ed. <\/strong><!--more--><\/p>\n<p>\tRadio\u017eurn\u00e1l<\/p>\n<p>P\u0159\u00edstup pro voz\u00ed\u010dk\u00e1\u0159e do Punkevn\u00edch jeskyn\u00ed zkomplikovala stavba nov\u00e9 provozn\u00ed budovy, \u0159\u00edk\u00e1 vedouc\u00ed Spr\u00e1vy jeskyn\u00ed Moravsk\u00e9ho krasu Ji\u0159\u00ed Hebelka.<\/p>\n<p>Ji\u0159\u00ed HEBELKA:P\u0159\u00edstupov\u00e1 cesta, kter\u00e1 fungovala v minul\u00e9m roce, u\u017e dneska je odbagrov\u00e1na, budou se tam d\u011blat nov\u00e9 schodi\u0161t\u011b, nov\u00e9 rampy pro voz\u00ed\u010dk\u00e1\u0159e, tak v sou\u010dasn\u00e9 dob\u011b ti voz\u00ed\u010dk\u00e1\u0159i nebudou m\u00edt bohu\u017eel do Punkevn\u00edch jeskyn\u00ed p\u0159\u00edstup. Mohou ale nav\u0161t\u00edvit jeskyn\u011b Sloupsko-\u0161o\u0161\u016fvsk\u00e9, nebo jeskyn\u011b V\u00fdpustek, kter\u00e9 jsou taky z velk\u00e9 \u010d\u00e1sti bezbari\u00e9rov\u00e9.<\/p>\n","protected":false},"excerpt":{"rendered":"<div class=\"mh-excerpt\"><p>Podzem\u00ed Moravsk\u00e9ho krasu se po zimn\u00ed p\u0159est\u00e1vce znovu otev\u0159e turist\u016fm. Zav\u00edtat m\u016f\u017eete do v\u0161ech p\u011bti zp\u0159\u00edstupn\u011bn\u00fdch jeskyn\u00ed. Voz\u00ed\u010dk\u00e1\u0159i se ale budou muset je\u0161t\u011b na \u010das <a class=\"mh-excerpt-more\" href=\"https:\/\/www.invarena.cz\/?p=20211\" title=\"Moravsk\u00fd kras se po zimn\u00ed p\u0159est\u00e1vce znovu otev\u0159e i pro voz\u00ed\u010dk\u00e1\u0159e\">[&#8230;]<\/a><\/p>\n<\/div>","protected":false},"author":1,"featured_media":4557,"comment_status":"open","ping_status":"closed","sticky":false,"template":"","format":"standard","meta":{"footnotes":""},"categories":[17],"tags":[],"class_list":["post-20211","post","type-post","status-publish","format-standard","has-post-thumbnail","hentry","category-kultura"],"_links":{"self":[{"href":"https:\/\/www.invarena.cz\/index.php?rest_route=\/wp\/v2\/posts\/20211","targetHints":{"allow":["GET"]}}],"collection":[{"href":"https:\/\/www.invarena.cz\/index.php?rest_route=\/wp\/v2\/posts"}],"about":[{"href":"https:\/\/www.invarena.cz\/index.php?rest_route=\/wp\/v2\/types\/post"}],"author":[{"embeddable":true,"href":"https:\/\/www.invarena.cz\/index.php?rest_route=\/wp\/v2\/users\/1"}],"replies":[{"embeddable":true,"href":"https:\/\/www.invarena.cz\/index.php?rest_route=%2Fwp%2Fv2%2Fcomments&post=20211"}],"version-history":[{"count":0,"href":"https:\/\/www.invarena.cz\/index.php?rest_route=\/wp\/v2\/posts\/20211\/revisions"}],"wp:featuredmedia":[{"embeddable":true,"href":"https:\/\/www.invarena.cz\/index.php?rest_route=\/wp\/v2\/media\/4557"}],"wp:attachment":[{"href":"https:\/\/www.invarena.cz\/index.php?rest_route=%2Fwp%2Fv2%2Fmedia&parent=20211"}],"wp:term":[{"taxonomy":"category","embeddable":true,"href":"https:\/\/www.invarena.cz\/index.php?rest_route=%2Fwp%2Fv2%2Fcategories&post=20211"},{"taxonomy":"post_tag","embeddable":true,"href":"https:\/\/www.invarena.cz\/index.php?rest_route=%2Fwp%2Fv2%2Ftags&post=20211"}],"curies":[{"name":"wp","href":"https:\/\/api.w.org\/{rel}","templated":true}]}}