{"id":20221,"date":"2015-03-04T10:57:17","date_gmt":"2015-03-04T09:57:17","guid":{"rendered":"http:\/\/www.invarena.cz\/?p=20221"},"modified":"2015-03-04T23:14:20","modified_gmt":"2015-03-04T22:14:20","slug":"hrad-svojanov-sloupky-a-tablety-pro-nevidome-a-neslysici","status":"publish","type":"post","link":"https:\/\/www.invarena.cz\/?p=20221","title":{"rendered":"Hrad Svojanov: sloupky a tablety pro nevidom\u00e9 a nesly\u0161\u00edc\u00ed"},"content":{"rendered":"<p><strong>Prohl\u00eddky svojanovsk\u00e9ho hradu budou mo\u017en\u00e1 u\u017e od tohoto l\u00e9ta mnohem p\u0159\u00edjemn\u011bj\u0161\u00ed a p\u0159\u00edstupn\u011bj\u0161\u00ed pro n\u00e1v\u0161t\u011bvn\u00edky, kte\u0159\u00ed nevid\u00ed nebo nesly\u0161\u00ed. Zastupitel\u00e9 Poli\u010dky toti\u017e schv\u00e1lili projekt, kter\u00fd otev\u0159e pam\u00e1tku pr\u00e1v\u011b nevidom\u00fdm a nesly\u0161\u00edc\u00edm.<\/strong><!--more--><\/p>\n<p>Poli\u010dka\/Svojanov \u2013 Pokud to vyjde u\u017e letos, v cel\u00e9m are\u00e1lu hradu vznikne syst\u00e9m akustick\u00fdch sloup\u016f. Ty p\u0159enesou zvuk do sluch\u00e1tek a nevidom\u00e9mu se p\u0159i jejich m\u00edjen\u00ed p\u0159enese zvukov\u00e1 informace do sluch\u00e1tka. Na ka\u017ed\u00e9m stanovi\u0161ti bude maketa prostor, v nich\u017e se doty\u010dn\u00fd pr\u00e1v\u011b nach\u00e1z\u00ed. Mimo jin\u00e9 vznikne i kompletn\u00ed model hradu. &#8222;P\u0159edn\u011b proto, aby nevidom\u00ed mohli po hmatu poznat cel\u00fd are\u00e1l. Navazuj\u00ed na to i p\u0159izp\u016fsoben\u00e9 prohl\u00eddky interi\u00e9r\u016f,&#8220; uvedl kastel\u00e1n svojanovsk\u00e9ho hradu Milo\u0161 Demp\u00edr.<\/p>\n<p>Pro nesly\u0161\u00edc\u00ed vznikne speci\u00e1ln\u00ed program nahran\u00fd do tablet\u016f, jeho\u017e prost\u0159ednictv\u00edm se lid\u00e9 d\u00edky v\u00fdkladu ve znakov\u00e9 \u0159e\u010di dozv\u011bd\u00ed v\u0161e, co budou cht\u00edt, a projdou tak\u00e9 v\u0161echny t\u0159i prohl\u00eddkov\u00e9 okruhy. &#8222;Inspirovali jsme se na Slovensku, na hradu Star\u00e1 \u013dubov\u0148a, kter\u00fd m\u00e1 vypracovan\u00e9 podobn\u00e9 syst\u00e9my. Sna\u017e\u00edme se to napasovat na na\u0161e podm\u00ednky. Pokud v\u0161echno vyjde, m\u011bli bychom v \u010cesku jedin\u00fd objekt, kter\u00fd nab\u00edz\u00ed takto komplexn\u00ed slu\u017eby pro hendikepovan\u00e9 spoluob\u010dany,&#8220; dodal Demp\u00edr.<\/p>\n<p>Blanensk\u00fd den\u00edk<br \/>\n<a href=\"http:\/\/blanensky.denik.cz\/\">http:\/\/blanensky.denik.cz\/<\/a><\/p>\n","protected":false},"excerpt":{"rendered":"<div class=\"mh-excerpt\"><p>Prohl\u00eddky svojanovsk\u00e9ho hradu budou mo\u017en\u00e1 u\u017e od tohoto l\u00e9ta mnohem p\u0159\u00edjemn\u011bj\u0161\u00ed a p\u0159\u00edstupn\u011bj\u0161\u00ed pro n\u00e1v\u0161t\u011bvn\u00edky, kte\u0159\u00ed nevid\u00ed nebo nesly\u0161\u00ed. Zastupitel\u00e9 Poli\u010dky toti\u017e schv\u00e1lili projekt, kter\u00fd <a class=\"mh-excerpt-more\" href=\"https:\/\/www.invarena.cz\/?p=20221\" title=\"Hrad Svojanov: sloupky a tablety pro nevidom\u00e9 a nesly\u0161\u00edc\u00ed\">[&#8230;]<\/a><\/p>\n<\/div>","protected":false},"author":1,"featured_media":18820,"comment_status":"open","ping_status":"closed","sticky":false,"template":"","format":"standard","meta":{"footnotes":""},"categories":[9],"tags":[],"class_list":["post-20221","post","type-post","status-publish","format-standard","has-post-thumbnail","hentry","category-zpravy"],"_links":{"self":[{"href":"https:\/\/www.invarena.cz\/index.php?rest_route=\/wp\/v2\/posts\/20221","targetHints":{"allow":["GET"]}}],"collection":[{"href":"https:\/\/www.invarena.cz\/index.php?rest_route=\/wp\/v2\/posts"}],"about":[{"href":"https:\/\/www.invarena.cz\/index.php?rest_route=\/wp\/v2\/types\/post"}],"author":[{"embeddable":true,"href":"https:\/\/www.invarena.cz\/index.php?rest_route=\/wp\/v2\/users\/1"}],"replies":[{"embeddable":true,"href":"https:\/\/www.invarena.cz\/index.php?rest_route=%2Fwp%2Fv2%2Fcomments&post=20221"}],"version-history":[{"count":0,"href":"https:\/\/www.invarena.cz\/index.php?rest_route=\/wp\/v2\/posts\/20221\/revisions"}],"wp:featuredmedia":[{"embeddable":true,"href":"https:\/\/www.invarena.cz\/index.php?rest_route=\/wp\/v2\/media\/18820"}],"wp:attachment":[{"href":"https:\/\/www.invarena.cz\/index.php?rest_route=%2Fwp%2Fv2%2Fmedia&parent=20221"}],"wp:term":[{"taxonomy":"category","embeddable":true,"href":"https:\/\/www.invarena.cz\/index.php?rest_route=%2Fwp%2Fv2%2Fcategories&post=20221"},{"taxonomy":"post_tag","embeddable":true,"href":"https:\/\/www.invarena.cz\/index.php?rest_route=%2Fwp%2Fv2%2Ftags&post=20221"}],"curies":[{"name":"wp","href":"https:\/\/api.w.org\/{rel}","templated":true}]}}