{"id":20241,"date":"2015-03-04T00:26:59","date_gmt":"2015-03-03T23:26:59","guid":{"rendered":"http:\/\/www.invarena.cz\/?p=20241"},"modified":"2015-03-04T10:07:34","modified_gmt":"2015-03-04T09:07:34","slug":"mpsv-zadate-o-prispevek-na-zvlastni-pomucku-pozor-na-novy-zakonik","status":"publish","type":"post","link":"https:\/\/www.invarena.cz\/?p=20241","title":{"rendered":"MPSV: \u017d\u00e1d\u00e1te o p\u0159\u00edsp\u011bvek na zvl\u00e1\u0161tn\u00ed pom\u016fcku? Pozor na Nov\u00fd z\u00e1kon\u00edk"},"content":{"rendered":"<p><strong>P\u0159\u00edsp\u011bvek na zvl\u00e1\u0161tn\u00ed pom\u016fcku je jednou z d\u00e1vek, kter\u00fdmi st\u00e1t pom\u00e1h\u00e1 osob\u00e1m se zdravotn\u00edm posti\u017een\u00edm. V tomto p\u0159\u00edpad\u011b p\u0159isp\u00edv\u00e1 na po\u0159\u00edzen\u00ed pom\u016fcky, kterou pot\u0159ebuj\u00ed nap\u0159\u00edklad k z\u00edsk\u00e1v\u00e1n\u00ed informac\u00ed, styku s okol\u00edm nebo je\u017e by jim umo\u017enila sebeobsluhu.<\/strong><!--more--><\/p>\n<p>Ministerstvo pr\u00e1ce a soci\u00e1ln\u00edch v\u011bc\u00ed nyn\u00ed upozor\u0148uje na n\u011bkter\u00e1 ustanoven\u00ed nov\u00e9ho ob\u010dansk\u00e9ho z\u00e1kon\u00edku, kter\u00fdm je pot\u0159eba v\u011bnovat pozornost.<\/p>\n<p>Rodi\u010d\u016fm d\u011bt\u00ed se zdravotn\u00edm posti\u017een\u00edm a rodin\u00e1m osob s omezenou sv\u00e9pr\u00e1vnost\u00ed ministerstvo doporu\u010duje, aby v\u011bnovali ob\u010dansk\u00e9mu z\u00e1kon\u00edku a z n\u011bj vypl\u00fdvaj\u00edc\u00edm povinnostem pozornost. &#8222;Vyvaruj\u00ed se tak p\u0159\u00edpadn\u00fdm obt\u00ed\u017e\u00edm p\u0159i zastupov\u00e1n\u00ed d\u00edt\u011bte nebo osoby s omezenou sv\u00e9pr\u00e1vnost\u00ed, p\u0159i koupi n\u00e1kladn\u00fdch pom\u016fcek, p\u0159i spravov\u00e1n\u00ed jejich jm\u011bn\u00ed a p\u0159i pln\u011bn\u00ed n\u011bkter\u00fdch povinnost\u00ed, kter\u00e9 stanov\u00ed z\u00e1kon o poskytov\u00e1n\u00ed d\u00e1vek osob\u00e1m se zdravotn\u00edm posti\u017een\u00edm,&#8220; uvedla \u0159editelka odboru soci\u00e1ln\u00ed a rodinn\u00e9 politiky Kate\u0159ina Jirkov\u00e1.<\/p>\n<p>P\u0159\u00edsp\u011bvek na zvl\u00e1\u0161tn\u00ed pom\u016fcku reaguje na speci\u00e1ln\u00ed pot\u0159eby osoby se zdravotn\u00edm posti\u017een\u00edm, je tedy jej\u00edm n\u00e1rokem, nikoliv n\u00e1rokem rodi\u010de nezletil\u00e9ho d\u00edt\u011bte \u010di opatrovn\u00edka osoby. M\u016f\u017ee j\u00edt i o velmi drah\u00e9 pom\u016fcky, \u010demu\u017e odpov\u00edd\u00e1 i maxim\u00e1ln\u00ed v\u00fd\u0161e d\u00e1vky, kter\u00e1 \u010din\u00ed 400 000 K\u010d. Z\u00e1kon o poskytov\u00e1n\u00ed d\u00e1vek osob\u00e1m se zdravotn\u00edm posti\u017een\u00edm mimo jin\u00e9 po\u017eaduje, aby se osoba se zdravotn\u00edm posti\u017een\u00edm stala vlastn\u00edkem pom\u016fcky, vyu\u017e\u00edvala j\u00ed apod. Pokud se tak nestane, m\u00e1 povinnost poskytnutou d\u00e1vku nebo jej\u00ed \u010d\u00e1st vr\u00e1tit. Nov\u00fd ob\u010dansk\u00fd z\u00e1kon\u00edk zm\u011bnil mnoh\u00e9 soukromopr\u00e1vn\u00ed vztahy, v\u010detn\u011b t\u011bch, kter\u00e9 zasahuj\u00ed rodinu.<\/p>\n<p>Pokud jde o pr\u00e1vn\u00ed jedn\u00e1n\u00ed t\u00fdkaj\u00edc\u00ed se jm\u011bn\u00ed d\u00edt\u011bte (motorov\u00e9 vozidlo, schodolez \u010di jin\u00e1 pom\u016fcka, v souvislosti s kterou je \u017e\u00e1d\u00e1no o p\u0159\u00edsp\u011bvek na zvl\u00e1\u0161tn\u00ed pom\u016fcku, p\u0159edstavuje jm\u011bn\u00ed d\u00edt\u011bte), pot\u0159ebuj\u00ed rodi\u010de souhlas soudu. V\u00fdjimkou jsou b\u011b\u017en\u00e9 z\u00e1le\u017eitosti, nebo z\u00e1le\u017eitosti sice v\u00fdjime\u010dn\u00e9, ale zanedbateln\u00e9 majetkov\u00e9 hodnoty, tam souhlas soudu nen\u00ed t\u0159eba. &#8222;Vz\u00e1jemn\u00e1 komunikace rodi\u010d\u016f a \u00da\u0159adu pr\u00e1ce m\u016f\u017ee vzniku \u0159ady probl\u00e9m\u016f zabr\u00e1nit \u010di obt\u00ed\u017ee minimalizovat, nap\u0159\u00edklad vhodn\u00fdm stanoven\u00edm lh\u016fty, ve kter\u00e9 je osoba povinna pom\u016fcku po\u0159\u00eddit,&#8220; uvedla Kate\u0159ina Jirkov\u00e1. V souvislosti s p\u0159\u00edsp\u011bvkem na zvl\u00e1\u0161tn\u00ed pom\u016fcku na po\u0159\u00edzen\u00ed motorov\u00e9ho vozidla ministerstvo p\u0159ipom\u00edn\u00e1 smutnou skute\u010dnost, \u017ee odcizen\u00ed vozidla, p\u0159\u00edpadn\u011b jeho po\u0161kozen\u00ed, se nevyh\u00fdb\u00e1 ani t\u011bm, kte\u0159\u00ed si vozidlo po\u0159\u00eddili s p\u0159isp\u011bn\u00edm st\u00e1tu. Ji\u017e to, \u017ee nemohou vyu\u017e\u00edvat vozidlo, kter\u00e9 pot\u0159ebuj\u00ed, je velkou komplikac\u00ed, nadto se mus\u00ed vypo\u0159\u00e1dat i s dal\u0161\u00edmi dopady, nap\u0159\u00edklad s povinnost\u00ed vr\u00e1tit d\u00e1vku nebo jej\u00ed \u010d\u00e1st.<\/p>\n<p>V p\u0159\u00edpad\u011b, \u017ee dojde k odcizen\u00ed vozidla, osoba ho p\u0159estane pou\u017e\u00edvat. Nast\u00e1v\u00e1 tak jedna ze situac\u00ed, ve kter\u00e9 vznik\u00e1 povinnost vr\u00e1tit vyplacen\u00fd p\u0159\u00edsp\u011bvek na zvl\u00e1\u0161tn\u00ed pom\u016fcku, respektive jeho \u010d\u00e1st. V t\u011bchto p\u0159\u00edpadech ministerstvo doporu\u010duje sjedn\u00e1n\u00ed poji\u0161t\u011bn\u00ed pro p\u0159\u00edpad odcizen\u00ed a hav\u00e1rie. \u0158ada poji\u0161\u0165oven nab\u00edz\u00ed osob\u00e1m se zdravotn\u00edm posti\u017een\u00edm v oblasti poji\u0161t\u011bn\u00ed vozidel cenov\u011b zv\u00fdhodn\u011bn\u00e9 produkty. Pln\u011bn\u00ed z pojistn\u00e9 smlouvy pak umo\u017en\u00ed pln\u011b nebo \u010d\u00e1ste\u010dn\u011b uspokojit vzniklou povinnost a \u010derpat dal\u0161\u00ed d\u00e1vku.<\/p>\n<p>Z\u00e1kon o poskytov\u00e1n\u00ed d\u00e1vek osob\u00e1m se zdravotn\u00edm posti\u017een\u00edm po\u017eaduje vr\u00e1cen\u00ed d\u00e1vky v ur\u010dit\u00fdch situac\u00edch, nicm\u00e9n\u011b pamatuje na slo\u017eit\u00e9 nestandardn\u00ed situace. Krajsk\u00e1 pobo\u010dka \u00da\u0159adu pr\u00e1ce m\u016f\u017ee rozhodnout o prominut\u00ed povinnosti vr\u00e1tit p\u0159\u00edsp\u011bvek na zvl\u00e1\u0161tn\u00ed pom\u016fcku nebo jeho pom\u011brnou \u010d\u00e1st, shled\u00e1-li k takov\u00e9mu postupu d\u016fvody hodn\u00e9 zvl\u00e1\u0161tn\u00edho z\u0159etele.<\/p>\n<p>Parlamentn\u00ed listy<\/p>\n","protected":false},"excerpt":{"rendered":"<div class=\"mh-excerpt\"><p>P\u0159\u00edsp\u011bvek na zvl\u00e1\u0161tn\u00ed pom\u016fcku je jednou z d\u00e1vek, kter\u00fdmi st\u00e1t pom\u00e1h\u00e1 osob\u00e1m se zdravotn\u00edm posti\u017een\u00edm. V tomto p\u0159\u00edpad\u011b p\u0159isp\u00edv\u00e1 na po\u0159\u00edzen\u00ed pom\u016fcky, kterou pot\u0159ebuj\u00ed nap\u0159\u00edklad <a class=\"mh-excerpt-more\" href=\"https:\/\/www.invarena.cz\/?p=20241\" title=\"MPSV: \u017d\u00e1d\u00e1te o p\u0159\u00edsp\u011bvek na zvl\u00e1\u0161tn\u00ed pom\u016fcku? Pozor na Nov\u00fd z\u00e1kon\u00edk\">[&#8230;]<\/a><\/p>\n<\/div>","protected":false},"author":1,"featured_media":1015,"comment_status":"open","ping_status":"closed","sticky":false,"template":"","format":"standard","meta":{"footnotes":""},"categories":[9],"tags":[],"class_list":["post-20241","post","type-post","status-publish","format-standard","has-post-thumbnail","hentry","category-zpravy"],"_links":{"self":[{"href":"https:\/\/www.invarena.cz\/index.php?rest_route=\/wp\/v2\/posts\/20241","targetHints":{"allow":["GET"]}}],"collection":[{"href":"https:\/\/www.invarena.cz\/index.php?rest_route=\/wp\/v2\/posts"}],"about":[{"href":"https:\/\/www.invarena.cz\/index.php?rest_route=\/wp\/v2\/types\/post"}],"author":[{"embeddable":true,"href":"https:\/\/www.invarena.cz\/index.php?rest_route=\/wp\/v2\/users\/1"}],"replies":[{"embeddable":true,"href":"https:\/\/www.invarena.cz\/index.php?rest_route=%2Fwp%2Fv2%2Fcomments&post=20241"}],"version-history":[{"count":0,"href":"https:\/\/www.invarena.cz\/index.php?rest_route=\/wp\/v2\/posts\/20241\/revisions"}],"wp:featuredmedia":[{"embeddable":true,"href":"https:\/\/www.invarena.cz\/index.php?rest_route=\/wp\/v2\/media\/1015"}],"wp:attachment":[{"href":"https:\/\/www.invarena.cz\/index.php?rest_route=%2Fwp%2Fv2%2Fmedia&parent=20241"}],"wp:term":[{"taxonomy":"category","embeddable":true,"href":"https:\/\/www.invarena.cz\/index.php?rest_route=%2Fwp%2Fv2%2Fcategories&post=20241"},{"taxonomy":"post_tag","embeddable":true,"href":"https:\/\/www.invarena.cz\/index.php?rest_route=%2Fwp%2Fv2%2Ftags&post=20241"}],"curies":[{"name":"wp","href":"https:\/\/api.w.org\/{rel}","templated":true}]}}