{"id":20245,"date":"2015-03-04T10:34:01","date_gmt":"2015-03-04T09:34:01","guid":{"rendered":"http:\/\/www.invarena.cz\/?p=20245"},"modified":"2015-03-04T11:53:27","modified_gmt":"2015-03-04T10:53:27","slug":"poslanci-chteji-aby-stat-nesl-odpovednost-za-poskozeni-ockovanim","status":"publish","type":"post","link":"https:\/\/www.invarena.cz\/?p=20245","title":{"rendered":"Poslanci cht\u011bj\u00ed, aby st\u00e1t nesl odpov\u011bdnost za po\u0161kozen\u00ed o\u010dkov\u00e1n\u00edm"},"content":{"rendered":"<p><strong>St\u00e1t by m\u011bl n\u00e9st odpov\u011bdnost za v\u00e1\u017en\u00e9 po\u0161kozen\u00ed d\u011bt\u00ed o\u010dkov\u00e1n\u00edm a z\u00e1konem umo\u017enit o\u010dkov\u00e1n\u00ed d\u011bt\u00ed podle individu\u00e1ln\u00edho pl\u00e1nu, m\u00edn\u00ed poslanci TOP09..<\/strong><!--more--><\/p>\n<p>ilustra\u010dn\u00ed foto: Brian Hoskins sxc.hu<\/p>\n<p>\u010clenov\u00e9 poslaneck\u00e9ho klubu TOP 09 a Starostov\u00e9 Nina Nov\u00e1kov\u00e1 a Jan Farsk\u00fd p\u0159edlo\u017e\u00ed pozm\u011b\u0148ovac\u00ed n\u00e1vrh k novele z\u00e1kona o ochran\u011b ve\u0159ejn\u00e9ho zdrav\u00ed na jedn\u00e1n\u00ed Sn\u011bmovny 10. b\u0159ezna. Uvedli to na dne\u0161n\u00edm sn\u011bmovn\u00edm semin\u00e1\u0159i k o\u010dkov\u00e1n\u00ed, zru\u0161en\u00ed povinn\u00e9ho o\u010dkov\u00e1n\u00ed d\u011bt\u00ed po\u017eadovat nebudou.<br \/>\nDo z\u00e1kona cht\u011bj\u00ed poslanci doplnit i to, \u017ee d\u00edt\u011b m\u016f\u017ee b\u00fdt o\u010dkov\u00e1no \u0159\u00e1dn\u011b registrovanou alternativn\u00ed vakc\u00ednou a zdravotn\u00ed poji\u0161\u0165ovna ji uhrad\u00ed alespo\u0148 v t\u00e9 v\u00fd\u0161i, jakou d\u00e1 za vakc\u00ednu v povinn\u00e9m o\u010dkov\u00e1n\u00ed.<br \/>\nV \u010cesku jsou d\u011bti povinn\u011b o\u010dkov\u00e1ny proti dev\u00edti nemocem, v\u010detn\u011b nepovinn\u00fdch vakc\u00edn je to ro\u010dn\u011b zhruba milion d\u00e1vek. L\u00e9kov\u00fd \u00fastav m\u00e1 ro\u010dn\u011b hl\u00e1\u0161eno 500 a\u017e 600 m\u00edrn\u00fdch vedlej\u0161\u00edch \u00fa\u010dink\u016f, u \u010dty\u0159 a\u017e p\u011bti d\u011bt\u00ed v\u00e1\u017en\u00e9 n\u00e1sledky o\u010dkov\u00e1n\u00ed.<br \/>\nO\u010dkov\u00e1n\u00edm d\u011bt\u00ed se v t\u011bchto dnech zab\u00fdval \u00dastavn\u00ed soud. Potvrdil, \u017ee o\u010dkov\u00e1n\u00ed sm\u00ed nad\u00e1le z\u016fstat podm\u00ednkou pro p\u0159ijet\u00ed d\u00edt\u011bte do mate\u0159sk\u00e9 \u0161koly a \u017ee ministerstvo zdravotnictv\u00ed m\u016f\u017ee d\u00e1l ur\u010dovat vyhl\u00e1\u0161kou povinn\u00e9 vakc\u00edny. Vyzval ministerstvo, aby pracovalo na od\u0161kod\u011bn\u00ed pro ty, kdo jsou o\u010dkov\u00e1n\u00edm po\u0161kozeni. Hlavn\u00ed hygienik Vladim\u00edr Valenta \u010cTK \u0159ekl, \u017ee ministerstvo na tom za\u010dalo pracovat.<br \/>\n&#8222;Navrhujeme individu\u00e1ln\u00ed o\u010dkovac\u00ed pl\u00e1n. V\u00edme, \u017ee kdy\u017e je n\u011bco ve vyhl\u00e1\u0161ce, je to jen na dobr\u00e9 v\u016fli. Cht\u011bli bychom to ukotvit do z\u00e1kona jako variantu povinn\u00e9ho o\u010dkov\u00e1n\u00ed,&#8220; uvedla k pozm\u011b\u0148ovac\u00edmu n\u00e1vrhu Nov\u00e1kov\u00e1. Individu\u00e1ln\u00ed pl\u00e1n by umo\u017enil odli\u0161n\u00e9 term\u00edny vakcinace i volbu jin\u00e9 vakc\u00edny. &#8222;D\u011bti, kter\u00e9 by byly o\u010dkov\u00e1ny podle individu\u00e1ln\u00edho pl\u00e1nu, by byly pova\u017eov\u00e1ny p\u0159i p\u0159ij\u00edm\u00e1n\u00ed do mate\u0159sk\u00e9 \u0161koly za d\u011bti s \u0159\u00e1dn\u011b proveden\u00fdm povinn\u00fdm o\u010dkov\u00e1n\u00edm,&#8220; dodala.<br \/>\n&#8222;Cht\u011bli bychom, aby st\u00e1t p\u0159evzal zodpov\u011bdnost za z\u00e1va\u017en\u011bj\u0161\u00ed n\u00e1sledky o\u010dkov\u00e1n\u00ed, co\u017e dosud v\u016fbec neexistuje,&#8220; podpo\u0159ila poslaneck\u00fd n\u00e1vrh pr\u00e1vni\u010dka Ligy lidsk\u00fdch pr\u00e1v Zuzana Candigliota.<br \/>\nFarsk\u00fd i Candigliota kritizovali vysok\u00e9 pokuty, kter\u00e9 hroz\u00ed l\u00e9ka\u0159\u016fm, po\u0159adatel\u016fm pr\u00e1zdninov\u00fdch akc\u00ed, mate\u0159sk\u00fdm \u0161kol\u00e1m \u010di d\u011btsk\u00fdm klub\u016fm, pokud p\u0159ijmou neo\u010dkovan\u00e9 d\u00edt\u011b. &#8222;St\u00e1t m\u00edsto vysv\u011btlov\u00e1n\u00ed p\u0159\u00ednosu pokutuje a vy\u0159azuje neo\u010dkovan\u00e9, t\u00edm se proo\u010dkovanost nezv\u00fd\u0161\u00ed,&#8220; \u0159ekl Farsk\u00fd. Podle hlavn\u00edho hygienika je to nedorozum\u011bn\u00ed a sankce se naopak sni\u017euj\u00ed.<br \/>\nPodle epidemiolog\u016f je v \u010cesku o\u010dkov\u00e1no 95 procent d\u011bt\u00ed, podle Farsk\u00e9ho jich je \u010d\u00e1st o\u010dkov\u00e1na jen &#8222;na pap\u00ed\u0159e&#8220;, skute\u010dn\u011b je o\u010dkov\u00e1no jen 80 procent. Rodi\u010de o\u010dkov\u00e1n\u00ed odm\u00edtli a zfal\u0161ovali potvrzen\u00ed oni nebo jejich l\u00e9ka\u0159, \u0159ekl. Farsk\u00fd to pr\u00fd v\u00ed od l\u00e9ka\u0159\u016f.<br \/>\n&#8222;Poslaneck\u00fd n\u00e1vrh v\u00edt\u00e1me, bere v\u00edc v potaz pr\u00e1va rodi\u010d\u016f a d\u011bt\u00ed,&#8220; uvedla v diskusi \u0160\u00e1rka Kl\u00edmov\u00e1 za Evropskou unii \u017een.<br \/>\nDal\u0161\u00ed \u00fa\u010dastnice semin\u00e1\u0159e \u0159ekla, \u017ee 95 procent studi\u00ed o \u00fa\u010dinnosti a bezpe\u010dnosti vakc\u00edn financuj\u00ed v\u00fdrobci. Studie jsou podle n\u00ed nastaveny tak, aby nic nep\u0159\u00edzniv\u00e9ho nezjistily. Z nez\u00e1visl\u00fdch studi\u00ed podle n\u00ed vyplynulo, \u017ee o\u010dkovan\u00e9 d\u011bti maj\u00ed po\u0161kozenou imunitu a \u010dast\u011bji trp\u00ed nap\u0159\u00edklad alergiemi. &#8222;Vym\u011b\u0148ujeme ochranu p\u0159ed p\u00e1r nemocemi za celkov\u00e9 zdrav\u00ed d\u011bt\u00ed. V\u00edt\u00e1m n\u00e1vrh poslanc\u016f na alespo\u0148 postupnou zm\u011bnu, abychom vychov\u00e1vali zdravou generaci, a ne imunitn\u00ed mrz\u00e1ky,&#8220; \u0159ekla.<\/p>\n","protected":false},"excerpt":{"rendered":"<div class=\"mh-excerpt\"><p>St\u00e1t by m\u011bl n\u00e9st odpov\u011bdnost za v\u00e1\u017en\u00e9 po\u0161kozen\u00ed d\u011bt\u00ed o\u010dkov\u00e1n\u00edm a z\u00e1konem umo\u017enit o\u010dkov\u00e1n\u00ed d\u011bt\u00ed podle individu\u00e1ln\u00edho pl\u00e1nu, m\u00edn\u00ed poslanci TOP09..<\/p>\n<\/div>","protected":false},"author":1,"featured_media":14172,"comment_status":"open","ping_status":"closed","sticky":false,"template":"","format":"standard","meta":{"footnotes":""},"categories":[11],"tags":[],"class_list":["post-20245","post","type-post","status-publish","format-standard","has-post-thumbnail","hentry","category-zdravi"],"_links":{"self":[{"href":"https:\/\/www.invarena.cz\/index.php?rest_route=\/wp\/v2\/posts\/20245","targetHints":{"allow":["GET"]}}],"collection":[{"href":"https:\/\/www.invarena.cz\/index.php?rest_route=\/wp\/v2\/posts"}],"about":[{"href":"https:\/\/www.invarena.cz\/index.php?rest_route=\/wp\/v2\/types\/post"}],"author":[{"embeddable":true,"href":"https:\/\/www.invarena.cz\/index.php?rest_route=\/wp\/v2\/users\/1"}],"replies":[{"embeddable":true,"href":"https:\/\/www.invarena.cz\/index.php?rest_route=%2Fwp%2Fv2%2Fcomments&post=20245"}],"version-history":[{"count":0,"href":"https:\/\/www.invarena.cz\/index.php?rest_route=\/wp\/v2\/posts\/20245\/revisions"}],"wp:featuredmedia":[{"embeddable":true,"href":"https:\/\/www.invarena.cz\/index.php?rest_route=\/wp\/v2\/media\/14172"}],"wp:attachment":[{"href":"https:\/\/www.invarena.cz\/index.php?rest_route=%2Fwp%2Fv2%2Fmedia&parent=20245"}],"wp:term":[{"taxonomy":"category","embeddable":true,"href":"https:\/\/www.invarena.cz\/index.php?rest_route=%2Fwp%2Fv2%2Fcategories&post=20245"},{"taxonomy":"post_tag","embeddable":true,"href":"https:\/\/www.invarena.cz\/index.php?rest_route=%2Fwp%2Fv2%2Ftags&post=20245"}],"curies":[{"name":"wp","href":"https:\/\/api.w.org\/{rel}","templated":true}]}}