{"id":20246,"date":"2015-03-04T10:26:05","date_gmt":"2015-03-04T09:26:05","guid":{"rendered":"http:\/\/www.invarena.cz\/?p=20246"},"modified":"2015-03-04T12:09:30","modified_gmt":"2015-03-04T11:09:30","slug":"zaclenovani-romskych-deti-do-skol","status":"publish","type":"post","link":"https:\/\/www.invarena.cz\/?p=20246","title":{"rendered":"Za\u010dle\u0148uj\u00ed romsk\u00e9 d\u011bti do \u0161kol"},"content":{"rendered":"<p><strong>Vzd\u011bl\u00e1vat spole\u010dn\u011b d\u011bti z romsk\u00fdch rodin s t\u011bmi z majority. C\u00edl, kter\u00fd m\u00e1 projekt Vzd\u011bl\u00e1n\u00ed &#8211; z\u00e1klad \u017eivota. Zapojeno je do n\u011bj 5 ostravsk\u00fdch z\u00e1kladn\u00edch \u0161kol a n\u011bkolik \u0161kol mate\u0159sk\u00fdch. O tom, jak je to v Kanad\u011b, hovo\u0159il velvyslanec Otto Jel\u00ednek.<\/strong><!--more--><\/p>\n<p><strong>\u010cesk\u00e1 televize<\/strong><\/p>\n<p>Na Z\u00e1kladn\u00ed \u0161kole Vrchlick\u00e9ho se vzd\u011bl\u00e1v\u00e1 asi 400 d\u011bt\u00ed. \u010ctvrtina poch\u00e1z\u00ed ze soci\u00e1ln\u011b znev\u00fdhodn\u011bn\u00fdch rodin. Zapojen\u00ed mezi b\u011b\u017en\u00e9 \u0161kol\u00e1ky, takzvan\u00e1 inkluze, se tam da\u0159\u00ed a \u0161kola chce b\u00fdt p\u0159\u00edkladem pro ostatn\u00ed.<\/p>\n<p>V jedn\u00e9 \u0161kole u\u010d\u00ed Jarmila Rojkov\u00e1 u\u017e 41 let. V\u011bnuje se hlavn\u011b romsk\u00fdm d\u011btem a t\u011bm ze soci\u00e1ln\u011b znev\u00fdhodn\u011bn\u00e9ho prost\u0159ed\u00ed. Za svou pr\u00e1ci dostala p\u0159ed 3 lety jedno z nejpresti\u017en\u011bj\u0161\u00edch ocen\u011bn\u00ed pro u\u010ditele &#8211; medaili Jana Amose Komensk\u00e9ho.<\/p>\n<p>Na ka\u017ed\u00e9 d\u00edt\u011b podle n\u00ed plat\u00ed jin\u00e1 metoda. Je pot\u0159eba ji hledat a zkou\u0161et. A na t\u00e9to \u0161kole se to Jarmile Rojkov\u00e9 i jej\u00edm koleg\u016fm da\u0159\u00ed. Z t\u00e9m\u011b\u0159 400 d\u011bt\u00ed asi \u010dtvrtina poch\u00e1z\u00ed ze soci\u00e1ln\u011b znev\u00fdhodn\u011bn\u00fdch rodin, mnohdy romsk\u00fdch.<\/p>\n<p>\u0158adit tyto d\u011bti mezi b\u011b\u017en\u00e9 \u0161kol\u00e1ky m\u00e1 podle u\u010ditelek jednozna\u010dn\u011b smysl. Umo\u017en\u00ed jim to t\u0159eba s\u00e1hnout si na vy\u0161\u0161\u00ed vzd\u011bl\u00e1n\u00ed.<\/p>\n<p>V Ostrav\u011b se konal semin\u00e1\u0159 o inkluzivn\u00edm vzd\u011bl\u00e1v\u00e1n\u00ed Rom\u016f, kter\u00e9ho se \u00fa\u010dastnili pedagogi\u010dt\u00ed pracovn\u00edci i z\u00e1stupci ministerstva \u0161kolstv\u00ed. Akci financovalo velvyslanectv\u00ed Kanady a zah\u00e1jil ji <strong>kanadsk\u00fd velvyslanec Otto Jel\u00ednek<\/strong>.<\/p>\n<p><strong>Pane velvyslan\u010de, tak jak\u00e9 rozd\u00edly jsou mezi inkluzivn\u00edm vzd\u011bl\u00e1v\u00e1n\u00edm v Kanad\u011b a v \u010cesku a je jedn\u00edm z t\u011bch rozd\u00edl\u016f i mno\u017estv\u00ed financ\u00ed, jak jsme pr\u00e1v\u011b sly\u0161eli v report\u00e1\u017ei?<\/strong><\/p>\n<p>Otto JEL\u00cdNEK:<br \/>\nKanada je multikulturn\u00ed zem\u011b, nem\u00e1me mnoho probl\u00e9m\u016f, kter\u00e9 jsou, kter\u00e9 maj\u00ed souvislost s inkluzivn\u00edm vzd\u011bl\u00e1v\u00e1n\u00edm. A sna\u017e\u00edme se, aby d\u011bti, kter\u00e9 jsou ment\u00e1ln\u011b nebo zdravotn\u011b posti\u017een\u00e9, v\u017edycky m\u011bly mo\u017enost m\u00edt stejn\u00fd p\u0159\u00edstup k vzd\u011bl\u00e1n\u00ed jako v\u0161echny ostatn\u00ed d\u011bti a v\u017edycky se sna\u017e\u00edme o speci\u00e1ln\u00ed financov\u00e1n\u00ed, pokud je toto nutn\u00e9 pro dal\u0161\u00ed speci\u00e1ln\u00ed vzd\u011bl\u00e1v\u00e1n\u00ed.<br \/>\n<strong><br \/>\n:Kdo to speci\u00e1ln\u00ed financov\u00e1n\u00ed m\u00e1 na starosti. Vl\u00e1da nebo jednotliv\u00e9 kraje, \u00fazem\u00ed?<\/strong><\/p>\n<p>Otto JEL\u00cdNEK:<br \/>\nJsou to provincie, nejde o n\u00e1rodn\u00ed vl\u00e1du. Tak\u017ee tyto provin\u010dn\u00ed vl\u00e1dy jsou zodpov\u011bdn\u00e9 za vzd\u011bl\u00e1v\u00e1n\u00ed, ale vl\u00e1da zaji\u0161\u0165uje, \u017ee financov\u00e1n\u00ed tohoto multikulturn\u00edho vzd\u011bl\u00e1v\u00e1n\u00ed m\u00e1 pevn\u00e9 z\u00e1klady, tak\u017ee m\u016f\u017eeme st\u00e1le p\u0159esv\u011bd\u010dovat jednotliv\u00e9 provincie, aby dostate\u010dn\u011b financovaly toto vzd\u011bl\u00e1v\u00e1n\u00ed a v\u011bnovaly tomu \u0159\u00e1dnou pozornost. A v \u010cesk\u00e9 republice dodatek ke \u0161kolsk\u00e9mu z\u00e1konu, kter\u00fd byl v ned\u00e1vn\u00e9 dob\u011b p\u0159ijat, m\u016f\u017ee tak\u00e9 prosp\u011bt financov\u00e1n\u00ed tohoto vzd\u011bl\u00e1v\u00e1n\u00ed.<br \/>\n<strong><br \/>\nU\u017e jste to na\u010drtnul v t\u00e9 prvn\u00ed odpov\u011bdi, jak se tedy da\u0159\u00ed za\u010dle\u0148ovat men\u0161iny v Kanad\u011b?<\/strong><\/p>\n<p>Otto JEL\u00cdNEK<br \/>\nV\u00edte, my jsme, Kanada je stra\u0161n\u011b tolerantn\u00ed zem\u011b. Budu mluvit anglicky. Tak\u017ee Kanada je velmi tolerantn\u00ed zem\u011b, tak\u017ee pro n\u00e1s je velmi jednoduch\u00e9 toto implementovat. A sna\u017e\u00edme se, aby lid\u00e9 z cel\u00e9ho sv\u011bta byli u n\u00e1s v\u00edt\u00e1ni, mohli p\u0159in\u00e9st sv\u00e9 my\u0161lenky, tradice do Kanady a p\u0159edev\u0161\u00edm se st\u00e1vaj\u00ed Kana\u010fany. Tak\u017ee nen\u00ed to jen n\u011bjak\u00e1 miska, ve kter\u00e9 se v\u0161echno m\u00eds\u00ed, ale kanadsk\u00e9 my\u0161lenky, tradice, ne\u017e, ne\u017e n\u00e1bo\u017eenstv\u00ed, lid\u00e9 maj\u00ed p\u0159\u00edstup, stejn\u00fd p\u0159\u00edstup k t\u011bmto v\u011bcem, ale Kanada je v\u017edycky na prvn\u00edm m\u00edst\u011b.<\/p>\n<p><strong>:Pane velvyslan\u010de, d\u011bkuju v\u00e1m za rozhovor.<\/strong><\/p>\n","protected":false},"excerpt":{"rendered":"<div class=\"mh-excerpt\"><p>Vzd\u011bl\u00e1vat spole\u010dn\u011b d\u011bti z romsk\u00fdch rodin s t\u011bmi z majority. C\u00edl, kter\u00fd m\u00e1 projekt Vzd\u011bl\u00e1n\u00ed &#8211; z\u00e1klad \u017eivota. Zapojeno je do n\u011bj 5 ostravsk\u00fdch z\u00e1kladn\u00edch <a class=\"mh-excerpt-more\" href=\"https:\/\/www.invarena.cz\/?p=20246\" title=\"Za\u010dle\u0148uj\u00ed romsk\u00e9 d\u011bti do \u0161kol\">[&#8230;]<\/a><\/p>\n<\/div>","protected":false},"author":1,"featured_media":4903,"comment_status":"open","ping_status":"closed","sticky":false,"template":"","format":"standard","meta":{"footnotes":""},"categories":[9],"tags":[],"class_list":["post-20246","post","type-post","status-publish","format-standard","has-post-thumbnail","hentry","category-zpravy"],"_links":{"self":[{"href":"https:\/\/www.invarena.cz\/index.php?rest_route=\/wp\/v2\/posts\/20246","targetHints":{"allow":["GET"]}}],"collection":[{"href":"https:\/\/www.invarena.cz\/index.php?rest_route=\/wp\/v2\/posts"}],"about":[{"href":"https:\/\/www.invarena.cz\/index.php?rest_route=\/wp\/v2\/types\/post"}],"author":[{"embeddable":true,"href":"https:\/\/www.invarena.cz\/index.php?rest_route=\/wp\/v2\/users\/1"}],"replies":[{"embeddable":true,"href":"https:\/\/www.invarena.cz\/index.php?rest_route=%2Fwp%2Fv2%2Fcomments&post=20246"}],"version-history":[{"count":0,"href":"https:\/\/www.invarena.cz\/index.php?rest_route=\/wp\/v2\/posts\/20246\/revisions"}],"wp:featuredmedia":[{"embeddable":true,"href":"https:\/\/www.invarena.cz\/index.php?rest_route=\/wp\/v2\/media\/4903"}],"wp:attachment":[{"href":"https:\/\/www.invarena.cz\/index.php?rest_route=%2Fwp%2Fv2%2Fmedia&parent=20246"}],"wp:term":[{"taxonomy":"category","embeddable":true,"href":"https:\/\/www.invarena.cz\/index.php?rest_route=%2Fwp%2Fv2%2Fcategories&post=20246"},{"taxonomy":"post_tag","embeddable":true,"href":"https:\/\/www.invarena.cz\/index.php?rest_route=%2Fwp%2Fv2%2Ftags&post=20246"}],"curies":[{"name":"wp","href":"https:\/\/api.w.org\/{rel}","templated":true}]}}