{"id":20247,"date":"2015-03-04T10:30:38","date_gmt":"2015-03-04T09:30:38","guid":{"rendered":"http:\/\/www.invarena.cz\/?p=20247"},"modified":"2015-03-04T10:30:38","modified_gmt":"2015-03-04T09:30:38","slug":"zapis-hendikepovanych-studentu-na-stredni-prakticke-skoly-v-krnove","status":"publish","type":"post","link":"https:\/\/www.invarena.cz\/?p=20247","title":{"rendered":"Z\u00e1pis hendikepovan\u00fdch student\u016f na st\u0159edn\u00ed praktick\u00e9 \u0161koly v Krnov\u011b"},"content":{"rendered":"<p><strong>St\u0159edn\u00ed \u0161kola praktick\u00e1 v Krnov\u011b po\u0159\u00e1d\u00e1 den otev\u0159en\u00fdch dve\u0159\u00ed a z\u00e1rove\u0148 zapisuje nov\u00e9 \u017e\u00e1ky. Pedagogov\u00e9 ve \u0161kole u\u010d\u00ed \u017e\u00e1ky se speci\u00e1ln\u00edmi vzd\u011bl\u00e1vac\u00edmi pot\u0159ebami se st\u0159edn\u00edm a\u017e t\u011b\u017ek\u00fdm posti\u017een\u00edm. \u0160kola nab\u00edz\u00ed dva obory &#8211; jednolet\u00fd a dvoulet\u00fd. Od p\u0159\u00ed\u0161t\u00edho roku by m\u011bla b\u00fdt bezbari\u00e9rov\u00e1.<br \/>\n<\/strong><!--more--><\/p>\n<p>\u010cesk\u00e1 televize<\/p>\n<p>Vznikem st\u0159edn\u00ed \u0161koly praktick\u00e9 je tak nab\u00eddka vzd\u011bl\u00e1v\u00e1n\u00ed pro \u017e\u00e1ky se st\u0159edn\u011b t\u011b\u017ek\u00fdm a t\u011b\u017ek\u00fdm posti\u017een\u00edm nyn\u00ed kompletn\u00ed &#8211; od mate\u0159sk\u00e9 a\u017e po st\u0159edn\u00ed. Vznik takov\u00e9ho typu \u0161kol nav\u00edc podporuje i ministerstvo \u0161kolstv\u00ed.<\/p>\n<p>Kl\u00e1ra B\u00cdL\u00c1, mluv\u010d\u00ed, Ministerstvo \u0161kolstv\u00ed, ml\u00e1de\u017ee a t\u011blov\u00fdchovy \u010cR:  St\u0159edn\u00ed praktick\u00e9 \u0161koly zast\u00e1vaj\u00ed v r\u00e1mci \u010desk\u00e9ho vzd\u011bl\u00e1vac\u00edho syst\u00e9mu d\u016fle\u017eit\u00e9 m\u00edsto, pom\u00e1haj\u00ed toti\u017e absolvent\u016fm v uplatn\u011bn\u00ed v oblastech praktick\u00e9ho \u017eivota.<\/p>\n<p>Radovan VLADIK, \u0159editel Z\u0160, M\u0160, S\u0160 Slezsk\u00e9 Diakonie Krnov:   Nab\u00edz\u00edme student\u016fm s t\u011b\u017e\u0161\u00edmi formami posti\u017een\u00ed dal\u0161\u00ed v\u00fduku tak, aby nestagnovali, aby mohli nad\u00e1le rozv\u00edjet sv\u016fj potenci\u00e1l a na\u0161\u00ed v\u00fdchovou a vzd\u011bl\u00e1v\u00e1n\u00edm rozv\u00edjet jejich schopnosti.<\/p>\n<p>\u017d\u00e1ci jsou na \u0161kole rozd\u011bleni do dvou obor\u016f podle stupn\u011b sv\u00e9ho posti\u017een\u00ed. Ten jednolet\u00fd je ur\u010den pro t\u011b\u017e\u0161\u00ed posti\u017een\u00ed, \u017e\u00e1ci v n\u011bm v podstat\u011b pokra\u010duj\u00ed v u\u010den\u00ed dovednost\u00ed ze z\u00e1kladn\u00ed \u0161koly. A v tom dvoulet\u00e9m se krom\u011b toho u\u010d\u00ed r\u016fzn\u00e9 pracovn\u00ed dovednosti, kter\u00e9 jim do budoucna mohou pomoc naj\u00edt pr\u00e1ci.<\/p>\n<p>Nela WASSERBAUEROV\u00c1, u\u010ditelka:  Upev\u0148uj\u00ed si sebeobslu\u017en\u00e9 \u010dinnosti, pokra\u010duj\u00ed v nau\u010den\u00fdch dovednostech ze z\u00e1kladn\u00ed \u0161koly, vesm\u011bs speci\u00e1ln\u00ed a plus je\u0161t\u011b nau\u010d\u00ed se n\u011bjak\u00e9 pr\u00e1ce v dom\u00e1cnosti nav\u00edc, to znamen\u00e1, vys\u00e1v\u00e1n\u00ed vyt\u00edr\u00e1n\u00ed, v\u016fbec dan\u00ed pr\u00e1dla do pra\u010dky.<\/p>\n<p>Letos by tak\u00e9 m\u011bly prob\u011bhnout stavebn\u00ed \u00fapravy objektu \u0161koly, aby ji mohli nav\u0161t\u011bvovat tak\u00e9 imobiln\u00ed studenti. Vzd\u011bl\u00e1v\u00e1n\u00ed na \u0161kole je pak ukon\u010deno praktickou zkou\u0161kou a v\u0161ichni absolventi z\u00edskaj\u00ed vysv\u011bd\u010den\u00ed. <\/p>\n","protected":false},"excerpt":{"rendered":"<div class=\"mh-excerpt\"><p>St\u0159edn\u00ed \u0161kola praktick\u00e1 v Krnov\u011b po\u0159\u00e1d\u00e1 den otev\u0159en\u00fdch dve\u0159\u00ed a z\u00e1rove\u0148 zapisuje nov\u00e9 \u017e\u00e1ky. Pedagogov\u00e9 ve \u0161kole u\u010d\u00ed \u017e\u00e1ky se speci\u00e1ln\u00edmi vzd\u011bl\u00e1vac\u00edmi pot\u0159ebami se st\u0159edn\u00edm <a class=\"mh-excerpt-more\" href=\"https:\/\/www.invarena.cz\/?p=20247\" title=\"Z\u00e1pis hendikepovan\u00fdch student\u016f na st\u0159edn\u00ed praktick\u00e9 \u0161koly v Krnov\u011b\">[&#8230;]<\/a><\/p>\n<\/div>","protected":false},"author":1,"featured_media":0,"comment_status":"open","ping_status":"closed","sticky":false,"template":"","format":"standard","meta":{"footnotes":""},"categories":[9],"tags":[],"class_list":["post-20247","post","type-post","status-publish","format-standard","hentry","category-zpravy"],"_links":{"self":[{"href":"https:\/\/www.invarena.cz\/index.php?rest_route=\/wp\/v2\/posts\/20247","targetHints":{"allow":["GET"]}}],"collection":[{"href":"https:\/\/www.invarena.cz\/index.php?rest_route=\/wp\/v2\/posts"}],"about":[{"href":"https:\/\/www.invarena.cz\/index.php?rest_route=\/wp\/v2\/types\/post"}],"author":[{"embeddable":true,"href":"https:\/\/www.invarena.cz\/index.php?rest_route=\/wp\/v2\/users\/1"}],"replies":[{"embeddable":true,"href":"https:\/\/www.invarena.cz\/index.php?rest_route=%2Fwp%2Fv2%2Fcomments&post=20247"}],"version-history":[{"count":0,"href":"https:\/\/www.invarena.cz\/index.php?rest_route=\/wp\/v2\/posts\/20247\/revisions"}],"wp:attachment":[{"href":"https:\/\/www.invarena.cz\/index.php?rest_route=%2Fwp%2Fv2%2Fmedia&parent=20247"}],"wp:term":[{"taxonomy":"category","embeddable":true,"href":"https:\/\/www.invarena.cz\/index.php?rest_route=%2Fwp%2Fv2%2Fcategories&post=20247"},{"taxonomy":"post_tag","embeddable":true,"href":"https:\/\/www.invarena.cz\/index.php?rest_route=%2Fwp%2Fv2%2Ftags&post=20247"}],"curies":[{"name":"wp","href":"https:\/\/api.w.org\/{rel}","templated":true}]}}