{"id":20249,"date":"2015-03-04T12:11:02","date_gmt":"2015-03-04T11:11:02","guid":{"rendered":"http:\/\/www.invarena.cz\/?p=20249"},"modified":"2015-03-04T12:11:02","modified_gmt":"2015-03-04T11:11:02","slug":"lecba-konopim-bude-dostupnejsi-zrejme-uz-od-leta","status":"publish","type":"post","link":"https:\/\/www.invarena.cz\/?p=20249","title":{"rendered":"L\u00e9\u010dba konop\u00edm bude dostupn\u011bj\u0161\u00ed z\u0159ejm\u011b u\u017e od l\u00e9ta"},"content":{"rendered":"<p><strong>L\u00e9\u010dba konop\u00edm bude v \u010cesku dostupn\u011bj\u0161\u00ed z\u0159ejm\u011b u\u017e od l\u00e9ta. Ministr zdravotnictv\u00ed Svatopluk N\u011bme\u010dek (\u010cSSD) dnes uvedl, \u017ee zhruba od \u010dervna by mohla platit nov\u00e1 konopn\u00e1 vyhl\u00e1\u0161ka, kter\u00e1 roz\u0161\u00ed\u0159\u00ed spektrum povolen\u00fdch druh\u016f konop\u00ed a zv\u00fd\u0161\u00ed jeho limit pro pacienta z 30 na 180 gram\u016f.<\/strong> <!--more--><\/p>\n<p>foto: sxc.hu<\/p>\n<p>L\u00e9\u010dba konop\u00edm je v \u010cR leg\u00e1ln\u00ed od dubna 2013 na zm\u00edrn\u011bn\u00ed obt\u00ed\u017e\u00ed dosp\u011bl\u00fdch s rakovinou, roztrou\u0161enou skler\u00f3zou \u010di AIDS. V praxi se ale zat\u00edm t\u00e9m\u011b\u0159 neprov\u00e1d\u00ed. Na l\u00e9ka\u0159sk\u00fd recept si ho koupilo jen deset pacient\u016f, v\u011bt\u0161ina tak je d\u00e1l odk\u00e1z\u00e1na na \u010dern\u00fd trh \u010di vlastn\u00ed v\u00fdp\u011bstky.<br \/>\n&#8222;To, \u017ee podporujeme zp\u0159\u00edstupn\u011bn\u00ed konop\u00ed \u010desk\u00fdm pacient\u016fm, pat\u0159\u00ed mezi na\u0161e trval\u00e9 snahy u\u017e od n\u00e1stupu na ministerstvo zdravotnictv\u00ed. Te\u010f fini\u0161ujeme se zm\u011bnou konopn\u00e9 vyhl\u00e1\u0161ky a i z hlediska mezin\u00e1rodn\u00edch vztah\u016f se n\u00e1m poda\u0159ilo domluvit pom\u011brn\u011b \u00fazkou spolupr\u00e1ci s Izraelem, kde v tomto jsou velmi daleko,&#8220; \u0159ekl ministr. Dnes v Praze zah\u00e1jil \u010dty\u0159denn\u00ed konferenci zam\u011b\u0159enou na vzd\u011bl\u00e1v\u00e1n\u00ed l\u00e9ka\u0159\u016f o vyu\u017eit\u00ed l\u00e9\u010debn\u00e9ho konop\u00ed i modely zav\u00e1d\u011bn\u00ed t\u00e9to l\u00e9\u010dby v cizin\u011b.<br \/>\nNa vyu\u017eit\u00ed konop\u00ed k l\u00e9\u010db\u011b maj\u00ed \u010de\u0161t\u00ed l\u00e9ka\u0159i rozd\u00edln\u00e9 n\u00e1zory, n\u011bkte\u0159\u00ed ho podporuj\u00ed, jin\u00ed soud\u00ed, \u017ee maj\u00ed dostatek klasick\u00fdch l\u00e9\u010debn\u00fdch prost\u0159edk\u016f a konop\u00ed nepot\u0159ebuj\u00ed. Konop\u00ed je k dost\u00e1n\u00ed jen na elektronick\u00fd recept, pacienti si ho tedy bez l\u00e9ka\u0159sk\u00e9ho p\u0159edpisu v l\u00e9k\u00e1rn\u00e1ch koupit nemohou.<br \/>\nPodle ministra je odstup \u010desk\u00fdch l\u00e9ka\u0159\u016f d\u00e1n hlavn\u011b t\u00edm, \u017ee o t\u00e9to l\u00e9\u010db\u011b maj\u00ed m\u00e1lo informac\u00ed a nemaj\u00ed s n\u00ed \u017e\u00e1dn\u00e9 zku\u0161enosti. Dojednal proto p\u0159i sv\u00e9 cest\u011b do Izraele, \u017ee tam \u010de\u0161t\u00ed odborn\u00edci p\u0159ijedou na st\u00e1\u017e a nau\u010d\u00ed se, v jak\u00e9m d\u00e1vkov\u00e1n\u00ed a kter\u00fdm skupin\u00e1m pacient\u016f l\u00e9\u010debn\u00e9 konop\u00ed p\u0159edepisovat. Tyto znalosti pak budou p\u0159ed\u00e1vat koleg\u016fm v \u010cesku. &#8222;J\u00e1 si mysl\u00edm, \u017ee toto bude ten z\u00e1kladn\u00ed impuls, kter\u00fd umo\u017en\u00ed \u010desk\u00fdm zdravotn\u00edk\u016fm indikovat l\u00e9\u010debn\u00e9 konop\u00ed v mno\u017estv\u00ed a d\u00e1vkov\u00e1n\u00ed, jak pacienti budou pot\u0159ebovat,&#8220; shrnul ministr.<br \/>\nKonopn\u00e1 vyhl\u00e1\u0161ka je nyn\u00ed v p\u0159ipom\u00ednkov\u00e9m \u0159\u00edzen\u00ed, do dvou t\u00fddn\u016f by m\u011blo skon\u010dit. &#8222;Pak, proto\u017ee se zm\u011bnila pravidla z hlediska EU, mus\u00ed je\u0161t\u011b k notifikaci do Evropsk\u00e9 komise, co\u017e zabere tak dva m\u011bs\u00edce, od po\u010d\u00e1tku \u010dervna by mohla platit,&#8220; shrnul ministr.<br \/>\nDosavadn\u00ed vyhl\u00e1\u0161ka povoluje pouze jeden typ konop\u00ed, kter\u00fd dov\u00e1\u017e\u00ed do \u010ceska nizozemsk\u00e1 firma. Roz\u0161\u00ed\u0159en\u00edm typ\u016f bude mo\u017en\u00e9 dov\u00e1\u017eet ho tak\u00e9 z Izraele, pokud o to budou m\u00edt tamn\u00ed export\u00e9\u0159i z\u00e1jem. &#8222;Mysl\u00edm si, \u017ee konkurence je ur\u010dit\u011b dobr\u00e1, abychom dos\u00e1hli sn\u00ed\u017een\u00ed ceny,&#8220; shrnul ministr.<br \/>\nNa ulici, tedy na\u010derno, se gram konop\u00ed kupuje za 150 a\u017e 250 korun, v l\u00e9k\u00e1rn\u00e1ch je gram dov\u00e1\u017een\u00e9ho konop\u00ed za 320 korun. V \u010cesku u\u017e se uskute\u010dnil jeden tendr tak\u00e9 na dom\u00e1c\u00edho p\u011bstitele l\u00e9\u010debn\u00e9ho konop\u00ed, kter\u00fd nab\u00eddl v\u00fdrazn\u011b v\u00fdhodn\u011bj\u0161\u00ed cenu. &#8222;Za to u\u017e pro \u010d\u00e1st pacient\u016f m\u016f\u017ee b\u00fdt dostupn\u00e9,&#8220; dodal ministr. Pacientsk\u00fd spolek KOPAK prosazuje, aby l\u00e9\u010debn\u00e9 konop\u00ed hradily zdravotn\u00ed poji\u0161\u0165ovny p\u0159inejmen\u0161\u00edm &#8222;soci\u00e1ln\u011b slab\u00fdm&#8220;. Cht\u011bj\u00ed d\u00e1t podn\u011bt l\u00e9kov\u00e9mu \u00fastavu ke stanoven\u00ed \u00fahrad, co\u017e budou moci ud\u011blat, jakmile konopn\u00e1 vyhl\u00e1\u0161ka vyjde.<\/p>\n","protected":false},"excerpt":{"rendered":"<div class=\"mh-excerpt\"><p>L\u00e9\u010dba konop\u00edm bude v \u010cesku dostupn\u011bj\u0161\u00ed z\u0159ejm\u011b u\u017e od l\u00e9ta. Ministr zdravotnictv\u00ed Svatopluk N\u011bme\u010dek (\u010cSSD) dnes uvedl, \u017ee zhruba od \u010dervna by mohla platit nov\u00e1 <a class=\"mh-excerpt-more\" href=\"https:\/\/www.invarena.cz\/?p=20249\" title=\"L\u00e9\u010dba konop\u00edm bude dostupn\u011bj\u0161\u00ed z\u0159ejm\u011b u\u017e od l\u00e9ta\">[&#8230;]<\/a><\/p>\n<\/div>","protected":false},"author":1,"featured_media":15538,"comment_status":"open","ping_status":"closed","sticky":false,"template":"","format":"standard","meta":{"footnotes":""},"categories":[11],"tags":[],"class_list":["post-20249","post","type-post","status-publish","format-standard","has-post-thumbnail","hentry","category-zdravi"],"_links":{"self":[{"href":"https:\/\/www.invarena.cz\/index.php?rest_route=\/wp\/v2\/posts\/20249","targetHints":{"allow":["GET"]}}],"collection":[{"href":"https:\/\/www.invarena.cz\/index.php?rest_route=\/wp\/v2\/posts"}],"about":[{"href":"https:\/\/www.invarena.cz\/index.php?rest_route=\/wp\/v2\/types\/post"}],"author":[{"embeddable":true,"href":"https:\/\/www.invarena.cz\/index.php?rest_route=\/wp\/v2\/users\/1"}],"replies":[{"embeddable":true,"href":"https:\/\/www.invarena.cz\/index.php?rest_route=%2Fwp%2Fv2%2Fcomments&post=20249"}],"version-history":[{"count":0,"href":"https:\/\/www.invarena.cz\/index.php?rest_route=\/wp\/v2\/posts\/20249\/revisions"}],"wp:featuredmedia":[{"embeddable":true,"href":"https:\/\/www.invarena.cz\/index.php?rest_route=\/wp\/v2\/media\/15538"}],"wp:attachment":[{"href":"https:\/\/www.invarena.cz\/index.php?rest_route=%2Fwp%2Fv2%2Fmedia&parent=20249"}],"wp:term":[{"taxonomy":"category","embeddable":true,"href":"https:\/\/www.invarena.cz\/index.php?rest_route=%2Fwp%2Fv2%2Fcategories&post=20249"},{"taxonomy":"post_tag","embeddable":true,"href":"https:\/\/www.invarena.cz\/index.php?rest_route=%2Fwp%2Fv2%2Ftags&post=20249"}],"curies":[{"name":"wp","href":"https:\/\/api.w.org\/{rel}","templated":true}]}}