{"id":20253,"date":"2015-03-08T22:03:28","date_gmt":"2015-03-08T21:03:28","guid":{"rendered":"http:\/\/www.invarena.cz\/?p=20253"},"modified":"2015-03-08T22:03:28","modified_gmt":"2015-03-08T21:03:28","slug":"profesni-komora-socialnich-pracovniku-byla-hlavnim-tematem-seminare-v-poslanecke-snemovne","status":"publish","type":"post","link":"https:\/\/www.invarena.cz\/?p=20253","title":{"rendered":"Profesn\u00ed komora soci\u00e1ln\u00edch pracovn\u00edk\u016f byla hlavn\u00edm t\u00e9matem semin\u00e1\u0159e v Poslaneck\u00e9 sn\u011bmovn\u011b"},"content":{"rendered":"<p><strong>Dal\u0161\u00ed p\u0159\u00edle\u017eitost vyj\u00e1d\u0159it se k budouc\u00ed profesn\u00ed komo\u0159e m\u011bli soci\u00e1ln\u00ed pracovn\u00edci na semin\u00e1\u0159i, kter\u00fd se konal pod z\u00e1\u0161titou V\u00fdboru pro soci\u00e1ln\u00ed politiku Poslaneck\u00e9 sn\u011bmovny ve spolupr\u00e1ci s Ministerstvem pr\u00e1ce a soci\u00e1ln\u00edch v\u011bc\u00ed. Semin\u00e1\u0159 se uskute\u010dnil 3. b\u0159ezna 2015.<\/strong><!--more--><br \/>\n<!--more--><br \/>\n\u201eSemin\u00e1\u0159 plynule nav\u00e1zal na p\u0159edchoz\u00ed aktivity ministerstva v oblasti ve\u0159ejn\u00e9 debaty a konzultac\u00ed k tzv. profesn\u00edmu z\u00e1konu. P\u0159i odhadovan\u00e9m po\u010dtu 12 500 soci\u00e1ln\u00edch pracovn\u00edk\u016f v r\u00e1mci cel\u00e9 republiky mohu \u0159\u00edci, \u017ee se ji\u017e p\u0159\u00edmo aktivn\u011b zapojilo minim\u00e1ln\u011b 15 procent z nich,\u201c konstatovala Zuzana Jentschke St\u0151cklov\u00e1, n\u00e1m\u011bstkyn\u011b ministryn\u011b pr\u00e1ce a soci\u00e1ln\u00edch v\u011bc\u00ed. \u201eNed\u00e1vn\u00e9 medi\u00e1ln\u011b velmi diskutovan\u00e9 kauzy sv\u011bd\u010d\u00ed o aktu\u00e1lnosti diskuse k t\u00e9matu nositele odbornosti a etick\u00fdch norem v soci\u00e1ln\u00ed pr\u00e1ci,\u201c pokra\u010duje Jentschke St\u0151cklov\u00e1.<\/p>\n<p>Na semin\u00e1\u0159i dostali prostor pro vyj\u00e1d\u0159en\u00ed p\u0159edn\u00e1\u0161ej\u00edc\u00ed r\u016fzn\u00fdch n\u00e1zor\u016f. Vedle p\u0159\u00edsp\u011bvku p\u0159edkladatel\u016f budouc\u00edho v\u011bcn\u00e9ho z\u00e1m\u011bru z\u00e1kona se o zku\u0161enosti ze Slovenska pod\u011blil jeden ze spoluautor\u016f n\u00e1vrhu tamn\u00ed pr\u00e1vn\u00ed \u00fapravy Andrej M\u00e1tel z \u00dastavu soci\u00e1lnej pr\u00e1ce Vysok\u00e9 \u0161koly zdravotn\u00edctva a soci\u00e1lnej pr\u00e1ce sv. Al\u017ebety v Bratislave. Prostor pro prezentaci dostali z\u00e1stupci st\u00e1vaj\u00edc\u00edch profesn\u00edch sdru\u017een\u00ed soci\u00e1ln\u00edch pracovn\u00edk\u016f, z\u00e1stupci neziskov\u00fdch organizac\u00ed i soci\u00e1ln\u00ed pracovn\u00edci z praxe.<\/p>\n<p>\u201eSemin\u00e1\u0159 n\u00e1s utvrdil v n\u00e1zoru, \u017ee soci\u00e1ln\u00ed pracovn\u00edci novou pr\u00e1vn\u00ed \u00fapravu o\u010dek\u00e1vaj\u00ed a \u017ee jsou p\u0159ipraveni p\u0159evz\u00edt odpov\u011bdnost za svou profesi,\u201c dopl\u0148uje David Posp\u00ed\u0161il, \u0159editel odboru soci\u00e1ln\u00edch slu\u017eeb MPSV. \u201eJe d\u016fle\u017eit\u00e9 m\u00edt na pam\u011bti, \u017ee jde p\u0159edev\u0161\u00edm o klienty, ochranu jejich d\u016fstojnosti, o napl\u0148ov\u00e1n\u00ed jejich soci\u00e1ln\u00edch pr\u00e1v a ochranu p\u0159ed po\u0161kozov\u00e1n\u00edm neprofesion\u00e1ly. Sou\u010dasn\u011b je d\u016fle\u017eit\u00fd i etick\u00fd rozm\u011br v\u00fdkonu soci\u00e1ln\u00ed pr\u00e1ce. Dohled nad dodr\u017eov\u00e1n\u00edm etick\u00fdch princip\u016f nem\u016f\u017ee p\u0159eb\u00edrat st\u00e1t ani ob\u010dansk\u00e9 sdru\u017een\u00ed, mus\u00ed se jednat o pru\u017en\u00fd syst\u00e9m, kter\u00fd dok\u00e1\u017ee reagovat na aktu\u00e1ln\u00ed probl\u00e9my \u010desk\u00e9 spole\u010dnosti,\u201c uzav\u00edr\u00e1 Posp\u00ed\u0161il.<\/p>\n<p>Dle schv\u00e1len\u00e9ho Pl\u00e1nu legislativn\u00edch prac\u00ed vl\u00e1dy na rok 2015 m\u00e1 ministerstvo p\u0159edlo\u017eit Vl\u00e1d\u011b \u010cR v\u011bcn\u00fd z\u00e1m\u011br z\u00e1kona o soci\u00e1ln\u00edch pracovn\u00edc\u00edch, v jeho\u017e principech je ukotven vznik ve\u0159ejnopr\u00e1vn\u00ed profesn\u00ed komory, do konce \u010dervna 2015. Diskuse, kter\u00e9 se vedou a je\u0161t\u011b budou v\u00e9st, se d\u00e1le budou v\u011bnovat konkr\u00e9tn\u00ed podob\u011b, jakou by m\u011bl nebo mohl m\u00edt ji\u017e n\u00e1vrh paragrafovan\u00e9ho zn\u011bn\u00ed.<\/p>\n<p>Z\u00e1sadn\u00ed pro napln\u011bn\u00ed o\u010dek\u00e1v\u00e1n\u00ed a minimalizaci rizik v souvislosti s fungov\u00e1n\u00edm profesn\u00ed komory je v\u010dasn\u00e1 a kvalitn\u00ed p\u0159\u00edprava fungov\u00e1n\u00ed profesn\u00ed komory a spolupr\u00e1ce v\u0161ech dot\u010den\u00fdch subjekt\u016f, stejn\u011b jako slad\u011bn\u00ed s dal\u0161\u00edmi p\u0159ipravovan\u00fdmi novelami \u010di pr\u00e1vn\u00edmi \u00fapravami v soci\u00e1ln\u00ed oblasti.<\/p>\n<p>Petr Hab\u00e1\u0148<br \/>\ntiskov\u00fd mluv\u010d\u00ed MPSV<\/p>\n","protected":false},"excerpt":{"rendered":"<div class=\"mh-excerpt\"><p>Dal\u0161\u00ed p\u0159\u00edle\u017eitost vyj\u00e1d\u0159it se k budouc\u00ed profesn\u00ed komo\u0159e m\u011bli soci\u00e1ln\u00ed pracovn\u00edci na semin\u00e1\u0159i, kter\u00fd se konal pod z\u00e1\u0161titou V\u00fdboru pro soci\u00e1ln\u00ed politiku Poslaneck\u00e9 sn\u011bmovny ve <a class=\"mh-excerpt-more\" href=\"https:\/\/www.invarena.cz\/?p=20253\" title=\"Profesn\u00ed komora soci\u00e1ln\u00edch pracovn\u00edk\u016f byla hlavn\u00edm t\u00e9matem semin\u00e1\u0159e v Poslaneck\u00e9 sn\u011bmovn\u011b\">[&#8230;]<\/a><\/p>\n<\/div>","protected":false},"author":1,"featured_media":915,"comment_status":"open","ping_status":"closed","sticky":false,"template":"","format":"standard","meta":{"footnotes":""},"categories":[6],"tags":[],"class_list":["post-20253","post","type-post","status-publish","format-standard","has-post-thumbnail","hentry","category-politika"],"_links":{"self":[{"href":"https:\/\/www.invarena.cz\/index.php?rest_route=\/wp\/v2\/posts\/20253","targetHints":{"allow":["GET"]}}],"collection":[{"href":"https:\/\/www.invarena.cz\/index.php?rest_route=\/wp\/v2\/posts"}],"about":[{"href":"https:\/\/www.invarena.cz\/index.php?rest_route=\/wp\/v2\/types\/post"}],"author":[{"embeddable":true,"href":"https:\/\/www.invarena.cz\/index.php?rest_route=\/wp\/v2\/users\/1"}],"replies":[{"embeddable":true,"href":"https:\/\/www.invarena.cz\/index.php?rest_route=%2Fwp%2Fv2%2Fcomments&post=20253"}],"version-history":[{"count":0,"href":"https:\/\/www.invarena.cz\/index.php?rest_route=\/wp\/v2\/posts\/20253\/revisions"}],"wp:featuredmedia":[{"embeddable":true,"href":"https:\/\/www.invarena.cz\/index.php?rest_route=\/wp\/v2\/media\/915"}],"wp:attachment":[{"href":"https:\/\/www.invarena.cz\/index.php?rest_route=%2Fwp%2Fv2%2Fmedia&parent=20253"}],"wp:term":[{"taxonomy":"category","embeddable":true,"href":"https:\/\/www.invarena.cz\/index.php?rest_route=%2Fwp%2Fv2%2Fcategories&post=20253"},{"taxonomy":"post_tag","embeddable":true,"href":"https:\/\/www.invarena.cz\/index.php?rest_route=%2Fwp%2Fv2%2Ftags&post=20253"}],"curies":[{"name":"wp","href":"https:\/\/api.w.org\/{rel}","templated":true}]}}